{"id":1044,"date":"2015-05-03T23:19:34","date_gmt":"2015-05-03T23:19:34","guid":{"rendered":"http:\/\/podkarpacka.iarp.pl\/?p=1044"},"modified":"2015-10-03T23:24:33","modified_gmt":"2015-10-03T23:24:33","slug":"obchody-uroczystosci-3-go-maja-pkoia-i-sarp","status":"publish","type":"post","link":"https:\/\/podkarpacka.iarp.pl\/?p=1044","title":{"rendered":"Obchody Uroczysto\u015bci 3-go Maja PKOIA i SARP"},"content":{"rendered":"<p style=\"text-align: justify;\"><strong>Rzeszowscy architekci na uroczysto\u015bciach 3-go Maja w Rzeszowie \u2013 delegacje Podkarpackiej Okr\u0119gowej Izby Architekt\u00f3w RP oraz SARP oddzia\u0142 Rzesz\u00f3w.<\/strong><\/p>\n<blockquote><p>Konstytucja 3 maja, w\u0142a\u015bc. Ustawa Rz\u0105dowa z dnia 3 maja \u2013 uchwalona 3 maja 1791 roku ustawa reguluj\u0105ca ustr\u00f3j prawny Rzeczypospolitej Obojga Narod\u00f3w. Powszechnie przyjmuje si\u0119, \u017ce Konstytucja 3 maja by\u0142a pierwsz\u0105 w Europie i drug\u0105 na \u015bwiecie (po konstytucji ameryka\u0144skiej z 1787 r.) nowoczesn\u0105, spisan\u0105 konstytucj\u0105.<\/p>\n<p>Konstytucja 3 maja zosta\u0142a ustanowiona ustaw\u0105 rz\u0105dow\u0105 przyj\u0119t\u0105 tego dnia przez sejm. Zosta\u0142a zaprojektowana w celu zlikwidowania obecnych od dawna wad opartego na wolnej elekcji i demokracji szlacheckiej systemu politycznego Rzeczypospolitej Obojga Narod\u00f3w.<\/p><\/blockquote>\n<p><strong>Przedstawiciele PKOIA RP i SARP podczas sk\u0142adania wie\u0144c\u00f3w przed pomnikiem Tadeusza Ko\u015bciuszki.<\/strong><\/p>\n<p style=\"text-align: justify;\"><a href=\"http:\/\/projektyinfo.pl\/wp-content\/uploads\/2015\/07\/Swieto-3go-maja-wieniec-sklada-Izba-i-sarp-paniaga-2015-008.jpg\"><img loading=\"lazy\" decoding=\"async\" class=\"alignleft size-full wp-image-1052\" src=\"http:\/\/projektyinfo.pl\/wp-content\/uploads\/2015\/07\/Swieto-3go-maja-wieniec-sklada-Izba-i-sarp-paniaga-2015-007.jpg\" alt=\"Swieto-3go-maja-wieniec-sklada-Izba-i-sarp-paniaga-2015-007\" width=\"650\" height=\"432\" \/><img loading=\"lazy\" decoding=\"async\" class=\"alignleft size-full wp-image-1051\" src=\"http:\/\/projektyinfo.pl\/wp-content\/uploads\/2015\/07\/Swieto-3go-maja-wieniec-sklada-Izba-i-sarp-paniaga-2015-008.jpg\" alt=\"Swieto-3go-maja-wieniec-sklada-Izba-i-sarp-paniaga-2015-008\" width=\"650\" height=\"432\" \/><\/a> <a href=\"http:\/\/projektyinfo.pl\/wp-content\/uploads\/2015\/07\/Swieto-3go-maja-wieniec-sklada-Izba-i-sarp-paniaga-2015-003.jpg\"><img loading=\"lazy\" decoding=\"async\" class=\"alignleft size-full wp-image-1054\" src=\"http:\/\/projektyinfo.pl\/wp-content\/uploads\/2015\/07\/Swieto-3go-maja-wieniec-sklada-Izba-i-sarp-paniaga-2015-003.jpg\" alt=\"Swieto-3go-maja-wieniec-sklada-Izba-i-sarp-paniaga-2015-003\" width=\"650\" height=\"432\" \/><\/a> <a href=\"http:\/\/projektyinfo.pl\/wp-content\/uploads\/2015\/07\/Swieto-3go-maja-wieniec-sklada-Izba-i-sarp-paniaga-2015-004.jpg\"><img loading=\"lazy\" decoding=\"async\" class=\"alignleft size-full wp-image-1053\" src=\"http:\/\/projektyinfo.pl\/wp-content\/uploads\/2015\/07\/Swieto-3go-maja-wieniec-sklada-Izba-i-sarp-paniaga-2015-004.jpg\" alt=\"Swieto-3go-maja-wieniec-sklada-Izba-i-sarp-paniaga-2015-004\" width=\"650\" height=\"432\" \/><\/a><\/p>\n<p><a href=\"http:\/\/projektyinfo.pl\/wp-content\/uploads\/2015\/07\/Swieto-3go-maja-wieniec-sklada-Izba-i-sarp-paniaga-2015-004.jpg\"><br \/>\n<\/a><\/p>\n","protected":false},"excerpt":{"rendered":"<p>Rzeszowscy architekci na uroczysto\u015bciach 3-go Maja w Rzeszowie \u2013 delegacje Podkarpackiej Okr\u0119gowej Izby Architekt\u00f3w RP oraz SARP oddzia\u0142 Rzesz\u00f3w. Konstytucja 3 maja, w\u0142a\u015bc. Ustawa Rz\u0105dowa z dnia 3 maja \u2013 uchwalona 3 maja 1791 roku ustawa reguluj\u0105ca ustr\u00f3j prawny Rzeczypospolitej Obojga Narod\u00f3w. Powszechnie przyjmuje si\u0119, \u017ce Konstytucja 3 maja by\u0142a pierwsz\u0105 w Europie i drug\u0105 [&hellip;]<\/p>\n","protected":false},"author":7,"featured_media":1049,"comment_status":"closed","ping_status":"open","sticky":false,"template":"","format":"gallery","meta":{"footnotes":""},"categories":[55],"tags":[],"class_list":["post-1044","post","type-post","status-publish","format-gallery","has-post-thumbnail","hentry","category-wydarzenia","post_format-post-format-gallery"],"publishpress_future_action":{"enabled":false,"date":"2026-05-05 00:37:40","action":"change-status","newStatus":"draft","terms":[],"taxonomy":"category","extraData":[]},"publishpress_future_workflow_manual_trigger":{"enabledWorkflows":[]},"_links":{"self":[{"href":"https:\/\/podkarpacka.iarp.pl\/index.php?rest_route=\/wp\/v2\/posts\/1044","targetHints":{"allow":["GET"]}}],"collection":[{"href":"https:\/\/podkarpacka.iarp.pl\/index.php?rest_route=\/wp\/v2\/posts"}],"about":[{"href":"https:\/\/podkarpacka.iarp.pl\/index.php?rest_route=\/wp\/v2\/types\/post"}],"author":[{"embeddable":true,"href":"https:\/\/podkarpacka.iarp.pl\/index.php?rest_route=\/wp\/v2\/users\/7"}],"replies":[{"embeddable":true,"href":"https:\/\/podkarpacka.iarp.pl\/index.php?rest_route=%2Fwp%2Fv2%2Fcomments&post=1044"}],"version-history":[{"count":1,"href":"https:\/\/podkarpacka.iarp.pl\/index.php?rest_route=\/wp\/v2\/posts\/1044\/revisions"}],"predecessor-version":[{"id":1050,"href":"https:\/\/podkarpacka.iarp.pl\/index.php?rest_route=\/wp\/v2\/posts\/1044\/revisions\/1050"}],"wp:featuredmedia":[{"embeddable":true,"href":"https:\/\/podkarpacka.iarp.pl\/index.php?rest_route=\/wp\/v2\/media\/1049"}],"wp:attachment":[{"href":"https:\/\/podkarpacka.iarp.pl\/index.php?rest_route=%2Fwp%2Fv2%2Fmedia&parent=1044"}],"wp:term":[{"taxonomy":"category","embeddable":true,"href":"https:\/\/podkarpacka.iarp.pl\/index.php?rest_route=%2Fwp%2Fv2%2Fcategories&post=1044"},{"taxonomy":"post_tag","embeddable":true,"href":"https:\/\/podkarpacka.iarp.pl\/index.php?rest_route=%2Fwp%2Fv2%2Ftags&post=1044"}],"curies":[{"name":"wp","href":"https:\/\/api.w.org\/{rel}","templated":true}]}}