{"id":1100,"date":"2015-04-13T12:53:41","date_gmt":"2015-04-13T10:53:41","guid":{"rendered":"http:\/\/podkarpacka.iarp.pl\/?p=1100"},"modified":"2015-10-10T03:30:45","modified_gmt":"2015-10-10T01:30:45","slug":"ubezpieczenie-oc-czlonka-iarp-tylko-dwa-dni-na-wznowienie-obowiazkowego-ubezpieczenia","status":"publish","type":"post","link":"https:\/\/podkarpacka.iarp.pl\/?p=1100","title":{"rendered":"[Ubezpieczenie OC cz\u0142onka IARP] Tylko dwa dni na wznowienie obowi\u0105zkowego ubezpieczenia"},"content":{"rendered":"<p>Do jutra nale\u017cy wznowi\u0107 obowi\u0105zkowe OC cz\u0142onka IARP na rok 2015\/2016.<\/p>\n<p>Cz\u0142onek Izby, kt\u00f3ry do 14 kwietnia nie z\u0142o\u017cy wniosku, pozostanie bez ochrony ubezpieczeniowej. W przypadku wyst\u0105pienia szkody, straty b\u0119dzie musia\u0142 pokry\u0107 ze swojego maj\u0105tku.<\/p>\n<p>Jeszcze tylko przez dwa dni mo\u017cna korzysta\u0107 ze specjalnych warunk\u00f3w dla os\u00f3b prowadz\u0105cych jednoosobow\u0105 dzia\u0142alno\u015b\u0107 gospodarcz\u0105, kt\u00f3re staraniem IARP i iExpert.pl uda\u0142o si\u0119 wprowadzi\u0107 do umowy generalnej z PZU<\/p>\n<p>Do 14 kwietnia ka\u017cdy cz\u0142onek IARP, sk\u0142adaj\u0105c wniosek o zawarcie obowi\u0105zkowego ubezpieczenia OC, b\u0119dzie m\u00f3g\u0142 jednocze\u015bnie z\u0142o\u017cy\u0107 wniosek o ubezpieczenie OC pracowni architektonicznej \/ projektowej w wariancie act committed. Ubezpieczenie pracowni b\u0119dzie mo\u017cna zawrze\u0107 na wyj\u0105tkowo korzystnych warunkach &#8211; z rabatem w wysoko\u015bci 50%.<\/p>\n<p>Przypominamy, \u017ce tylko OC pracowni architektonicznej \/ projektowej gwarantuje skuteczn\u0105 ochron\u0119 w zakresie odpowiedzialno\u015bci za podwykonawc\u00f3w, kt\u00f3rej polisa obowi\u0105zkowa nie obejmuje.<\/p>\n<p>UWAGA. Zawarcie ubezpieczenia OC pracowni na promocyjnych warunkach, b\u0119dzie mo\u017cliwe wy\u0142\u0105cznie przy sk\u0142adaniu wniosku OC obowi\u0105zkowego.<\/p>\n<p>Dodatkowo ka\u017cdy architekt, kt\u00f3ry zdecyduje si\u0119 zawrze\u0107 OC pracowni na warunkach promocji otrzyma dodatkowe 15% rabatu na OC obowi\u0105zkowe. Na tym nie koniec, wybieraj\u0105c sum\u0119 gwarancyjn\u0105 OC Obowi\u0105zkowego wy\u017csz\u0105, ni\u017c przed rokiem, mo\u017cna liczy\u0107 jeszcze na 10% zni\u017cki. Suma rabat\u00f3w w OC obowi\u0105zkowym mo\u017ce wi\u0119c si\u0119gn\u0105\u0107 25%.<\/p>\n<p>By z\u0142o\u017cy\u0107 wniosek zaloguj si\u0119 do systemu IARP<\/p>\n<p>Ubezpieczenie dzia\u0142alno\u015bci zawodowej od odpowiedzialno\u015bci cywilnej jest ustawowym, corocznym obowi\u0105zkiem wszystkich os\u00f3b zrzeszonych w IARP. Obowi\u0105zek ten nale\u017cy spe\u0142ni\u0107 do 14 kwietnia br.<\/p>\n","protected":false},"excerpt":{"rendered":"<p>Do jutra nale\u017cy wznowi\u0107 obowi\u0105zkowe OC cz\u0142onka IARP na rok 2015\/2016. Cz\u0142onek Izby, kt\u00f3ry do 14 kwietnia nie z\u0142o\u017cy wniosku, pozostanie bez ochrony ubezpieczeniowej. W przypadku wyst\u0105pienia szkody, straty b\u0119dzie musia\u0142 pokry\u0107 ze swojego maj\u0105tku. Jeszcze tylko przez dwa dni mo\u017cna korzysta\u0107 ze specjalnych warunk\u00f3w dla os\u00f3b prowadz\u0105cych jednoosobow\u0105 dzia\u0142alno\u015b\u0107 gospodarcz\u0105, kt\u00f3re staraniem IARP i [&hellip;]<\/p>\n","protected":false},"author":7,"featured_media":856,"comment_status":"closed","ping_status":"open","sticky":false,"template":"","format":"gallery","meta":{"footnotes":""},"categories":[56],"tags":[],"class_list":["post-1100","post","type-post","status-publish","format-gallery","has-post-thumbnail","hentry","category-informacje-rady","post_format-post-format-gallery"],"publishpress_future_action":{"enabled":false,"date":"2026-05-05 00:39:00","action":"change-status","newStatus":"draft","terms":[],"taxonomy":"category","extraData":[]},"publishpress_future_workflow_manual_trigger":{"enabledWorkflows":[]},"_links":{"self":[{"href":"https:\/\/podkarpacka.iarp.pl\/index.php?rest_route=\/wp\/v2\/posts\/1100","targetHints":{"allow":["GET"]}}],"collection":[{"href":"https:\/\/podkarpacka.iarp.pl\/index.php?rest_route=\/wp\/v2\/posts"}],"about":[{"href":"https:\/\/podkarpacka.iarp.pl\/index.php?rest_route=\/wp\/v2\/types\/post"}],"author":[{"embeddable":true,"href":"https:\/\/podkarpacka.iarp.pl\/index.php?rest_route=\/wp\/v2\/users\/7"}],"replies":[{"embeddable":true,"href":"https:\/\/podkarpacka.iarp.pl\/index.php?rest_route=%2Fwp%2Fv2%2Fcomments&post=1100"}],"version-history":[{"count":8,"href":"https:\/\/podkarpacka.iarp.pl\/index.php?rest_route=\/wp\/v2\/posts\/1100\/revisions"}],"predecessor-version":[{"id":1121,"href":"https:\/\/podkarpacka.iarp.pl\/index.php?rest_route=\/wp\/v2\/posts\/1100\/revisions\/1121"}],"wp:featuredmedia":[{"embeddable":true,"href":"https:\/\/podkarpacka.iarp.pl\/index.php?rest_route=\/wp\/v2\/media\/856"}],"wp:attachment":[{"href":"https:\/\/podkarpacka.iarp.pl\/index.php?rest_route=%2Fwp%2Fv2%2Fmedia&parent=1100"}],"wp:term":[{"taxonomy":"category","embeddable":true,"href":"https:\/\/podkarpacka.iarp.pl\/index.php?rest_route=%2Fwp%2Fv2%2Fcategories&post=1100"},{"taxonomy":"post_tag","embeddable":true,"href":"https:\/\/podkarpacka.iarp.pl\/index.php?rest_route=%2Fwp%2Fv2%2Ftags&post=1100"}],"curies":[{"name":"wp","href":"https:\/\/api.w.org\/{rel}","templated":true}]}}