{"id":1110,"date":"2015-09-29T13:06:15","date_gmt":"2015-09-29T11:06:15","guid":{"rendered":"http:\/\/podkarpacka.iarp.pl\/?p=1110"},"modified":"2015-10-10T03:14:05","modified_gmt":"2015-10-10T01:14:05","slug":"miedz-w-architekturze-krakow","status":"publish","type":"post","link":"https:\/\/podkarpacka.iarp.pl\/?p=1110","title":{"rendered":"[09-10-2015] KONFERENCJA: MIED\u0179 W ARCHITEKTURZE &#8211; KRAK\u00d3W"},"content":{"rendered":"<h2><strong>9 pa\u017adziernika 2015 r., godz. 11.00<\/strong><br \/>\n<strong> Krak\u00f3w, Hotel Sheraton<\/strong><\/h2>\n<p><strong>Europejski Instytut Miedzi<\/strong> organizuje w Krakowie seminarium po\u015bwi\u0119cone miedzi w architekturze. Go\u015bciem specjalnym b\u0119dzie <strong>Oskar Gr\u0105bczewski, g\u0142\u00f3wny architekt Muzeum Ognia w \u017borach.<\/strong><\/p>\n<p>Spotkanie adresowane jest do architekt\u00f3w, designer\u00f3w, inwestor\u00f3w i wszystkich tych, kt\u00f3rzy interesuj\u0105 si\u0119 wsp\u00f3\u0142czesn\u0105 architektur\u0105. Seminarium b\u0119dzie mia\u0142o trzech panelist\u00f3w: Herberta Mocka z KME, czo\u0142owego producenta blachy miedzianej, Kazimierza Zakrzewskiego z Europejskiego Instytutu Miedzi, oraz Oskara Gr\u0105bczewskiego &#8211; g\u0142\u00f3wnego architekta Muzeum Ognia w \u017borach. Kazimierz Zakrzewski opowie o europejskim programie zastosowania miedzi w architekturze. Herbert Mock wyg\u0142osi wyk\u0142ad pt. \u201eMied\u017a w architekturze \u2013 nowe mo\u017cliwo\u015bci ponadczasowego materia\u0142u\u201d. Oskar Gr\u0105bczewski opowie o wykorzystaniu miedzi w budynku Muzeum Ognia w \u017borach.<\/p>\n<p><strong>Muzeum jest jedn\u0105 z ciekawszych w Polsce realizacji architektonicznych, w kt\u00f3rych zastosowano mied\u017a.<\/strong> Pawilon muzeum sk\u0142ada si\u0119 z trzech faluj\u0105cych \u015bcian po\u0142\u0105czonych przeszkleniami, kt\u00f3re uk\u0142adaj\u0105 si\u0119\u00a0w rze\u017abiarsk\u0105 kompozycj\u0119. Architekci Barbara i Oskar Gr\u0105bczewscy tak po\u0142amali, pofa\u0142dowali, wykrzywili i podci\u0119li jego bry\u0142\u0119, aby swoj\u0105 form\u0105 przypomina\u0142 p\u0142omienie. Wykonana z miedzi elewacja po\u0142yskuj\u0105c w s\u0142o\u0144cu ma sprawia\u0107 wra\u017cenie pal\u0105cego si\u0119 ognia. Dodatkowo, aby zabezpieczy\u0107 wypolerowan\u0105 i b\u0142yszcz\u0105c\u0105 powierzchni\u0119 przed patynowaniem, a w konsekwencji utrat\u0105 ognistego koloru, elewacj\u0119 pokryto specjalnym bezbarwnym lakierem.<\/p>\n<p><strong>Wst\u0119p na seminarium jest wolny i bezp\u0142atny, konieczne jest jednak potwierdzenie przybycia. <\/strong><\/p>\n<p>Organizatorzy prosz\u0105 o potwierdzenie obecno\u015bci telefoniczne (<strong>12 292 64 84<\/strong>) lub wysy\u0142aj\u0105c maila na adres:<strong> potwierdzenie@meetingfactory.com<\/strong><\/p>\n","protected":false},"excerpt":{"rendered":"<p>9 pa\u017adziernika 2015 r., godz. 11.00 Krak\u00f3w, Hotel Sheraton Europejski Instytut Miedzi organizuje w Krakowie seminarium po\u015bwi\u0119cone miedzi w architekturze. Go\u015bciem specjalnym b\u0119dzie Oskar Gr\u0105bczewski, g\u0142\u00f3wny architekt Muzeum Ognia w \u017borach. Spotkanie adresowane jest do architekt\u00f3w, designer\u00f3w, inwestor\u00f3w i wszystkich tych, kt\u00f3rzy interesuj\u0105 si\u0119 wsp\u00f3\u0142czesn\u0105 architektur\u0105. Seminarium b\u0119dzie mia\u0142o trzech panelist\u00f3w: Herberta Mocka z KME, [&hellip;]<\/p>\n","protected":false},"author":7,"featured_media":1109,"comment_status":"closed","ping_status":"open","sticky":false,"template":"","format":"standard","meta":{"footnotes":""},"categories":[61],"tags":[],"class_list":["post-1110","post","type-post","status-publish","format-standard","has-post-thumbnail","hentry","category-wystawy"],"publishpress_future_action":{"enabled":false,"date":"2026-05-05 00:37:32","action":"change-status","newStatus":"draft","terms":[],"taxonomy":"category","extraData":[]},"publishpress_future_workflow_manual_trigger":{"enabledWorkflows":[]},"_links":{"self":[{"href":"https:\/\/podkarpacka.iarp.pl\/index.php?rest_route=\/wp\/v2\/posts\/1110","targetHints":{"allow":["GET"]}}],"collection":[{"href":"https:\/\/podkarpacka.iarp.pl\/index.php?rest_route=\/wp\/v2\/posts"}],"about":[{"href":"https:\/\/podkarpacka.iarp.pl\/index.php?rest_route=\/wp\/v2\/types\/post"}],"author":[{"embeddable":true,"href":"https:\/\/podkarpacka.iarp.pl\/index.php?rest_route=\/wp\/v2\/users\/7"}],"replies":[{"embeddable":true,"href":"https:\/\/podkarpacka.iarp.pl\/index.php?rest_route=%2Fwp%2Fv2%2Fcomments&post=1110"}],"version-history":[{"count":4,"href":"https:\/\/podkarpacka.iarp.pl\/index.php?rest_route=\/wp\/v2\/posts\/1110\/revisions"}],"predecessor-version":[{"id":1114,"href":"https:\/\/podkarpacka.iarp.pl\/index.php?rest_route=\/wp\/v2\/posts\/1110\/revisions\/1114"}],"wp:featuredmedia":[{"embeddable":true,"href":"https:\/\/podkarpacka.iarp.pl\/index.php?rest_route=\/wp\/v2\/media\/1109"}],"wp:attachment":[{"href":"https:\/\/podkarpacka.iarp.pl\/index.php?rest_route=%2Fwp%2Fv2%2Fmedia&parent=1110"}],"wp:term":[{"taxonomy":"category","embeddable":true,"href":"https:\/\/podkarpacka.iarp.pl\/index.php?rest_route=%2Fwp%2Fv2%2Fcategories&post=1110"},{"taxonomy":"post_tag","embeddable":true,"href":"https:\/\/podkarpacka.iarp.pl\/index.php?rest_route=%2Fwp%2Fv2%2Ftags&post=1110"}],"curies":[{"name":"wp","href":"https:\/\/api.w.org\/{rel}","templated":true}]}}