{"id":1117,"date":"2015-09-14T13:18:38","date_gmt":"2015-09-14T11:18:38","guid":{"rendered":"http:\/\/podkarpacka.iarp.pl\/?p=1117"},"modified":"2015-10-20T19:12:18","modified_gmt":"2015-10-20T17:12:18","slug":"25-27-wrzesnia-7-dni-skupienia-architektow","status":"publish","type":"post","link":"https:\/\/podkarpacka.iarp.pl\/?p=1117","title":{"rendered":"7 Dni Skupienia Architekt\u00f3w &#8211; 25-27 wrze\u015bnia"},"content":{"rendered":"<h2>Jesienne Dni Skupienia Architekt\u00f3w odb\u0119d\u0105 si\u0119 w dn. 25-27 wrze\u015bnia 2015.<\/h2>\n<p><strong>Szanowne Kole\u017canki, Szanowni Koledzy<\/strong><\/p>\n<p>Zapraszamy Was serdecznie do udzia\u0142u w jesiennych Dniach Skupienia Architekt\u00f3w. <strong>Odb\u0119d\u0105 si\u0119 one w dniach 25-27 wrze\u015bnia jak zwykle w Gr\u00f3dku nad Dunajcem<\/strong>.<\/p>\n<p>Jest to nasze 7 spotkanie, ma wi\u0119c ju\u017c swoj\u0105 tradycj\u0119 i sta\u0142ych uczestnik\u00f3w z ca\u0142ej Polski (a nawet spoza jej granic). Spotykamy si\u0119 tam w gronie architekt\u00f3w ale nie tylko \u2013 do\u0142\u0105czyli do nas przyjaciele i cz\u0142onkowie naszych rodzin. Zapewniamy serdeczn\u0105 atmosfer\u0119 w\u015br\u00f3d pi\u0119knych widok\u00f3w Zalewu Ro\u017cnowskiego. Znajdziecie tu czas na skupienie i modlitw\u0119 ale tak\u017ce na relaks i rozmow\u0119.<\/p>\n<p>Architekci z ca\u0142ej Polski spotkaj\u0105 si\u0119 25 wrze\u015bnia, jak co roku, w Centrum Formacyjno-Rekolekcyjnym Diecezji Tarnowskiej \u201eArka\u201d w Gr\u00f3dku n\/Dunajcem.<\/p>\n<p>Wszelkie zg\u0142oszenia, zapytania prosimy kierowa\u0107 na jeden z poni\u017cej podanych adres\u00f3w:<br \/>\n<strong>Centrum Formacyjno &#8211; Rekolekcyjne Diecezji Tarnowskiej ARKA<\/strong><br \/>\n33-318 Gr\u00f3dek nad Dunajcem 153<br \/>\ntel. (004818) 440 13 00<br \/>\n+48 605 088 112<br \/>\n+48 606 807 407<br \/>\ntel.\/fax: (004818) 440 12 02<br \/>\ne-mail:\u00a0 <a href=\"mailto:info@cfr-arka.pl\">info@cfr-arka.pl<\/a><\/p>\n<p><strong>Informacji pod numerami kom\u00f3rkowymi udzielane s\u0105 z wyj\u0105tkiem \u015bwi\u0105t i niedziel od godz. 8:00 do 20:00\u00a0lub +48 501 660 482 od 9.00 do 22.00<\/strong><\/p>\n<p>Wi\u0119cej informacji na stronie Ma\u0142opolskiej OIA:<\/p>\n<p><a href=\"http:\/\/www.mpoia.pl\/index.php\/mpoia\/informacje\/832-7-dsa-juz-we-wrzesniu\">http:\/\/www.mpoia.pl\/index.php\/mpoia\/informacje\/832-7-dsa-juz-we-wrzesniu<\/a><\/p>\n<p>lub na stronie Dni Skupienia Architekt\u00f3w: <a href=\"http:\/\/dsarch.pl\/\" target=\"_blank\">http:\/\/dsarch.pl\/<\/a><\/p>\n","protected":false},"excerpt":{"rendered":"<p>Jesienne Dni Skupienia Architekt\u00f3w odb\u0119d\u0105 si\u0119 w dn. 25-27 wrze\u015bnia 2015. Szanowne Kole\u017canki, Szanowni Koledzy Zapraszamy Was serdecznie do udzia\u0142u w jesiennych Dniach Skupienia Architekt\u00f3w. Odb\u0119d\u0105 si\u0119 one w dniach 25-27 wrze\u015bnia jak zwykle w Gr\u00f3dku nad Dunajcem. Jest to nasze 7 spotkanie, ma wi\u0119c ju\u017c swoj\u0105 tradycj\u0119 i sta\u0142ych uczestnik\u00f3w z ca\u0142ej Polski (a [&hellip;]<\/p>\n","protected":false},"author":7,"featured_media":1177,"comment_status":"closed","ping_status":"open","sticky":false,"template":"","format":"standard","meta":{"footnotes":""},"categories":[55],"tags":[],"class_list":["post-1117","post","type-post","status-publish","format-standard","has-post-thumbnail","hentry","category-wydarzenia"],"publishpress_future_action":{"enabled":false,"date":"2026-05-05 00:37:40","action":"change-status","newStatus":"draft","terms":[],"taxonomy":"category","extraData":[]},"publishpress_future_workflow_manual_trigger":{"enabledWorkflows":[]},"_links":{"self":[{"href":"https:\/\/podkarpacka.iarp.pl\/index.php?rest_route=\/wp\/v2\/posts\/1117","targetHints":{"allow":["GET"]}}],"collection":[{"href":"https:\/\/podkarpacka.iarp.pl\/index.php?rest_route=\/wp\/v2\/posts"}],"about":[{"href":"https:\/\/podkarpacka.iarp.pl\/index.php?rest_route=\/wp\/v2\/types\/post"}],"author":[{"embeddable":true,"href":"https:\/\/podkarpacka.iarp.pl\/index.php?rest_route=\/wp\/v2\/users\/7"}],"replies":[{"embeddable":true,"href":"https:\/\/podkarpacka.iarp.pl\/index.php?rest_route=%2Fwp%2Fv2%2Fcomments&post=1117"}],"version-history":[{"count":3,"href":"https:\/\/podkarpacka.iarp.pl\/index.php?rest_route=\/wp\/v2\/posts\/1117\/revisions"}],"predecessor-version":[{"id":1120,"href":"https:\/\/podkarpacka.iarp.pl\/index.php?rest_route=\/wp\/v2\/posts\/1117\/revisions\/1120"}],"wp:featuredmedia":[{"embeddable":true,"href":"https:\/\/podkarpacka.iarp.pl\/index.php?rest_route=\/wp\/v2\/media\/1177"}],"wp:attachment":[{"href":"https:\/\/podkarpacka.iarp.pl\/index.php?rest_route=%2Fwp%2Fv2%2Fmedia&parent=1117"}],"wp:term":[{"taxonomy":"category","embeddable":true,"href":"https:\/\/podkarpacka.iarp.pl\/index.php?rest_route=%2Fwp%2Fv2%2Fcategories&post=1117"},{"taxonomy":"post_tag","embeddable":true,"href":"https:\/\/podkarpacka.iarp.pl\/index.php?rest_route=%2Fwp%2Fv2%2Ftags&post=1117"}],"curies":[{"name":"wp","href":"https:\/\/api.w.org\/{rel}","templated":true}]}}