{"id":1123,"date":"2015-10-10T03:38:14","date_gmt":"2015-10-10T01:38:14","guid":{"rendered":"http:\/\/podkarpacka.iarp.pl\/?p=1123"},"modified":"2015-10-10T03:38:14","modified_gmt":"2015-10-10T01:38:14","slug":"miedzynarodowe-biennale-architektury-krakow-15-16-10-2015","status":"publish","type":"post","link":"https:\/\/podkarpacka.iarp.pl\/?p=1123","title":{"rendered":"MI\u0118DZYNARODOWE BIENNALE ARCHITEKTURY KRAK\u00d3W 15-16.10.2015"},"content":{"rendered":"<p>Szanowni Pa\u0144stwo<\/p>\n<p>Krakowski Oddzia\u0142 Stowarzyszenia Architekt\u00f3w Polskich ma zaszczyt zaprosi\u0107<\/p>\n<p>na <strong>Mi\u0119dzynarodowe Biennale Architektury Krak\u00f3w 2015<\/strong><br \/>\n\u201eLudzki wymiar miejskich przestrzeni\u201d<\/p>\n<p>\u2022 <strong>Uroczysto\u015b\u0107 otwarcia MBA Krak\u00f3w 2015<\/strong><br \/>\nczwartek, 15 pa\u017adziernika 2015 o godz. 9:30<\/p>\n<p><strong>\u2022 Uroczysto\u015b\u0107 og\u0142oszenia wynik\u00f3w konkurs\u00f3w i wr\u0119czenia nagr\u00f3d regulaminowych oraz zako\u0144czenie MBA Krak\u00f3w 2015 wraz z koncertem Waits Tree <\/strong><br \/>\npi\u0105tek, 16 pa\u017adziernika 2015 o godz. 19:00<\/p>\n<p>Zapraszamy na wszystkie imprezy Mi\u0119dzynarodowego Biennale Architektury Krak\u00f3w 2015:<br \/>\n<strong>\u2022 Konferencja<\/strong> \u2013 \u201eWolny rynek \u2013 lepsze miasto?\u201d<br \/>\n\u2022 <strong>Seminaria<\/strong> \u2013 wyst\u0119py Uczestnik\u00f3w konkursu<br \/>\n\u2022 <strong>Wyk\u0142ady <\/strong>Juror\u00f3w i Go\u015bci Specjalnych<br \/>\n\u2022 <strong>Wystawy<\/strong> prac konkursowych oraz wystawy towarzysz\u0105ce<br \/>\nMBA jest imprez\u0105 cykliczn\u0105 odbywaj\u0105c\u0105 si\u0119 w Krakowie ju\u017c od 30 lat. Ka\u017cda kolejna edycja stanowi\u0142a niepowtarzalne forum wymiany pomys\u0142\u00f3w i do\u015bwiadcze\u0144 dla architekt\u00f3w z ca\u0142ego \u015bwiata. Towarzysz\u0105ce temu konkursy, wystawy, prezentacje i wyk\u0142ady s\u0105 unikaln\u0105 w tej cz\u0119\u015bci Europy atrakcj\u0105 dla wszystkich zwi\u0105zanych z architektur\u0105.\u00a0O wyj\u0105tkowo\u015bci tego wydarzenia kulturalnego stanowi r\u00f3wnie\u017c jego lokalizacja. Krak\u00f3w jest miastem rozpoznawalnym w ca\u0142ej Europie. Sukces ten zawdzi\u0119cza przede wszystkim dziedzictwu historycznemu, kt\u00f3rego najistotniejsz\u0105 cz\u0119\u015bci\u0105 jest architektura.<\/p>\n<p>To w\u0142a\u015bnie w tym mie\u015bcie dochodzi do ci\u0105g\u0142ej rywalizacji starego z nowym, historycznego ze wsp\u00f3\u0142czesnym, konserwatywnego z awangardowym. Dyskusja architektoniczna zdaje si\u0119 by\u0107 wpisana w sam\u0105 istot\u0119 miasta.\u00a0Tegoroczna edycja MBA, po\u015bwi\u0119cona zostanie problematyce miejskich przestrzeni i ich przyst\u0119pno\u015bci dla mieszka\u0144c\u00f3w. Stanowi okazj\u0119 do rozwini\u0119cia publicznego dyskursu, dotycz\u0105cego architektonicznych potrzeb Krakowa, uwzgl\u0119dniaj\u0105cych tak\u017ce troskliwe obej\u015bcie si\u0119 z jego niepowtarzaln\u0105, wyj\u0105tkow\u0105 histori\u0105 i bogatym architektonicznym dziedzictwem.<\/p>\n<p>Miejsce: <strong>Centrum Kongresowe ICE Krak\u00f3w, Sala Teatralna<\/strong>, ul. Marii Konopnickiej 17 w Krakowie.<\/p>\n<p><strong>W celu potwierdzenia uczestnictwa prosimy o dokonanie rejestracji:<\/strong> <strong><u><a href=\"http:\/\/mba2015.evenea.pl\/\">http:\/\/mba2015.evenea.pl <\/a><\/u><\/strong><a href=\"http:\/\/mba2015.evenea.pl\/\"><br \/>\n<\/a><\/p>\n<p>Stowarzyszenie Architekt\u00f3w Polskich Oddzia\u0142 Krak\u00f3w<\/p>\n<p>Pl. Szczepa\u0144ski 6, 31-011 Krak\u00f3w<\/p>\n<p>Tel: +48 12 422 75 40<\/p>\n<p><u><a href=\"http:\/\/www.sarp.krakow.pl\">www.sarp.krakow.pl<\/a><\/u><\/p>\n<p><u><a href=\"mailto:sarp@sarp.krakow.pl\">sarp@sarp.krakow.pl<\/a><\/u><\/p>\n<p>&nbsp;<\/p>\n","protected":false},"excerpt":{"rendered":"<p>Szanowni Pa\u0144stwo Krakowski Oddzia\u0142 Stowarzyszenia Architekt\u00f3w Polskich ma zaszczyt zaprosi\u0107 na Mi\u0119dzynarodowe Biennale Architektury Krak\u00f3w 2015 \u201eLudzki wymiar miejskich przestrzeni\u201d \u2022 Uroczysto\u015b\u0107 otwarcia MBA Krak\u00f3w 2015 czwartek, 15 pa\u017adziernika 2015 o godz. 9:30 \u2022 Uroczysto\u015b\u0107 og\u0142oszenia wynik\u00f3w konkurs\u00f3w i wr\u0119czenia nagr\u00f3d regulaminowych oraz zako\u0144czenie MBA Krak\u00f3w 2015 wraz z koncertem Waits Tree pi\u0105tek, 16 pa\u017adziernika [&hellip;]<\/p>\n","protected":false},"author":7,"featured_media":1124,"comment_status":"closed","ping_status":"open","sticky":false,"template":"","format":"gallery","meta":{"footnotes":""},"categories":[61],"tags":[],"class_list":["post-1123","post","type-post","status-publish","format-gallery","has-post-thumbnail","hentry","category-wystawy","post_format-post-format-gallery"],"publishpress_future_action":{"enabled":false,"date":"2026-05-05 00:35:59","action":"change-status","newStatus":"draft","terms":[],"taxonomy":"category","extraData":[]},"publishpress_future_workflow_manual_trigger":{"enabledWorkflows":[]},"_links":{"self":[{"href":"https:\/\/podkarpacka.iarp.pl\/index.php?rest_route=\/wp\/v2\/posts\/1123","targetHints":{"allow":["GET"]}}],"collection":[{"href":"https:\/\/podkarpacka.iarp.pl\/index.php?rest_route=\/wp\/v2\/posts"}],"about":[{"href":"https:\/\/podkarpacka.iarp.pl\/index.php?rest_route=\/wp\/v2\/types\/post"}],"author":[{"embeddable":true,"href":"https:\/\/podkarpacka.iarp.pl\/index.php?rest_route=\/wp\/v2\/users\/7"}],"replies":[{"embeddable":true,"href":"https:\/\/podkarpacka.iarp.pl\/index.php?rest_route=%2Fwp%2Fv2%2Fcomments&post=1123"}],"version-history":[{"count":2,"href":"https:\/\/podkarpacka.iarp.pl\/index.php?rest_route=\/wp\/v2\/posts\/1123\/revisions"}],"predecessor-version":[{"id":1126,"href":"https:\/\/podkarpacka.iarp.pl\/index.php?rest_route=\/wp\/v2\/posts\/1123\/revisions\/1126"}],"wp:featuredmedia":[{"embeddable":true,"href":"https:\/\/podkarpacka.iarp.pl\/index.php?rest_route=\/wp\/v2\/media\/1124"}],"wp:attachment":[{"href":"https:\/\/podkarpacka.iarp.pl\/index.php?rest_route=%2Fwp%2Fv2%2Fmedia&parent=1123"}],"wp:term":[{"taxonomy":"category","embeddable":true,"href":"https:\/\/podkarpacka.iarp.pl\/index.php?rest_route=%2Fwp%2Fv2%2Fcategories&post=1123"},{"taxonomy":"post_tag","embeddable":true,"href":"https:\/\/podkarpacka.iarp.pl\/index.php?rest_route=%2Fwp%2Fv2%2Ftags&post=1123"}],"curies":[{"name":"wp","href":"https:\/\/api.w.org\/{rel}","templated":true}]}}