{"id":1187,"date":"2015-10-31T10:57:24","date_gmt":"2015-10-31T08:57:24","guid":{"rendered":"http:\/\/podkarpacka.iarp.pl\/?p=1187"},"modified":"2016-09-28T18:54:41","modified_gmt":"2016-09-28T16:54:41","slug":"05-11-2015-archi-czwartki-inauguracja","status":"publish","type":"post","link":"https:\/\/podkarpacka.iarp.pl\/?p=1187","title":{"rendered":"[05.11.2015] ARCHI CZWARTKI 2015 &#8212; INAUGURACJA &#8212;     BLISKIE SPOTKANIA Z ARCHITEKTUR\u0104"},"content":{"rendered":"<h2 class=\"lead\"><strong><a href=\"https:\/\/podkarpacka.iarp.pl\/wp-content\/uploads\/2015\/11\/sarp-archiczwartki-2.jpg\" rel=\"attachment wp-att-1286\"><img loading=\"lazy\" decoding=\"async\" class=\"alignleft size-full wp-image-1286\" src=\"https:\/\/podkarpacka.iarp.pl\/wp-content\/uploads\/2015\/11\/sarp-archiczwartki-2.jpg\" alt=\"sarp archiczwartki 2\" width=\"344\" height=\"228\" srcset=\"https:\/\/podkarpacka.iarp.pl\/wp-content\/uploads\/2015\/11\/sarp-archiczwartki-2.jpg 344w, https:\/\/podkarpacka.iarp.pl\/wp-content\/uploads\/2015\/11\/sarp-archiczwartki-2-300x199.jpg 300w\" sizes=\"auto, (max-width: 344px) 100vw, 344px\" \/><\/a>Termin wydarzenia: 05-11-2015<\/strong><\/h2>\n<p class=\"lead\"><strong>Miejsce: Rzesz\u00f3w, Rynek 8 (siedziba SARP RZESZ\u00d3W)<\/strong><\/p>\n<div class=\"lead\">\n<div class=\"lead\" style=\"text-align: justify;\">\n<hr \/>\n<h3><span style=\"color: #333333;\"><strong>BLISKIE SPOTKANIA Z ARCHITEKTUR\u0104<\/strong><\/span><\/h3>\n<\/div>\n<\/div>\n<div style=\"text-align: justify;\">\n<hr \/>\n<h4><strong>\u00a0Rozpocz\u0119cie: 18:00<\/strong><\/h4>\n<hr \/>\n<\/div>\n<div class=\"row-fluid agenda\" style=\"text-align: justify;\"><\/div>\n<h4>W imieniu SARP oddzia\u0142 w Rzeszowie, z<strong>apraszamy serdecznie wszystkich architekt\u00f3w PKOIA RP i cz\u0142onk\u00f3w SARP na wyj\u0105tkowe wydarzenie, inauguracj\u0119 cyklicznych spotka\u0144 czwartkowych z architektur\u0105. Ka\u017cdego miesi\u0105ca, w pierwszy czwartek zapraszamy do wsp\u00f3lnego spotkania, lepszego poznania si\u0119. \u00a0\u00a0<\/strong><\/h4>\n<p style=\"text-align: justify;\">Spotykamy si\u0119 w naszym oddziale (Rzesz\u00f3w, Rynek 8).<\/p>\n<h3><strong>Go\u015b\u0107 specjalny \u00a0arch. Zbyszek Ma\u0107k\u00f3w. <\/strong><\/h3>\n<h5 style=\"text-align: justify;\"><strong>Autor wielu znakomitych realizacji, laureat wielu nagr\u00f3d w konkursach.<\/strong><\/h5>\n<h5>Prezes Dolno\u015bl\u0105skiej Okr\u0119gowej Izby Architekt\u00f3w. Od 1995r. prowadzi autorskie biuro Ma\u0107k\u00f3w Pracownia Projektowa, obecnie jedno z najwi\u0119kszych we Wroc\u0142awiu.\u00a0<span style=\"font-size: 16px; line-height: 1.5;\">\u00a0Projekty autorstwa MPP by\u0142y wielokrotnie nagradzane w og\u00f3lnopolskich i mi\u0119dzynarodowych konkursach (m.in. Leonardo na III Mi\u0119dzynarodowym Biennale Architektury w Mi\u0144sku, nagrody SARP) i prezentowane na wystawach (Muzeum Architektury we Wroc\u0142awiu, Royal Institute of British Architects w Londynie, Muzeum Manggha w Krakowie, ArchitectureWeek w Pradze i Ostrawie itd.).<\/span><\/h5>\n<h5>Za projekt zrealizowanego w 2012 roku Zintegrowanego W\u0119z\u0142a Przesiadkowego przy Stadionie Miejskim MPP, Ma\u0107k\u00f3w Pracownia Projektowa zosta\u0142a nominowana do Nagrody im. Ludwiga Mies van der Rohe.<\/h5>\n<p><strong>Wydarzenie: <a href=\"https:\/\/www.facebook.com\/events\/642220162585077\/\">https:\/\/www.facebook.com\/events\/642220162585077\/<\/a><\/strong><\/p>\n<p><a href=\"https:\/\/podkarpacka.iarp.pl\/wp-content\/uploads\/2015\/11\/archiczwartki-plakat-sarp-.jpg\"><img loading=\"lazy\" decoding=\"async\" class=\"alignleft size-full wp-image-1190\" src=\"https:\/\/podkarpacka.iarp.pl\/wp-content\/uploads\/2015\/11\/archiczwartki-plakat-sarp-.jpg\" alt=\"archiczwartki plakat sarp\" width=\"770\" height=\"1120\" srcset=\"https:\/\/podkarpacka.iarp.pl\/wp-content\/uploads\/2015\/11\/archiczwartki-plakat-sarp-.jpg 770w, https:\/\/podkarpacka.iarp.pl\/wp-content\/uploads\/2015\/11\/archiczwartki-plakat-sarp--206x300.jpg 206w, https:\/\/podkarpacka.iarp.pl\/wp-content\/uploads\/2015\/11\/archiczwartki-plakat-sarp--704x1024.jpg 704w\" sizes=\"auto, (max-width: 770px) 100vw, 770px\" \/><\/a><\/p>\n","protected":false},"excerpt":{"rendered":"<p>Termin wydarzenia: 05-11-2015 Miejsce: Rzesz\u00f3w, Rynek 8 (siedziba SARP RZESZ\u00d3W) BLISKIE SPOTKANIA Z ARCHITEKTUR\u0104 \u00a0Rozpocz\u0119cie: 18:00 W imieniu SARP oddzia\u0142 w Rzeszowie, zapraszamy serdecznie wszystkich architekt\u00f3w PKOIA RP i cz\u0142onk\u00f3w SARP na wyj\u0105tkowe wydarzenie, inauguracj\u0119 cyklicznych spotka\u0144 czwartkowych z architektur\u0105. Ka\u017cdego miesi\u0105ca, w pierwszy czwartek zapraszamy do wsp\u00f3lnego spotkania, lepszego poznania si\u0119. \u00a0\u00a0 Spotykamy si\u0119 [&hellip;]<\/p>\n","protected":false},"author":7,"featured_media":1330,"comment_status":"closed","ping_status":"open","sticky":false,"template":"","format":"standard","meta":{"footnotes":""},"categories":[55],"tags":[78,77,76],"class_list":["post-1187","post","type-post","status-publish","format-standard","has-post-thumbnail","hentry","category-wydarzenia","tag-eventy","tag-spotkania","tag-wydarzenia"],"publishpress_future_action":{"enabled":false,"date":"2026-05-05 02:18:35","action":"change-status","newStatus":"draft","terms":[],"taxonomy":"category","extraData":[]},"publishpress_future_workflow_manual_trigger":{"enabledWorkflows":[]},"_links":{"self":[{"href":"https:\/\/podkarpacka.iarp.pl\/index.php?rest_route=\/wp\/v2\/posts\/1187","targetHints":{"allow":["GET"]}}],"collection":[{"href":"https:\/\/podkarpacka.iarp.pl\/index.php?rest_route=\/wp\/v2\/posts"}],"about":[{"href":"https:\/\/podkarpacka.iarp.pl\/index.php?rest_route=\/wp\/v2\/types\/post"}],"author":[{"embeddable":true,"href":"https:\/\/podkarpacka.iarp.pl\/index.php?rest_route=\/wp\/v2\/users\/7"}],"replies":[{"embeddable":true,"href":"https:\/\/podkarpacka.iarp.pl\/index.php?rest_route=%2Fwp%2Fv2%2Fcomments&post=1187"}],"version-history":[{"count":10,"href":"https:\/\/podkarpacka.iarp.pl\/index.php?rest_route=\/wp\/v2\/posts\/1187\/revisions"}],"predecessor-version":[{"id":1616,"href":"https:\/\/podkarpacka.iarp.pl\/index.php?rest_route=\/wp\/v2\/posts\/1187\/revisions\/1616"}],"wp:featuredmedia":[{"embeddable":true,"href":"https:\/\/podkarpacka.iarp.pl\/index.php?rest_route=\/wp\/v2\/media\/1330"}],"wp:attachment":[{"href":"https:\/\/podkarpacka.iarp.pl\/index.php?rest_route=%2Fwp%2Fv2%2Fmedia&parent=1187"}],"wp:term":[{"taxonomy":"category","embeddable":true,"href":"https:\/\/podkarpacka.iarp.pl\/index.php?rest_route=%2Fwp%2Fv2%2Fcategories&post=1187"},{"taxonomy":"post_tag","embeddable":true,"href":"https:\/\/podkarpacka.iarp.pl\/index.php?rest_route=%2Fwp%2Fv2%2Ftags&post=1187"}],"curies":[{"name":"wp","href":"https:\/\/api.w.org\/{rel}","templated":true}]}}