{"id":1200,"date":"2015-11-07T11:41:22","date_gmt":"2015-11-07T09:41:22","guid":{"rendered":"http:\/\/podkarpacka.iarp.pl\/?p=1200"},"modified":"2016-03-13T21:24:26","modified_gmt":"2016-03-13T19:24:26","slug":"archi-czwartki-bliskie-spotkania-z-architektura","status":"publish","type":"post","link":"https:\/\/podkarpacka.iarp.pl\/?p=1200","title":{"rendered":"[ ARCHI CZWARTKI ] BLISKIE SPOTKANIA Z ARCHITEKTUR\u0104 &#8211; FOTORELACJA"},"content":{"rendered":"<div class=\"lead\">\n<p>Szanowni Pa\u0144stwo, Drogie Kole\u017canki i Koledzy.<\/p>\n<p>W imieniu SARP oddzia\u0142 Rzesz\u00f3w, organizatora cyklu spotka\u0144 &#8211; Archi Czwartki.<\/p>\n<p>Wszystkim, kt\u00f3rzy przybyli na \u00a0Inauguracyjne ARCHIczwartkowe bliskie spotkania z architektur\u0105 &#8211; DZI\u0118KUJEMY SERDECZNIE !<\/p>\n<p>Ogromna frekwencja ponad 130 os\u00f3b \u015bwiadczy o tym i\u017c \u00a0architektura jest\u00a0dla wielu z nas\u00a0niezwykle wa\u017cna.<\/p>\n<p>Architekt Zbigniew Ma\u0107k\u00f3w poprowadzi\u0142 wyk\u0142ad jak od nauki, ideii i bada\u0144 przez dobry przyk\u0142ad przej\u015b\u0107 do wspania\u0142ych realizacji.<\/p>\n<p>Spotkanie zapocz\u0105tkowa\u0142o nowy plan na zr\u00f3wnowa\u017cone projektowania miasta &#8211; Miasto\/Przestrze\u0144\/Architektura i \u015awiadomo\u015b\u0107 \u00a0&#8211;\u00a0SARP Oddzia\u0142 w Rzeszowie.<\/p>\n<p>Wszystkim Wsp\u00f3\u0142organizatorom, Partnerom i Szanownym Go\u015bciom Dzi\u0119kujemy Serdecznie za wsparcie i ca\u0142\u0105 pomoc w\u0142o\u017con\u0105 w przygotowanie tego wydarzenia.<\/p>\n<p>Zach\u0119camy do obejrzenia fotorelacji i zapraszamy ju\u017c za miesi\u0105c &#8211; 3. grudnia na kolejne jeszcze wi\u0119ksze i jeszcze lepsze spotkanie.<\/p>\n<\/div>\n\n\t\t<style type=\"text\/css\">\n\t\t\t#gallery-1 {\n\t\t\t\tmargin: auto;\n\t\t\t}\n\t\t\t#gallery-1 .gallery-item {\n\t\t\t\tfloat: left;\n\t\t\t\tmargin-top: 10px;\n\t\t\t\ttext-align: center;\n\t\t\t\twidth: 100%;\n\t\t\t}\n\t\t\t#gallery-1 img {\n\t\t\t\tborder: 2px solid #cfcfcf;\n\t\t\t}\n\t\t\t#gallery-1 .gallery-caption {\n\t\t\t\tmargin-left: 0;\n\t\t\t}\n\t\t\t\/* see gallery_shortcode() in wp-includes\/media.php *\/\n\t\t<\/style>\n\t\t<div id='gallery-1' class='gallery galleryid-1200 gallery-columns-1 gallery-size-full'><dl class='gallery-item'>\n\t\t\t<dt class='gallery-icon landscape'>\n\t\t\t\t<a href='https:\/\/podkarpacka.iarp.pl\/?attachment_id=1209'><img loading=\"lazy\" decoding=\"async\" width=\"650\" height=\"410\" src=\"https:\/\/podkarpacka.iarp.pl\/wp-content\/uploads\/2015\/11\/Archi-czwartki-sarp-rzeszow-architektura-9.jpg\" class=\"attachment-full size-full\" alt=\"\" srcset=\"https:\/\/podkarpacka.iarp.pl\/wp-content\/uploads\/2015\/11\/Archi-czwartki-sarp-rzeszow-architektura-9.jpg 650w, https:\/\/podkarpacka.iarp.pl\/wp-content\/uploads\/2015\/11\/Archi-czwartki-sarp-rzeszow-architektura-9-300x189.jpg 300w, https:\/\/podkarpacka.iarp.pl\/wp-content\/uploads\/2015\/11\/Archi-czwartki-sarp-rzeszow-architektura-9-600x378.jpg 600w\" sizes=\"auto, (max-width: 650px) 100vw, 650px\" \/><\/a>\n\t\t\t<\/dt><\/dl><br style=\"clear: both\" \/><dl class='gallery-item'>\n\t\t\t<dt class='gallery-icon landscape'>\n\t\t\t\t<a href='https:\/\/podkarpacka.iarp.pl\/?attachment_id=1201'><img loading=\"lazy\" decoding=\"async\" width=\"650\" height=\"345\" src=\"https:\/\/podkarpacka.iarp.pl\/wp-content\/uploads\/2015\/11\/Archi-czwartki-sarp-rzeszow-architektura-1.jpg\" class=\"attachment-full size-full\" alt=\"\" srcset=\"https:\/\/podkarpacka.iarp.pl\/wp-content\/uploads\/2015\/11\/Archi-czwartki-sarp-rzeszow-architektura-1.jpg 650w, https:\/\/podkarpacka.iarp.pl\/wp-content\/uploads\/2015\/11\/Archi-czwartki-sarp-rzeszow-architektura-1-300x159.jpg 300w, https:\/\/podkarpacka.iarp.pl\/wp-content\/uploads\/2015\/11\/Archi-czwartki-sarp-rzeszow-architektura-1-600x318.jpg 600w\" sizes=\"auto, (max-width: 650px) 100vw, 650px\" \/><\/a>\n\t\t\t<\/dt><\/dl><br style=\"clear: both\" \/><dl class='gallery-item'>\n\t\t\t<dt class='gallery-icon landscape'>\n\t\t\t\t<a href='https:\/\/podkarpacka.iarp.pl\/?attachment_id=1205'><img loading=\"lazy\" decoding=\"async\" width=\"650\" height=\"409\" src=\"https:\/\/podkarpacka.iarp.pl\/wp-content\/uploads\/2015\/11\/Archi-czwartki-sarp-rzeszow-architektura-4.jpg\" class=\"attachment-full size-full\" alt=\"\" srcset=\"https:\/\/podkarpacka.iarp.pl\/wp-content\/uploads\/2015\/11\/Archi-czwartki-sarp-rzeszow-architektura-4.jpg 650w, https:\/\/podkarpacka.iarp.pl\/wp-content\/uploads\/2015\/11\/Archi-czwartki-sarp-rzeszow-architektura-4-300x189.jpg 300w, https:\/\/podkarpacka.iarp.pl\/wp-content\/uploads\/2015\/11\/Archi-czwartki-sarp-rzeszow-architektura-4-600x378.jpg 600w\" sizes=\"auto, (max-width: 650px) 100vw, 650px\" \/><\/a>\n\t\t\t<\/dt><\/dl><br style=\"clear: both\" \/><dl class='gallery-item'>\n\t\t\t<dt class='gallery-icon landscape'>\n\t\t\t\t<a href='https:\/\/podkarpacka.iarp.pl\/?attachment_id=1207'><img loading=\"lazy\" decoding=\"async\" width=\"650\" height=\"432\" src=\"https:\/\/podkarpacka.iarp.pl\/wp-content\/uploads\/2015\/11\/Archi-czwartki-sarp-rzeszow-architektura-7.jpg\" class=\"attachment-full size-full\" alt=\"\" srcset=\"https:\/\/podkarpacka.iarp.pl\/wp-content\/uploads\/2015\/11\/Archi-czwartki-sarp-rzeszow-architektura-7.jpg 650w, https:\/\/podkarpacka.iarp.pl\/wp-content\/uploads\/2015\/11\/Archi-czwartki-sarp-rzeszow-architektura-7-300x199.jpg 300w, https:\/\/podkarpacka.iarp.pl\/wp-content\/uploads\/2015\/11\/Archi-czwartki-sarp-rzeszow-architektura-7-600x399.jpg 600w\" sizes=\"auto, (max-width: 650px) 100vw, 650px\" \/><\/a>\n\t\t\t<\/dt><\/dl><br style=\"clear: both\" \/><dl class='gallery-item'>\n\t\t\t<dt class='gallery-icon landscape'>\n\t\t\t\t<a href='https:\/\/podkarpacka.iarp.pl\/?attachment_id=1208'><img loading=\"lazy\" decoding=\"async\" width=\"650\" height=\"444\" src=\"https:\/\/podkarpacka.iarp.pl\/wp-content\/uploads\/2015\/11\/Archi-czwartki-sarp-rzeszow-architektura-8.jpg\" class=\"attachment-full size-full\" alt=\"\" srcset=\"https:\/\/podkarpacka.iarp.pl\/wp-content\/uploads\/2015\/11\/Archi-czwartki-sarp-rzeszow-architektura-8.jpg 650w, https:\/\/podkarpacka.iarp.pl\/wp-content\/uploads\/2015\/11\/Archi-czwartki-sarp-rzeszow-architektura-8-300x205.jpg 300w, https:\/\/podkarpacka.iarp.pl\/wp-content\/uploads\/2015\/11\/Archi-czwartki-sarp-rzeszow-architektura-8-600x410.jpg 600w\" sizes=\"auto, (max-width: 650px) 100vw, 650px\" \/><\/a>\n\t\t\t<\/dt><\/dl><br style=\"clear: both\" \/><dl class='gallery-item'>\n\t\t\t<dt class='gallery-icon landscape'>\n\t\t\t\t<a href='https:\/\/podkarpacka.iarp.pl\/?attachment_id=1206'><img loading=\"lazy\" decoding=\"async\" width=\"650\" height=\"432\" src=\"https:\/\/podkarpacka.iarp.pl\/wp-content\/uploads\/2015\/11\/Archi-czwartki-sarp-rzeszow-architektura-5.jpg\" class=\"attachment-full size-full\" alt=\"\" srcset=\"https:\/\/podkarpacka.iarp.pl\/wp-content\/uploads\/2015\/11\/Archi-czwartki-sarp-rzeszow-architektura-5.jpg 650w, https:\/\/podkarpacka.iarp.pl\/wp-content\/uploads\/2015\/11\/Archi-czwartki-sarp-rzeszow-architektura-5-300x199.jpg 300w, https:\/\/podkarpacka.iarp.pl\/wp-content\/uploads\/2015\/11\/Archi-czwartki-sarp-rzeszow-architektura-5-600x399.jpg 600w\" sizes=\"auto, (max-width: 650px) 100vw, 650px\" \/><\/a>\n\t\t\t<\/dt><\/dl><br style=\"clear: both\" \/><dl class='gallery-item'>\n\t\t\t<dt class='gallery-icon landscape'>\n\t\t\t\t<a href='https:\/\/podkarpacka.iarp.pl\/?attachment_id=1203'><img loading=\"lazy\" decoding=\"async\" width=\"650\" height=\"432\" src=\"https:\/\/podkarpacka.iarp.pl\/wp-content\/uploads\/2015\/11\/Archi-czwartki-sarp-rzeszow-architektura-3.jpg\" class=\"attachment-full size-full\" alt=\"\" srcset=\"https:\/\/podkarpacka.iarp.pl\/wp-content\/uploads\/2015\/11\/Archi-czwartki-sarp-rzeszow-architektura-3.jpg 650w, https:\/\/podkarpacka.iarp.pl\/wp-content\/uploads\/2015\/11\/Archi-czwartki-sarp-rzeszow-architektura-3-300x199.jpg 300w, https:\/\/podkarpacka.iarp.pl\/wp-content\/uploads\/2015\/11\/Archi-czwartki-sarp-rzeszow-architektura-3-600x399.jpg 600w\" sizes=\"auto, (max-width: 650px) 100vw, 650px\" \/><\/a>\n\t\t\t<\/dt><\/dl><br style=\"clear: both\" \/><dl class='gallery-item'>\n\t\t\t<dt class='gallery-icon landscape'>\n\t\t\t\t<a href='https:\/\/podkarpacka.iarp.pl\/?attachment_id=1204'><img loading=\"lazy\" decoding=\"async\" width=\"650\" height=\"366\" src=\"https:\/\/podkarpacka.iarp.pl\/wp-content\/uploads\/2015\/11\/Archi-czwartki-sarp-rzeszow-architektura-3a.jpg\" class=\"attachment-full size-full\" alt=\"\" srcset=\"https:\/\/podkarpacka.iarp.pl\/wp-content\/uploads\/2015\/11\/Archi-czwartki-sarp-rzeszow-architektura-3a.jpg 650w, https:\/\/podkarpacka.iarp.pl\/wp-content\/uploads\/2015\/11\/Archi-czwartki-sarp-rzeszow-architektura-3a-300x169.jpg 300w, https:\/\/podkarpacka.iarp.pl\/wp-content\/uploads\/2015\/11\/Archi-czwartki-sarp-rzeszow-architektura-3a-600x338.jpg 600w\" sizes=\"auto, (max-width: 650px) 100vw, 650px\" \/><\/a>\n\t\t\t<\/dt><\/dl><br style=\"clear: both\" \/><dl class='gallery-item'>\n\t\t\t<dt class='gallery-icon portrait'>\n\t\t\t\t<a href='https:\/\/podkarpacka.iarp.pl\/?attachment_id=1210'><img loading=\"lazy\" decoding=\"async\" width=\"650\" height=\"767\" src=\"https:\/\/podkarpacka.iarp.pl\/wp-content\/uploads\/2015\/11\/Archi-czwartki-sarp-rzeszow-architektura-10.jpg\" class=\"attachment-full size-full\" alt=\"\" srcset=\"https:\/\/podkarpacka.iarp.pl\/wp-content\/uploads\/2015\/11\/Archi-czwartki-sarp-rzeszow-architektura-10.jpg 650w, https:\/\/podkarpacka.iarp.pl\/wp-content\/uploads\/2015\/11\/Archi-czwartki-sarp-rzeszow-architektura-10-254x300.jpg 254w, https:\/\/podkarpacka.iarp.pl\/wp-content\/uploads\/2015\/11\/Archi-czwartki-sarp-rzeszow-architektura-10-600x708.jpg 600w\" sizes=\"auto, (max-width: 650px) 100vw, 650px\" \/><\/a>\n\t\t\t<\/dt><\/dl><br style=\"clear: both\" \/><dl class='gallery-item'>\n\t\t\t<dt class='gallery-icon landscape'>\n\t\t\t\t<a href='https:\/\/podkarpacka.iarp.pl\/?attachment_id=1202'><img loading=\"lazy\" decoding=\"async\" width=\"960\" height=\"540\" src=\"https:\/\/podkarpacka.iarp.pl\/wp-content\/uploads\/2015\/11\/Archi-czwartki-sarp-rzeszow-architektura-2.jpg\" class=\"attachment-full size-full\" alt=\"\" srcset=\"https:\/\/podkarpacka.iarp.pl\/wp-content\/uploads\/2015\/11\/Archi-czwartki-sarp-rzeszow-architektura-2.jpg 960w, https:\/\/podkarpacka.iarp.pl\/wp-content\/uploads\/2015\/11\/Archi-czwartki-sarp-rzeszow-architektura-2-300x169.jpg 300w, https:\/\/podkarpacka.iarp.pl\/wp-content\/uploads\/2015\/11\/Archi-czwartki-sarp-rzeszow-architektura-2-600x338.jpg 600w\" sizes=\"auto, (max-width: 960px) 100vw, 960px\" \/><\/a>\n\t\t\t<\/dt><\/dl><br style=\"clear: both\" \/>\n\t\t<\/div>\n\n<p>&nbsp;<\/p>\n","protected":false},"excerpt":{"rendered":"<p>Szanowni Pa\u0144stwo, Drogie Kole\u017canki i Koledzy. W imieniu SARP oddzia\u0142 Rzesz\u00f3w, organizatora cyklu spotka\u0144 &#8211; Archi Czwartki. Wszystkim, kt\u00f3rzy przybyli na \u00a0Inauguracyjne ARCHIczwartkowe bliskie spotkania z architektur\u0105 &#8211; DZI\u0118KUJEMY SERDECZNIE ! Ogromna frekwencja ponad 130 os\u00f3b \u015bwiadczy o tym i\u017c \u00a0architektura jest\u00a0dla wielu z nas\u00a0niezwykle wa\u017cna. Architekt Zbigniew Ma\u0107k\u00f3w poprowadzi\u0142 wyk\u0142ad jak od nauki, ideii [&hellip;]<\/p>\n","protected":false},"author":7,"featured_media":1213,"comment_status":"closed","ping_status":"open","sticky":false,"template":"","format":"gallery","meta":{"footnotes":""},"categories":[55],"tags":[],"class_list":["post-1200","post","type-post","status-publish","format-gallery","has-post-thumbnail","hentry","category-wydarzenia","post_format-post-format-gallery"],"publishpress_future_action":{"enabled":false,"date":"2026-05-05 15:59:22","action":"change-status","newStatus":"draft","terms":[],"taxonomy":"category","extraData":[]},"publishpress_future_workflow_manual_trigger":{"enabledWorkflows":[]},"_links":{"self":[{"href":"https:\/\/podkarpacka.iarp.pl\/index.php?rest_route=\/wp\/v2\/posts\/1200","targetHints":{"allow":["GET"]}}],"collection":[{"href":"https:\/\/podkarpacka.iarp.pl\/index.php?rest_route=\/wp\/v2\/posts"}],"about":[{"href":"https:\/\/podkarpacka.iarp.pl\/index.php?rest_route=\/wp\/v2\/types\/post"}],"author":[{"embeddable":true,"href":"https:\/\/podkarpacka.iarp.pl\/index.php?rest_route=\/wp\/v2\/users\/7"}],"replies":[{"embeddable":true,"href":"https:\/\/podkarpacka.iarp.pl\/index.php?rest_route=%2Fwp%2Fv2%2Fcomments&post=1200"}],"version-history":[{"count":8,"href":"https:\/\/podkarpacka.iarp.pl\/index.php?rest_route=\/wp\/v2\/posts\/1200\/revisions"}],"predecessor-version":[{"id":1281,"href":"https:\/\/podkarpacka.iarp.pl\/index.php?rest_route=\/wp\/v2\/posts\/1200\/revisions\/1281"}],"wp:featuredmedia":[{"embeddable":true,"href":"https:\/\/podkarpacka.iarp.pl\/index.php?rest_route=\/wp\/v2\/media\/1213"}],"wp:attachment":[{"href":"https:\/\/podkarpacka.iarp.pl\/index.php?rest_route=%2Fwp%2Fv2%2Fmedia&parent=1200"}],"wp:term":[{"taxonomy":"category","embeddable":true,"href":"https:\/\/podkarpacka.iarp.pl\/index.php?rest_route=%2Fwp%2Fv2%2Fcategories&post=1200"},{"taxonomy":"post_tag","embeddable":true,"href":"https:\/\/podkarpacka.iarp.pl\/index.php?rest_route=%2Fwp%2Fv2%2Ftags&post=1200"}],"curies":[{"name":"wp","href":"https:\/\/api.w.org\/{rel}","templated":true}]}}