{"id":1253,"date":"2015-11-28T15:58:21","date_gmt":"2015-11-28T13:58:21","guid":{"rendered":"http:\/\/podkarpacka.iarp.pl\/?p=1253"},"modified":"2016-03-13T21:25:35","modified_gmt":"2016-03-13T19:25:35","slug":"03-12-2015-archi-bliskie-spotkania-z-architektura-z-reszka-i-m-baryzewski","status":"publish","type":"post","link":"https:\/\/podkarpacka.iarp.pl\/?p=1253","title":{"rendered":"[03.12.2015] ARCHI-BLISKIE SPOTKANIA Z ARCHITEKTUR\u0104- Z.Reszka i M. Bary\u017cewski"},"content":{"rendered":"<p><a href=\"https:\/\/podkarpacka.iarp.pl\/wp-content\/uploads\/2015\/11\/sarp-archiczwartki-2.jpg\" rel=\"attachment wp-att-1286\"><img loading=\"lazy\" decoding=\"async\" class=\"alignleft size-full wp-image-1286\" src=\"https:\/\/podkarpacka.iarp.pl\/wp-content\/uploads\/2015\/11\/sarp-archiczwartki-2.jpg\" alt=\"sarp archiczwartki 2\" width=\"344\" height=\"228\" srcset=\"https:\/\/podkarpacka.iarp.pl\/wp-content\/uploads\/2015\/11\/sarp-archiczwartki-2.jpg 344w, https:\/\/podkarpacka.iarp.pl\/wp-content\/uploads\/2015\/11\/sarp-archiczwartki-2-300x199.jpg 300w\" sizes=\"auto, (max-width: 344px) 100vw, 344px\" \/><\/a><\/p>\n<h2 class=\"lead\"><strong>Termin wydarzenia: 03-12-2015<\/strong><\/h2>\n<h4 class=\"lead\"><strong>Miejsce: Rzesz\u00f3w, Rynek 1 &#8211; RATUSZ (Sala &#8220;\u015alub\u00f3w&#8221;)<\/strong><\/h4>\n<div class=\"lead\">\n<div class=\"lead\" style=\"text-align: justify;\">\n<hr \/>\n<h3><span style=\"color: #333333;\"><strong>BLISKIE SPOTKANIA Z ARCHITEKTUR\u0104<\/strong><\/span><\/h3>\n<\/div>\n<\/div>\n<div style=\"text-align: justify;\">\n<hr \/>\n<h4><strong>\u00a0Rozpocz\u0119cie:\u00a017:00<\/strong><\/h4>\n<hr \/>\n<\/div>\n<p>&nbsp;<\/p>\n<div class=\"row-fluid agenda\" style=\"text-align: justify;\">W imieniu SARP oddzia\u0142 w Rzeszowie organizatora ARCHI &#8211; CZWARTK\u00d3W. Zapraszamy serdecznie <b>3 grudnia o godz. 17.00<\/b> do <b>Ratusza w Rzeszowie<\/b> w ramach bliskich spotka\u0144 z Architektur\u0105 &#8220;ArchiCZWARTKI&#8221; na spotkanie ze <b>Zbigniewem RESZKA i Micha\u0142em BARY\u017bEWSKI<\/b> (pracownia ARCH-DECO Sp. Z o.o., Gdynia).<\/div>\n<p style=\"text-align: justify;\">Spotykamy si\u0119 w\u00a0sali \u015blub\u00f3w Ratusza Miejskiego (Rzesz\u00f3w, Rynek 1).<\/p>\n<h3><strong>Go\u015b\u0107 specjalny \u00a0arch. Zbigniew RESZKA i Micha\u0142 BARY\u017bEWSKI<\/strong><\/h3>\n<h5 style=\"text-align: justify;\">Autorzy wielu realizacji i laureaci wielu nagr\u00f3d <a href=\"http:\/\/m.in\/\" target=\"_blank\">m.in<\/a>. Budynek Gdy\u0144skiej Szko\u0142y Filmowej, Panorama Biznes Park w Gdyni (I nagroda konkursowa), Budynek biurowy Grupy LOTOS w Gda\u0144sku, Kompleks apartamentowy Nowe Or\u0142owo (I nagroda konkursowa) i wielu innych.W konkursie \u017bYCIE W ARCHITEKTURZE pod patronem Prezydenta RP dla najlepszego obiektu architektury polskiej w\u015br\u00f3d 15 realizacji nominowanych (2010), Laureaci Honorowej Nagrody SARP w 2013.<\/h5>\n<p><strong>&#8211;&gt; Zapisy na Wydarzenie &#8211;&gt;<\/strong>\u00a0<a href=\"https:\/\/www.facebook.com\/events\/1046532948701412\/\">https:\/\/www.facebook.com\/events\/1046532948701412\/<\/a><\/p>\n<hr \/>\n<p>&nbsp;<\/p>\n<p><strong>Po zako\u0144czeniu spotkania zapraszamy do siedziby SARP, Rynek 8 na finisa\u017c wystawy dorobku projektowego zespo\u0142u RESZKA&amp;BARY\u017bEWSKI oraz rozmow\u0119 przy symbolicznej lampce wina.<\/strong><\/p>\n<hr \/>\n<p>&nbsp;<\/p>\n<div>Po spotkaniu zapraszamy do <b>siedziby SARP, Rynek 8<\/b> na finisa\u017c wystawy dorobku zespo\u0142u RESZKA&amp;BARY\u017bEWSKI oraz rozmow\u0119 przy symbolicznej lampce wina.<br \/>\nZAPRASZAMY!!!<\/div>\n<div>\u00a0<img loading=\"lazy\" decoding=\"async\" class=\"wp-image-1266 size-full aligncenter\" src=\"https:\/\/podkarpacka.iarp.pl\/wp-content\/uploads\/2015\/11\/ARCHI-CZWARTKI-PLAKAT-cz-II-kopia-www-v2.jpg\" alt=\"ARCHI CZWARTKI PLAKAT cz II kopia-www-v2\" width=\"650\" height=\"945\" srcset=\"https:\/\/podkarpacka.iarp.pl\/wp-content\/uploads\/2015\/11\/ARCHI-CZWARTKI-PLAKAT-cz-II-kopia-www-v2.jpg 650w, https:\/\/podkarpacka.iarp.pl\/wp-content\/uploads\/2015\/11\/ARCHI-CZWARTKI-PLAKAT-cz-II-kopia-www-v2-206x300.jpg 206w\" sizes=\"auto, (max-width: 650px) 100vw, 650px\" \/><\/div>\n<div><\/div>\n<div><strong style=\"text-align: center; line-height: 1.5;\">Relacj\u0119\u00a0z pierwszego, inauguracyjnego spotkania mo\u017cecie zobaczy\u0107<a href=\"https:\/\/podkarpacka.iarp.pl\/?p=1200\"> tutaj (klik) <\/a><\/strong><span style=\"text-align: center; line-height: 1.5;\">By\u0142o Was o wiele wi\u0119cej ni\u017c si\u0119 spodziewali\u015bmy, a spotkanie trwa\u0142o niemal do p\u00f3\u0142nocy.<\/span><\/div>\n<div style=\"text-align: center;\">Planujemy powt\u00f3rzy\u0107 to i tym razem.<\/div>\n<div style=\"text-align: center;\">Raz jeszcze &#8211; serdecznie zapraszamy!<\/div>\n","protected":false},"excerpt":{"rendered":"<p>Termin wydarzenia: 03-12-2015 Miejsce: Rzesz\u00f3w, Rynek 1 &#8211; RATUSZ (Sala &#8220;\u015alub\u00f3w&#8221;) BLISKIE SPOTKANIA Z ARCHITEKTUR\u0104 \u00a0Rozpocz\u0119cie:\u00a017:00 &nbsp; W imieniu SARP oddzia\u0142 w Rzeszowie organizatora ARCHI &#8211; CZWARTK\u00d3W. Zapraszamy serdecznie 3 grudnia o godz. 17.00 do Ratusza w Rzeszowie w ramach bliskich spotka\u0144 z Architektur\u0105 &#8220;ArchiCZWARTKI&#8221; na spotkanie ze Zbigniewem RESZKA i Micha\u0142em BARY\u017bEWSKI (pracownia ARCH-DECO [&hellip;]<\/p>\n","protected":false},"author":7,"featured_media":1332,"comment_status":"closed","ping_status":"open","sticky":false,"template":"","format":"standard","meta":{"footnotes":""},"categories":[55],"tags":[78,77,76],"class_list":["post-1253","post","type-post","status-publish","format-standard","has-post-thumbnail","hentry","category-wydarzenia","tag-eventy","tag-spotkania","tag-wydarzenia"],"publishpress_future_action":{"enabled":false,"date":"2026-05-05 02:18:35","action":"change-status","newStatus":"draft","terms":[],"taxonomy":"category","extraData":[]},"publishpress_future_workflow_manual_trigger":{"enabledWorkflows":[]},"_links":{"self":[{"href":"https:\/\/podkarpacka.iarp.pl\/index.php?rest_route=\/wp\/v2\/posts\/1253","targetHints":{"allow":["GET"]}}],"collection":[{"href":"https:\/\/podkarpacka.iarp.pl\/index.php?rest_route=\/wp\/v2\/posts"}],"about":[{"href":"https:\/\/podkarpacka.iarp.pl\/index.php?rest_route=\/wp\/v2\/types\/post"}],"author":[{"embeddable":true,"href":"https:\/\/podkarpacka.iarp.pl\/index.php?rest_route=\/wp\/v2\/users\/7"}],"replies":[{"embeddable":true,"href":"https:\/\/podkarpacka.iarp.pl\/index.php?rest_route=%2Fwp%2Fv2%2Fcomments&post=1253"}],"version-history":[{"count":14,"href":"https:\/\/podkarpacka.iarp.pl\/index.php?rest_route=\/wp\/v2\/posts\/1253\/revisions"}],"predecessor-version":[{"id":1339,"href":"https:\/\/podkarpacka.iarp.pl\/index.php?rest_route=\/wp\/v2\/posts\/1253\/revisions\/1339"}],"wp:featuredmedia":[{"embeddable":true,"href":"https:\/\/podkarpacka.iarp.pl\/index.php?rest_route=\/wp\/v2\/media\/1332"}],"wp:attachment":[{"href":"https:\/\/podkarpacka.iarp.pl\/index.php?rest_route=%2Fwp%2Fv2%2Fmedia&parent=1253"}],"wp:term":[{"taxonomy":"category","embeddable":true,"href":"https:\/\/podkarpacka.iarp.pl\/index.php?rest_route=%2Fwp%2Fv2%2Fcategories&post=1253"},{"taxonomy":"post_tag","embeddable":true,"href":"https:\/\/podkarpacka.iarp.pl\/index.php?rest_route=%2Fwp%2Fv2%2Ftags&post=1253"}],"curies":[{"name":"wp","href":"https:\/\/api.w.org\/{rel}","templated":true}]}}