{"id":1270,"date":"2015-12-19T23:11:19","date_gmt":"2015-12-19T21:11:19","guid":{"rendered":"http:\/\/podkarpacka.iarp.pl\/?p=1270"},"modified":"2016-12-22T17:06:48","modified_gmt":"2016-12-22T15:06:48","slug":"wesolych-swiat-bozego-narodzenia","status":"publish","type":"post","link":"https:\/\/podkarpacka.iarp.pl\/?p=1270","title":{"rendered":"WESO\u0141YCH \u015aWI\u0104T BO\u017bEGO NARODZENIA"},"content":{"rendered":"<p>[quote_left author=&#8221;Podkarpacka Okr\u0119gowa Izba Architekt\u00f3w RP&#8221;]<\/p>\n<p style=\"text-align: justify;\">Z okazji nadchodz\u0105cych \u015awi\u0105t Bo\u017cego Narodzenia chcemy \u017cyczy\u0107 Pa\u0144stwu, aby chwile sp\u0119dzone w rodzinnym gronie by\u0142y radosne i spokojne, a ka\u017cdy dzie\u0144 Nowego 2016 Roku by\u0142 pe\u0142en szcz\u0119\u015bcia i nadziei.<\/p>\n<p style=\"text-align: justify;\">Niech ten wyj\u0105tkowy czas nape\u0142ni Pa\u0144stwa serca otuch\u0105 i nadziej\u0105 oraz pozwoli przezwyci\u0119\u017cy\u0107 nawet najwi\u0119ksze trudno\u015bci. \u017byczymy, aby czas \u015bwi\u0105t by\u0142 okazj\u0105 do odpoczynku i zadumy, a tak\u017ce wype\u0142nia\u0142 Pa\u0144stwa serca nadziej\u0105 i dodawa\u0142 si\u0142, tak by\u015bcie mogli zrealizowa\u0107 wszystkie swoje plany.<\/p>\n<p style=\"text-align: justify;\">\u017byczymy aby\u00a0ten \u015bwi\u0105teczny czas by\u0142 przepe\u0142niony ciep\u0142em, rado\u015bci\u0105, a tak\u017ce przyni\u00f3s\u0142 Pa\u0144stwu nadziej\u0119 na lepsze jutro.<\/p>\n<p>[\/quote_left]<\/p>\n<p>&nbsp;<\/p>\n<p><img loading=\"lazy\" decoding=\"async\" class=\"aligncenter size-full wp-image-1715\" src=\"https:\/\/podkarpacka.iarp.pl\/wp-content\/uploads\/2015\/12\/SARP-POCZT\u00d3WKA-BO\u017bE-NAROZENIE-v2.jpg\" alt=\"\" width=\"800\" height=\"476\" srcset=\"https:\/\/podkarpacka.iarp.pl\/wp-content\/uploads\/2015\/12\/SARP-POCZT\u00d3WKA-BO\u017bE-NAROZENIE-v2.jpg 800w, https:\/\/podkarpacka.iarp.pl\/wp-content\/uploads\/2015\/12\/SARP-POCZT\u00d3WKA-BO\u017bE-NAROZENIE-v2-300x179.jpg 300w, https:\/\/podkarpacka.iarp.pl\/wp-content\/uploads\/2015\/12\/SARP-POCZT\u00d3WKA-BO\u017bE-NAROZENIE-v2-768x457.jpg 768w\" sizes=\"auto, (max-width: 800px) 100vw, 800px\" \/><\/p>\n","protected":false},"excerpt":{"rendered":"<p>[quote_left author=&#8221;Podkarpacka Okr\u0119gowa Izba Architekt\u00f3w RP&#8221;] Z okazji nadchodz\u0105cych \u015awi\u0105t Bo\u017cego Narodzenia chcemy \u017cyczy\u0107 Pa\u0144stwu, aby chwile sp\u0119dzone w rodzinnym gronie by\u0142y radosne i spokojne, a ka\u017cdy dzie\u0144 Nowego 2016 Roku by\u0142 pe\u0142en szcz\u0119\u015bcia i nadziei. Niech ten wyj\u0105tkowy czas nape\u0142ni Pa\u0144stwa serca otuch\u0105 i nadziej\u0105 oraz pozwoli przezwyci\u0119\u017cy\u0107 nawet najwi\u0119ksze trudno\u015bci. \u017byczymy, aby czas [&hellip;]<\/p>\n","protected":false},"author":7,"featured_media":1278,"comment_status":"closed","ping_status":"open","sticky":false,"template":"","format":"standard","meta":{"footnotes":""},"categories":[56],"tags":[],"class_list":["post-1270","post","type-post","status-publish","format-standard","has-post-thumbnail","hentry","category-informacje-rady"],"publishpress_future_action":{"enabled":false,"date":"2026-05-05 02:19:57","action":"change-status","newStatus":"draft","terms":[],"taxonomy":"category","extraData":[]},"publishpress_future_workflow_manual_trigger":{"enabledWorkflows":[]},"_links":{"self":[{"href":"https:\/\/podkarpacka.iarp.pl\/index.php?rest_route=\/wp\/v2\/posts\/1270","targetHints":{"allow":["GET"]}}],"collection":[{"href":"https:\/\/podkarpacka.iarp.pl\/index.php?rest_route=\/wp\/v2\/posts"}],"about":[{"href":"https:\/\/podkarpacka.iarp.pl\/index.php?rest_route=\/wp\/v2\/types\/post"}],"author":[{"embeddable":true,"href":"https:\/\/podkarpacka.iarp.pl\/index.php?rest_route=\/wp\/v2\/users\/7"}],"replies":[{"embeddable":true,"href":"https:\/\/podkarpacka.iarp.pl\/index.php?rest_route=%2Fwp%2Fv2%2Fcomments&post=1270"}],"version-history":[{"count":14,"href":"https:\/\/podkarpacka.iarp.pl\/index.php?rest_route=\/wp\/v2\/posts\/1270\/revisions"}],"predecessor-version":[{"id":1718,"href":"https:\/\/podkarpacka.iarp.pl\/index.php?rest_route=\/wp\/v2\/posts\/1270\/revisions\/1718"}],"wp:featuredmedia":[{"embeddable":true,"href":"https:\/\/podkarpacka.iarp.pl\/index.php?rest_route=\/wp\/v2\/media\/1278"}],"wp:attachment":[{"href":"https:\/\/podkarpacka.iarp.pl\/index.php?rest_route=%2Fwp%2Fv2%2Fmedia&parent=1270"}],"wp:term":[{"taxonomy":"category","embeddable":true,"href":"https:\/\/podkarpacka.iarp.pl\/index.php?rest_route=%2Fwp%2Fv2%2Fcategories&post=1270"},{"taxonomy":"post_tag","embeddable":true,"href":"https:\/\/podkarpacka.iarp.pl\/index.php?rest_route=%2Fwp%2Fv2%2Ftags&post=1270"}],"curies":[{"name":"wp","href":"https:\/\/api.w.org\/{rel}","templated":true}]}}