{"id":1290,"date":"2016-01-15T01:48:22","date_gmt":"2016-01-14T23:48:22","guid":{"rendered":"http:\/\/podkarpacka.iarp.pl\/?p=1290"},"modified":"2016-03-13T21:25:42","modified_gmt":"2016-03-13T19:25:42","slug":"07-01-2016-archi-czwartki-wernisaz-malarstwa-zbigniewa-swiecinskiego","status":"publish","type":"post","link":"https:\/\/podkarpacka.iarp.pl\/?p=1290","title":{"rendered":"[07.01.2016] ARCHI-Czwartki &#8211; Wernisa\u017c malarstwa Zbigniewa \u015awi\u0119ci\u0144skiego"},"content":{"rendered":"<p><a href=\"https:\/\/podkarpacka.iarp.pl\/wp-content\/uploads\/2015\/11\/sarp-archiczwartki-2.jpg\" rel=\"attachment wp-att-1286\"><img loading=\"lazy\" decoding=\"async\" class=\"alignleft size-full wp-image-1286\" src=\"https:\/\/podkarpacka.iarp.pl\/wp-content\/uploads\/2015\/11\/sarp-archiczwartki-2.jpg\" alt=\"sarp archiczwartki 2\" width=\"344\" height=\"228\" srcset=\"https:\/\/podkarpacka.iarp.pl\/wp-content\/uploads\/2015\/11\/sarp-archiczwartki-2.jpg 344w, https:\/\/podkarpacka.iarp.pl\/wp-content\/uploads\/2015\/11\/sarp-archiczwartki-2-300x199.jpg 300w\" sizes=\"auto, (max-width: 344px) 100vw, 344px\" \/><\/a><\/p>\n<h2 class=\"lead\"><strong>Termin wydarzenia: 07-01-2016<\/strong><\/h2>\n<h4 class=\"lead\"><strong>Miejsce: Rzesz\u00f3w, Siedziba SARP &#8211; Rynek 8<\/strong><\/h4>\n<div class=\"lead\">\n<div class=\"lead\" style=\"text-align: justify;\">\n<hr \/>\n<h3><span style=\"color: #333333;\"><strong>ZAPRASZAMY NA WERNISA\u017b MALARSTWA arch. ZBIGNIEWA \u015aWI\u0118CI\u0143SKIEGO. SPOTKANIE OP\u0141ATKOWE CZ\u0141ONK\u00d3W SARP.<\/strong><\/span><\/h3>\n<\/div>\n<\/div>\n<div style=\"text-align: justify;\">\n<hr \/>\n<h4 style=\"text-align: center;\"><strong>Rozpocz\u0119cie: 7 stycznia 2016r. 17:00.<\/strong><\/h4>\n<hr \/>\n<h4 style=\"text-align: center;\"><strong><br \/>\n<\/strong><strong>Wystaw\u0119 odwiedza\u0107 mo\u017cna do ko\u0144ca lutego 2016 w Siedzibie SARP Rzesz\u00f3w, Rynek 8<br \/>\n<\/strong><strong>Otwarte: Pn-Pt: od 10:00-16:00<\/strong><\/h4>\n<p><a href=\"https:\/\/podkarpacka.iarp.pl\/wp-content\/uploads\/2016\/01\/archi-czwartki-sarp-rzeszow8.jpg\" rel=\"attachment wp-att-1308\"><img loading=\"lazy\" decoding=\"async\" class=\"aligncenter wp-image-1308 size-full\" src=\"https:\/\/podkarpacka.iarp.pl\/wp-content\/uploads\/2016\/01\/archi-czwartki-sarp-rzeszow8.jpg\" alt=\"archi-czwartki-sarp-rzeszow8\" width=\"650\" height=\"956\" srcset=\"https:\/\/podkarpacka.iarp.pl\/wp-content\/uploads\/2016\/01\/archi-czwartki-sarp-rzeszow8.jpg 650w, https:\/\/podkarpacka.iarp.pl\/wp-content\/uploads\/2016\/01\/archi-czwartki-sarp-rzeszow8-204x300.jpg 204w\" sizes=\"auto, (max-width: 650px) 100vw, 650px\" \/><\/a><\/p>\n<hr \/>\n<\/div>\n<div class=\"row-fluid agenda\" style=\"text-align: justify;\">Tydzie\u0144 temu w siedzibie SARP oddzia\u0142 w Rzesz\u00f3w odby\u0142 si\u0119 wernisa\u017c malarstwa Zbigniewa \u015awi\u0119ci\u0144skiego organizowany w ramach ARCHI &#8211; CZWARTK\u00d3W.<\/div>\n<h3><strong>Go\u015b\u0107 specjalny: \u00a0architekt i artysta malarz Zbigniew \u015awi\u0119ci\u0144ski<\/strong><\/h3>\n<h5 style=\"text-align: justify;\">MALARSTWO:<\/h5>\n<blockquote>\n<h5 style=\"text-align: justify;\">Skrajnie spontaniczne malarstwo i \u017cywio\u0142owy temperament pozwalaj\u0105 zaliczy\u0107 malarstwo Zbigniewa \u015awi\u0119ci\u0144skiego do improwizowanego inspirowanego pod\u015bwiadomo\u015bci\u0105 ekspresjonizmu. W gruncie rzeczy jest to jednak malarstwo &#8220;materii&#8221;, nie pozbawione realistycznych aluzji. Co prawda \u015awi\u0119ci\u0144ski si\u0119ga po r\u00f3\u017cne bod\u017ace umo\u017cliwiaj\u0105ce mu znalezienie jakiego\u015b pretekstu do namalowania obrazu, ale zasadnicz\u0105 si\u0142\u0105 jego malarstwa jest rekonstruowanie subiektywnych prze\u017cy\u0107. Malarstwo to jest kreacj\u0105 wyzwalaj\u0105cych si\u0119 emocji, zw\u0142aszcza w obszarze koloru i materii. Z jednej strony autor d\u0105\u017cy jakby do radosnej, niczym nie skr\u0119powanej euforii, a z drugiej do pewnego dramatyzmu i niesamowito\u015bci. W malarstwie Zbigniewa \u015awi\u0119ci\u0144skiego cenn\u0105 rzecz\u0105 jest to, \u017ce artysta chce by\u0107 prawdziwy i spontaniczny i chce pokaza\u0107 co\u015b wyj\u0105tkowego, czym m\u00f3g\u0142by zadziwi\u0107 i zachwyci\u0107 nawet tych najbardziej wybrednych i konserwatywnych odbiorc\u00f3w sztuki i tych kt\u00f3rzy stykaj\u0105 si\u0119 z malarstwem w spos\u00f3b intuicyjny, a kt\u00f3rym potrzebne s\u0105 na co dzie\u0144 optymizm i niezwyk\u0142o\u015b\u0107 (&#8230;)<\/h5>\n<\/blockquote>\n<h5 style=\"text-align: right;\"><em>S. Tabisz MALARSTWO &#8211; ZBIGNIEW \u015aWI\u0118CI\u0143SKI<\/em><\/h5>\n<p><strong>Zbigniew \u015awi\u0119ci\u0144ski uko\u0144czy\u0142:<\/strong><\/p>\n<ul>\n<li>Wydzia\u0142 Architektury Politechniki Krakowskiej<\/li>\n<li>Wydzia\u0142 Malarstwa Akademii Sztuk Pi\u0119knych w Krakowie, pracownia prof. Juliusza Joniaka<\/li>\n<li>Stypendysta Ministra Kultury i Sztuki 1996\/97<\/li>\n<\/ul>\n<p><strong>Wystawy Indywidualne:<\/strong><\/p>\n<ul>\n<li>Galeria GIL, Krak\u00f3w<\/li>\n<li>Galeria Expo, Krak\u00f3w<\/li>\n<li>Galeria BWA, Krosno<\/li>\n<li>Galeria Vauxhall, Londyn<\/li>\n<li>Galeria POSK, Londyn<\/li>\n<li>Galeria Ma\u0142a, Gi\u017cycko<\/li>\n<li>Galeria Sztuki Wsp\u00f3\u0142czesnej, Suwa\u0142ki<\/li>\n<li>Galeria MDK, Sanok<\/li>\n<\/ul>\n<hr \/>\n<p><strong>Relacja z wydarzenia:<\/strong><\/p>\n<p><strong><a href=\"https:\/\/podkarpacka.iarp.pl\/wp-content\/uploads\/2016\/01\/archiczwartki-rzeszow-sarp-1.jpg\" rel=\"attachment wp-att-1292\"><img loading=\"lazy\" decoding=\"async\" class=\"aligncenter wp-image-1292 size-full\" src=\"https:\/\/podkarpacka.iarp.pl\/wp-content\/uploads\/2016\/01\/archiczwartki-rzeszow-sarp-1.jpg\" alt=\"archiczwartki-rzeszow-sarp-1\" width=\"650\" height=\"366\" srcset=\"https:\/\/podkarpacka.iarp.pl\/wp-content\/uploads\/2016\/01\/archiczwartki-rzeszow-sarp-1.jpg 650w, https:\/\/podkarpacka.iarp.pl\/wp-content\/uploads\/2016\/01\/archiczwartki-rzeszow-sarp-1-300x169.jpg 300w\" sizes=\"auto, (max-width: 650px) 100vw, 650px\" \/><\/a><\/strong><\/p>\n<p style=\"text-align: center;\"><a href=\"https:\/\/podkarpacka.iarp.pl\/wp-content\/uploads\/2016\/01\/archiczwartki-rzeszow-sarp-4.jpg\" rel=\"attachment wp-att-1295\"><img loading=\"lazy\" decoding=\"async\" class=\"alignnone wp-image-1295 size-full\" src=\"https:\/\/podkarpacka.iarp.pl\/wp-content\/uploads\/2016\/01\/archiczwartki-rzeszow-sarp-4.jpg\" alt=\"archiczwartki-rzeszow-sarp-4\" width=\"650\" height=\"366\" srcset=\"https:\/\/podkarpacka.iarp.pl\/wp-content\/uploads\/2016\/01\/archiczwartki-rzeszow-sarp-4.jpg 650w, https:\/\/podkarpacka.iarp.pl\/wp-content\/uploads\/2016\/01\/archiczwartki-rzeszow-sarp-4-300x169.jpg 300w\" sizes=\"auto, (max-width: 650px) 100vw, 650px\" \/><\/a><\/p>\n<p style=\"text-align: center;\"><a href=\"https:\/\/podkarpacka.iarp.pl\/wp-content\/uploads\/2016\/01\/archiczwartki-rzeszow-sarp-5.jpg\" rel=\"attachment wp-att-1296\"><img loading=\"lazy\" decoding=\"async\" class=\"alignnone wp-image-1296 size-full\" src=\"https:\/\/podkarpacka.iarp.pl\/wp-content\/uploads\/2016\/01\/archiczwartki-rzeszow-sarp-5.jpg\" alt=\"archiczwartki-rzeszow-sarp-5\" width=\"650\" height=\"366\" srcset=\"https:\/\/podkarpacka.iarp.pl\/wp-content\/uploads\/2016\/01\/archiczwartki-rzeszow-sarp-5.jpg 650w, https:\/\/podkarpacka.iarp.pl\/wp-content\/uploads\/2016\/01\/archiczwartki-rzeszow-sarp-5-300x169.jpg 300w\" sizes=\"auto, (max-width: 650px) 100vw, 650px\" \/><\/a><\/p>\n<p style=\"text-align: center;\"><a href=\"https:\/\/podkarpacka.iarp.pl\/wp-content\/uploads\/2016\/01\/archiczwartki-rzeszow-sarp-6.jpg\" rel=\"attachment wp-att-1297\"><img loading=\"lazy\" decoding=\"async\" class=\"alignnone wp-image-1297 size-full\" src=\"https:\/\/podkarpacka.iarp.pl\/wp-content\/uploads\/2016\/01\/archiczwartki-rzeszow-sarp-6.jpg\" alt=\"archiczwartki-rzeszow-sarp-6\" width=\"650\" height=\"366\" srcset=\"https:\/\/podkarpacka.iarp.pl\/wp-content\/uploads\/2016\/01\/archiczwartki-rzeszow-sarp-6.jpg 650w, https:\/\/podkarpacka.iarp.pl\/wp-content\/uploads\/2016\/01\/archiczwartki-rzeszow-sarp-6-300x169.jpg 300w\" sizes=\"auto, (max-width: 650px) 100vw, 650px\" \/><\/a><\/p>\n<hr \/>\n<div><\/div>\n<div style=\"text-align: center;\"><strong><span style=\"text-align: center; line-height: 1.5;\">Dzi\u0119kujemy serdecznie sympatykom sztuki za przebycie!<\/span><\/strong><\/div>\n<div style=\"text-align: center;\"><strong>\u017byczymy wszystkiego najlepszego w Nowym Roku 2016<\/strong><\/div>\n<div style=\"text-align: center;\">\n\n\t\t<style type=\"text\/css\">\n\t\t\t#gallery-1 {\n\t\t\t\tmargin: auto;\n\t\t\t}\n\t\t\t#gallery-1 .gallery-item {\n\t\t\t\tfloat: left;\n\t\t\t\tmargin-top: 10px;\n\t\t\t\ttext-align: center;\n\t\t\t\twidth: 33%;\n\t\t\t}\n\t\t\t#gallery-1 img {\n\t\t\t\tborder: 2px solid #cfcfcf;\n\t\t\t}\n\t\t\t#gallery-1 .gallery-caption {\n\t\t\t\tmargin-left: 0;\n\t\t\t}\n\t\t\t\/* see gallery_shortcode() in wp-includes\/media.php *\/\n\t\t<\/style>\n\t\t<div id='gallery-1' class='gallery galleryid-1290 gallery-columns-3 gallery-size-thumbnail'><dl class='gallery-item'>\n\t\t\t<dt class='gallery-icon portrait'>\n\t\t\t\t<a href='https:\/\/podkarpacka.iarp.pl\/?attachment_id=1315'><img loading=\"lazy\" decoding=\"async\" width=\"150\" height=\"150\" src=\"https:\/\/podkarpacka.iarp.pl\/wp-content\/uploads\/2016\/01\/wystawa-malarstwa-zbigniewa-swiecinskiego-2-150x150.jpg\" class=\"attachment-thumbnail size-thumbnail\" alt=\"\" \/><\/a>\n\t\t\t<\/dt><\/dl><dl class='gallery-item'>\n\t\t\t<dt class='gallery-icon portrait'>\n\t\t\t\t<a href='https:\/\/podkarpacka.iarp.pl\/?attachment_id=1316'><img loading=\"lazy\" decoding=\"async\" width=\"150\" height=\"150\" src=\"https:\/\/podkarpacka.iarp.pl\/wp-content\/uploads\/2016\/01\/wystawa-malarstwa-zbigniewa-swiecinskiego-3-150x150.jpg\" class=\"attachment-thumbnail size-thumbnail\" alt=\"\" \/><\/a>\n\t\t\t<\/dt><\/dl><dl class='gallery-item'>\n\t\t\t<dt class='gallery-icon portrait'>\n\t\t\t\t<a href='https:\/\/podkarpacka.iarp.pl\/?attachment_id=1317'><img loading=\"lazy\" decoding=\"async\" width=\"150\" height=\"150\" src=\"https:\/\/podkarpacka.iarp.pl\/wp-content\/uploads\/2016\/01\/wystawa-malarstwa-zbigniewa-swiecinskiego-5-150x150.jpg\" class=\"attachment-thumbnail size-thumbnail\" alt=\"\" srcset=\"https:\/\/podkarpacka.iarp.pl\/wp-content\/uploads\/2016\/01\/wystawa-malarstwa-zbigniewa-swiecinskiego-5-150x150.jpg 150w, https:\/\/podkarpacka.iarp.pl\/wp-content\/uploads\/2016\/01\/wystawa-malarstwa-zbigniewa-swiecinskiego-5-300x300.jpg 300w, https:\/\/podkarpacka.iarp.pl\/wp-content\/uploads\/2016\/01\/wystawa-malarstwa-zbigniewa-swiecinskiego-5-600x601.jpg 600w, https:\/\/podkarpacka.iarp.pl\/wp-content\/uploads\/2016\/01\/wystawa-malarstwa-zbigniewa-swiecinskiego-5.jpg 650w\" sizes=\"auto, (max-width: 150px) 100vw, 150px\" \/><\/a>\n\t\t\t<\/dt><\/dl><br style=\"clear: both\" \/><dl class='gallery-item'>\n\t\t\t<dt class='gallery-icon portrait'>\n\t\t\t\t<a href='https:\/\/podkarpacka.iarp.pl\/?attachment_id=1318'><img loading=\"lazy\" decoding=\"async\" width=\"150\" height=\"150\" src=\"https:\/\/podkarpacka.iarp.pl\/wp-content\/uploads\/2016\/01\/wystawa-malarstwa-zbigniewa-swiecinskiego-4-150x150.jpg\" class=\"attachment-thumbnail size-thumbnail\" alt=\"\" \/><\/a>\n\t\t\t<\/dt><\/dl><dl class='gallery-item'>\n\t\t\t<dt class='gallery-icon landscape'>\n\t\t\t\t<a href='https:\/\/podkarpacka.iarp.pl\/?attachment_id=1319'><img loading=\"lazy\" decoding=\"async\" width=\"150\" height=\"150\" src=\"https:\/\/podkarpacka.iarp.pl\/wp-content\/uploads\/2016\/01\/wystawa-malarstwa-zbigniewa-swiecinskiego-6-150x150.jpg\" class=\"attachment-thumbnail size-thumbnail\" alt=\"\" \/><\/a>\n\t\t\t<\/dt><\/dl><dl class='gallery-item'>\n\t\t\t<dt class='gallery-icon portrait'>\n\t\t\t\t<a href='https:\/\/podkarpacka.iarp.pl\/?attachment_id=1320'><img loading=\"lazy\" decoding=\"async\" width=\"150\" height=\"150\" src=\"https:\/\/podkarpacka.iarp.pl\/wp-content\/uploads\/2016\/01\/wystawa-malarstwa-zbigniewa-swiecinskiego-1-150x150.jpg\" class=\"attachment-thumbnail size-thumbnail\" alt=\"\" srcset=\"https:\/\/podkarpacka.iarp.pl\/wp-content\/uploads\/2016\/01\/wystawa-malarstwa-zbigniewa-swiecinskiego-1-150x150.jpg 150w, https:\/\/podkarpacka.iarp.pl\/wp-content\/uploads\/2016\/01\/wystawa-malarstwa-zbigniewa-swiecinskiego-1-298x300.jpg 298w, https:\/\/podkarpacka.iarp.pl\/wp-content\/uploads\/2016\/01\/wystawa-malarstwa-zbigniewa-swiecinskiego-1-600x604.jpg 600w, https:\/\/podkarpacka.iarp.pl\/wp-content\/uploads\/2016\/01\/wystawa-malarstwa-zbigniewa-swiecinskiego-1.jpg 650w\" sizes=\"auto, (max-width: 150px) 100vw, 150px\" \/><\/a>\n\t\t\t<\/dt><\/dl><br style=\"clear: both\" \/>\n\t\t<\/div>\n\n<p>Niekt\u00f3re z wielu prac Zbigniewa \u015awi\u0119ci\u0144skiego. Zapraszamy do obejrzenia na \u017cywo w siedzibie Rzeszowskiego SARP Rynek 8 do ko\u0144ca lutego 2016r.<\/p>\n<\/div>\n","protected":false},"excerpt":{"rendered":"<p>Termin wydarzenia: 07-01-2016 Miejsce: Rzesz\u00f3w, Siedziba SARP &#8211; Rynek 8 ZAPRASZAMY NA WERNISA\u017b MALARSTWA arch. ZBIGNIEWA \u015aWI\u0118CI\u0143SKIEGO. SPOTKANIE OP\u0141ATKOWE CZ\u0141ONK\u00d3W SARP. Rozpocz\u0119cie: 7 stycznia 2016r. 17:00. Wystaw\u0119 odwiedza\u0107 mo\u017cna do ko\u0144ca lutego 2016 w Siedzibie SARP Rzesz\u00f3w, Rynek 8 Otwarte: Pn-Pt: od 10:00-16:00 Tydzie\u0144 temu w siedzibie SARP oddzia\u0142 w Rzesz\u00f3w odby\u0142 si\u0119 wernisa\u017c malarstwa [&hellip;]<\/p>\n","protected":false},"author":7,"featured_media":1328,"comment_status":"closed","ping_status":"open","sticky":false,"template":"","format":"standard","meta":{"footnotes":""},"categories":[55],"tags":[78,77,76],"class_list":["post-1290","post","type-post","status-publish","format-standard","has-post-thumbnail","hentry","category-wydarzenia","tag-eventy","tag-spotkania","tag-wydarzenia"],"publishpress_future_action":{"enabled":false,"date":"2026-05-05 02:18:22","action":"change-status","newStatus":"draft","terms":[],"taxonomy":"category","extraData":[]},"publishpress_future_workflow_manual_trigger":{"enabledWorkflows":[]},"_links":{"self":[{"href":"https:\/\/podkarpacka.iarp.pl\/index.php?rest_route=\/wp\/v2\/posts\/1290","targetHints":{"allow":["GET"]}}],"collection":[{"href":"https:\/\/podkarpacka.iarp.pl\/index.php?rest_route=\/wp\/v2\/posts"}],"about":[{"href":"https:\/\/podkarpacka.iarp.pl\/index.php?rest_route=\/wp\/v2\/types\/post"}],"author":[{"embeddable":true,"href":"https:\/\/podkarpacka.iarp.pl\/index.php?rest_route=\/wp\/v2\/users\/7"}],"replies":[{"embeddable":true,"href":"https:\/\/podkarpacka.iarp.pl\/index.php?rest_route=%2Fwp%2Fv2%2Fcomments&post=1290"}],"version-history":[{"count":16,"href":"https:\/\/podkarpacka.iarp.pl\/index.php?rest_route=\/wp\/v2\/posts\/1290\/revisions"}],"predecessor-version":[{"id":1323,"href":"https:\/\/podkarpacka.iarp.pl\/index.php?rest_route=\/wp\/v2\/posts\/1290\/revisions\/1323"}],"wp:featuredmedia":[{"embeddable":true,"href":"https:\/\/podkarpacka.iarp.pl\/index.php?rest_route=\/wp\/v2\/media\/1328"}],"wp:attachment":[{"href":"https:\/\/podkarpacka.iarp.pl\/index.php?rest_route=%2Fwp%2Fv2%2Fmedia&parent=1290"}],"wp:term":[{"taxonomy":"category","embeddable":true,"href":"https:\/\/podkarpacka.iarp.pl\/index.php?rest_route=%2Fwp%2Fv2%2Fcategories&post=1290"},{"taxonomy":"post_tag","embeddable":true,"href":"https:\/\/podkarpacka.iarp.pl\/index.php?rest_route=%2Fwp%2Fv2%2Ftags&post=1290"}],"curies":[{"name":"wp","href":"https:\/\/api.w.org\/{rel}","templated":true}]}}