{"id":131,"date":"2013-01-02T14:05:19","date_gmt":"2013-01-02T12:05:19","guid":{"rendered":"http:\/\/weeklynews-wp.mipdesign.com\/?p=131"},"modified":"2015-10-10T02:42:58","modified_gmt":"2015-10-10T00:42:58","slug":"prawo-autorskie","status":"publish","type":"post","link":"https:\/\/podkarpacka.iarp.pl\/?p=131","title":{"rendered":"[25-01-2013] Prawo autorskie w dzia\u0142alno\u015bci projektowej architekt\u00f3w"},"content":{"rendered":"<h2 class=\"lead\"><strong>Termin szkolenia: 25-01-2013<\/strong><\/h2>\n<p class=\"lead\"><strong>Miejsce: Rzesz\u00f3w, Rynek 8 (siedziba POIA RP)<\/strong><\/p>\n<div class=\"lead\">\n<div class=\"lead\"><\/div>\n<div class=\"lead\">\n<div class=\"lead\" style=\"text-align: justify;\">\n<hr \/>\n<h4><span style=\"color: #333333;\"><strong>BEZP\u0141ATNE SZKOLENIE DLA ARCHITEKT\u00d3W IARP<\/strong><\/span><\/h4>\n<\/div>\n<\/div>\n<div style=\"text-align: justify;\">\n<blockquote>\n<h3 style=\"text-align: left;\"><strong>PRAWO AUTORSKIE W DZIA\u0141ALNO\u015aCI PROJEKTOWEJ ARCHITEKT\u00d3W IARP\u00a0<\/strong><\/h3>\n<\/blockquote>\n<\/div>\n<div style=\"text-align: justify;\">\n<hr \/>\n<h4><strong>Rejestracja do: 09:00, Rozpocz\u0119cie do: 9:30<\/strong><\/h4>\n<hr \/>\n<\/div>\n<div class=\"row-fluid agenda\" style=\"text-align: justify;\"><\/div>\n<\/div>\n<h3><strong>Cz\u0119\u015b\u0107 1 (10.00-11.30)<\/strong><\/h3>\n<ul>\n<li>wyk\u0142ad; podstawowe zagadnienia prawa autorskiego<\/li>\n<li>wprowadzenie w problematyk\u0119 prawa autorskiego zwi\u0105zanego z wykonywaniem zawodu architekta itp<\/li>\n<\/ul>\n<p><strong> przerwa kawowa, zimne zak\u0105ski \u2013 ok. 15min. <\/strong><\/p>\n<h3><strong>Cz\u0119\u015b\u0107 2 (11.45-13.30)<\/strong><\/h3>\n<ul>\n<li>po przerwie ok. 20 min. prezentacja sponsora-1<\/li>\n<li>prawo autorskie \u201ew pytaniach i odpowiedziach\u201d<\/li>\n<li>odpowiedzi na pytania uczestnik\u00f3w<\/li>\n<\/ul>\n<p><strong>przerwa kawowa, zimne zak\u0105ski \u2013 ok. 15min. <\/strong><\/p>\n<h3><strong>Cz\u0119\u015b\u0107 3 (13.45-15.30)<\/strong><\/h3>\n<ul>\n<li>\u00a0po przerwie ok. 20 min. prezentacja sponsora-2<\/li>\n<li>dyskusja, odpowiedzi na pytania uczestnik\u00f3w<\/li>\n<\/ul>\n<h3><\/h3>\n","protected":false},"excerpt":{"rendered":"<p>Termin szkolenia: 25-01-2013 Miejsce: Rzesz\u00f3w, Rynek 8 (siedziba POIA RP) BEZP\u0141ATNE SZKOLENIE DLA ARCHITEKT\u00d3W IARP PRAWO AUTORSKIE W DZIA\u0141ALNO\u015aCI PROJEKTOWEJ ARCHITEKT\u00d3W IARP\u00a0 Rejestracja do: 09:00, Rozpocz\u0119cie do: 9:30 Cz\u0119\u015b\u0107 1 (10.00-11.30) wyk\u0142ad; podstawowe zagadnienia prawa autorskiego wprowadzenie w problematyk\u0119 prawa autorskiego zwi\u0105zanego z wykonywaniem zawodu architekta itp przerwa kawowa, zimne zak\u0105ski \u2013 ok. 15min. Cz\u0119\u015b\u0107 [&hellip;]<\/p>\n","protected":false},"author":7,"featured_media":861,"comment_status":"open","ping_status":"open","sticky":false,"template":"","format":"standard","meta":{"footnotes":""},"categories":[57,58],"tags":[],"class_list":["post-131","post","type-post","status-publish","format-standard","has-post-thumbnail","hentry","category-szkolenia","category-szkolenia-certyfikowane"],"publishpress_future_action":{"enabled":false,"date":"2026-05-04 22:47:53","action":"change-status","newStatus":"draft","terms":[],"taxonomy":"category","extraData":[]},"publishpress_future_workflow_manual_trigger":{"enabledWorkflows":[]},"_links":{"self":[{"href":"https:\/\/podkarpacka.iarp.pl\/index.php?rest_route=\/wp\/v2\/posts\/131","targetHints":{"allow":["GET"]}}],"collection":[{"href":"https:\/\/podkarpacka.iarp.pl\/index.php?rest_route=\/wp\/v2\/posts"}],"about":[{"href":"https:\/\/podkarpacka.iarp.pl\/index.php?rest_route=\/wp\/v2\/types\/post"}],"author":[{"embeddable":true,"href":"https:\/\/podkarpacka.iarp.pl\/index.php?rest_route=\/wp\/v2\/users\/7"}],"replies":[{"embeddable":true,"href":"https:\/\/podkarpacka.iarp.pl\/index.php?rest_route=%2Fwp%2Fv2%2Fcomments&post=131"}],"version-history":[{"count":5,"href":"https:\/\/podkarpacka.iarp.pl\/index.php?rest_route=\/wp\/v2\/posts\/131\/revisions"}],"predecessor-version":[{"id":1092,"href":"https:\/\/podkarpacka.iarp.pl\/index.php?rest_route=\/wp\/v2\/posts\/131\/revisions\/1092"}],"wp:featuredmedia":[{"embeddable":true,"href":"https:\/\/podkarpacka.iarp.pl\/index.php?rest_route=\/wp\/v2\/media\/861"}],"wp:attachment":[{"href":"https:\/\/podkarpacka.iarp.pl\/index.php?rest_route=%2Fwp%2Fv2%2Fmedia&parent=131"}],"wp:term":[{"taxonomy":"category","embeddable":true,"href":"https:\/\/podkarpacka.iarp.pl\/index.php?rest_route=%2Fwp%2Fv2%2Fcategories&post=131"},{"taxonomy":"post_tag","embeddable":true,"href":"https:\/\/podkarpacka.iarp.pl\/index.php?rest_route=%2Fwp%2Fv2%2Ftags&post=131"}],"curies":[{"name":"wp","href":"https:\/\/api.w.org\/{rel}","templated":true}]}}