{"id":1335,"date":"2016-01-29T12:12:34","date_gmt":"2016-01-29T10:12:34","guid":{"rendered":"http:\/\/podkarpacka.iarp.pl\/?p=1335"},"modified":"2016-03-15T01:57:51","modified_gmt":"2016-03-14T23:57:51","slug":"04-02-2016-archi-czwartki-piotr-musialowski","status":"publish","type":"post","link":"https:\/\/podkarpacka.iarp.pl\/?p=1335","title":{"rendered":"[04.02.2016] ARCHI-Czwartki &#8211; Piotr Musia\u0142owski"},"content":{"rendered":"<p><a href=\"https:\/\/podkarpacka.iarp.pl\/wp-content\/uploads\/2015\/11\/sarp-archiczwartki-2.jpg\" rel=\"attachment wp-att-1286\"><img loading=\"lazy\" decoding=\"async\" class=\"alignleft size-full wp-image-1286\" src=\"https:\/\/podkarpacka.iarp.pl\/wp-content\/uploads\/2015\/11\/sarp-archiczwartki-2.jpg\" alt=\"sarp archiczwartki 2\" width=\"344\" height=\"228\" srcset=\"https:\/\/podkarpacka.iarp.pl\/wp-content\/uploads\/2015\/11\/sarp-archiczwartki-2.jpg 344w, https:\/\/podkarpacka.iarp.pl\/wp-content\/uploads\/2015\/11\/sarp-archiczwartki-2-300x199.jpg 300w\" sizes=\"auto, (max-width: 344px) 100vw, 344px\" \/><\/a><\/p>\n<h2 class=\"lead\"><strong>Termin wydarzenia: 04-02-2016<\/strong><\/h2>\n<h4 class=\"lead\"><strong>Miejsce: Rzesz\u00f3w, Rynek 1 &#8211; RATUSZ (Sala &#8220;\u015alub\u00f3w&#8221;)<\/strong><\/h4>\n<div class=\"lead\">\n<div class=\"lead\" style=\"text-align: justify;\">\n<hr \/>\n<h3><span style=\"color: #333333;\"><strong>BLISKIE SPOTKANIA Z ARCHITEKTUR\u0104<\/strong><\/span><\/h3>\n<\/div>\n<\/div>\n<div style=\"text-align: justify;\">\n<hr \/>\n<h4><strong>\u00a0Rozpocz\u0119cie:\u00a017:00<\/strong><\/h4>\n<hr \/>\n<\/div>\n<div class=\"row-fluid agenda\" style=\"text-align: justify;\">W imieniu SARP oddzia\u0142 w Rzeszowie, w ramach bliskich spotka\u0144 z Architektur\u0105 \u201eARCHI &#8211; CZWARTKI\u201d, zapraszamy serdecznie <strong>04 lutego o godz. 17.00 do Ratusza w Rzeszowie<\/strong> na spotkanie z architektem <strong>PIOTREM MUSIA\u0141OWSKIM<\/strong>, kt\u00f3ry wraz z Micha\u0142em Adamczykiem wsp\u00f3\u0142tworzy pracowni\u0119 projektow\u0105 pn. &#8220;2pm&#8221; z Warszawy.<\/div>\n<div class=\"row-fluid agenda\" style=\"text-align: justify;\"><\/div>\n<div class=\"row-fluid agenda\" style=\"text-align: justify;\">Spotykamy si\u0119 w sali \u015blub\u00f3w Ratusza Miejskiego (Rzesz\u00f3w, Rynek 1).<\/div>\n<h3><strong>Go\u015b\u0107 specjalny \u00a0arch.\u00a0Piotr MUSIA\u0141OWSKI<\/strong><\/h3>\n<h5 style=\"text-align: justify;\">W czerwcu 2014 wygra\u0142 konkurs na projekt polskiego pawilonu na Wystaw\u0119 \u015awiatow\u0105 EXPO 2015 w Mediolanie, \u00a0laureat wielu nagr\u00f3d i wyr\u00f3\u017cnie\u0144 w konkursach architektonicznych.<\/h5>\n<h5 style=\"text-align: justify;\"><\/h5>\n<p><strong>&#8211;&gt; Zapisy na Wydarzenie &#8211;&gt;<\/strong>\u00a0<a href=\"https:\/\/www.facebook.com\/events\/1541694129478723\/\">https:\/\/www.facebook.com\/events\/1541694129478723\/<\/a><\/p>\n<hr \/>\n<p><strong>Po zako\u0144czeniu spotkania zapraszamy do siedziby SARP, Rynek 8 na spotkanie networkingowe z kolegami architektami przy smacznych t\u0142ustoczwartkowych p\u0105czkach.\u00a0<\/strong><\/p>\n<hr \/>\n<div><\/div>\n<div>\u00a0<a href=\"https:\/\/podkarpacka.iarp.pl\/wp-content\/uploads\/2016\/02\/arcjhiczwartki-sarp-izba-architektow-piotr-musialowski.jpg\" rel=\"attachment wp-att-1336\"><img loading=\"lazy\" decoding=\"async\" class=\"size-full wp-image-1336 aligncenter\" src=\"https:\/\/podkarpacka.iarp.pl\/wp-content\/uploads\/2016\/02\/arcjhiczwartki-sarp-izba-architektow-piotr-musialowski.jpg\" alt=\"arcjhiczwartki sarp izba architektow piotr musialowski\" width=\"700\" height=\"1018\" srcset=\"https:\/\/podkarpacka.iarp.pl\/wp-content\/uploads\/2016\/02\/arcjhiczwartki-sarp-izba-architektow-piotr-musialowski.jpg 700w, https:\/\/podkarpacka.iarp.pl\/wp-content\/uploads\/2016\/02\/arcjhiczwartki-sarp-izba-architektow-piotr-musialowski-206x300.jpg 206w\" sizes=\"auto, (max-width: 700px) 100vw, 700px\" \/><\/a><\/div>\n<div><\/div>\n<div><strong style=\"text-align: center; line-height: 1.5;\">Relacj\u0119\u00a0z pierwszego, inauguracyjnego spotkania mo\u017cecie zobaczy\u0107<a href=\"https:\/\/podkarpacka.iarp.pl\/?p=1200\"> tutaj (klik) <\/a><\/strong><span style=\"text-align: center; line-height: 1.5;\">By\u0142o Was o wiele wi\u0119cej ni\u017c si\u0119 spodziewali\u015bmy, a spotkanie trwa\u0142o niemal do p\u00f3\u0142nocy.<\/span><\/div>\n<div style=\"text-align: center;\">Planujemy powt\u00f3rzy\u0107 to i tym razem.<\/div>\n<div style=\"text-align: center;\">Raz jeszcze &#8211; serdecznie zapraszamy!<\/div>\n","protected":false},"excerpt":{"rendered":"<p>Termin wydarzenia: 04-02-2016 Miejsce: Rzesz\u00f3w, Rynek 1 &#8211; RATUSZ (Sala &#8220;\u015alub\u00f3w&#8221;) BLISKIE SPOTKANIA Z ARCHITEKTUR\u0104 \u00a0Rozpocz\u0119cie:\u00a017:00 W imieniu SARP oddzia\u0142 w Rzeszowie, w ramach bliskich spotka\u0144 z Architektur\u0105 \u201eARCHI &#8211; CZWARTKI\u201d, zapraszamy serdecznie 04 lutego o godz. 17.00 do Ratusza w Rzeszowie na spotkanie z architektem PIOTREM MUSIA\u0141OWSKIM, kt\u00f3ry wraz z Micha\u0142em Adamczykiem wsp\u00f3\u0142tworzy pracowni\u0119 [&hellip;]<\/p>\n","protected":false},"author":7,"featured_media":1374,"comment_status":"closed","ping_status":"open","sticky":false,"template":"","format":"standard","meta":{"footnotes":""},"categories":[65,55],"tags":[78,77,76],"class_list":["post-1335","post","type-post","status-publish","format-standard","has-post-thumbnail","hentry","category-partonaty","category-wydarzenia","tag-eventy","tag-spotkania","tag-wydarzenia"],"publishpress_future_action":{"enabled":false,"date":"2026-05-05 14:13:09","action":"change-status","newStatus":"draft","terms":[],"taxonomy":"category","extraData":[]},"publishpress_future_workflow_manual_trigger":{"enabledWorkflows":[]},"_links":{"self":[{"href":"https:\/\/podkarpacka.iarp.pl\/index.php?rest_route=\/wp\/v2\/posts\/1335","targetHints":{"allow":["GET"]}}],"collection":[{"href":"https:\/\/podkarpacka.iarp.pl\/index.php?rest_route=\/wp\/v2\/posts"}],"about":[{"href":"https:\/\/podkarpacka.iarp.pl\/index.php?rest_route=\/wp\/v2\/types\/post"}],"author":[{"embeddable":true,"href":"https:\/\/podkarpacka.iarp.pl\/index.php?rest_route=\/wp\/v2\/users\/7"}],"replies":[{"embeddable":true,"href":"https:\/\/podkarpacka.iarp.pl\/index.php?rest_route=%2Fwp%2Fv2%2Fcomments&post=1335"}],"version-history":[{"count":8,"href":"https:\/\/podkarpacka.iarp.pl\/index.php?rest_route=\/wp\/v2\/posts\/1335\/revisions"}],"predecessor-version":[{"id":1392,"href":"https:\/\/podkarpacka.iarp.pl\/index.php?rest_route=\/wp\/v2\/posts\/1335\/revisions\/1392"}],"wp:featuredmedia":[{"embeddable":true,"href":"https:\/\/podkarpacka.iarp.pl\/index.php?rest_route=\/wp\/v2\/media\/1374"}],"wp:attachment":[{"href":"https:\/\/podkarpacka.iarp.pl\/index.php?rest_route=%2Fwp%2Fv2%2Fmedia&parent=1335"}],"wp:term":[{"taxonomy":"category","embeddable":true,"href":"https:\/\/podkarpacka.iarp.pl\/index.php?rest_route=%2Fwp%2Fv2%2Fcategories&post=1335"},{"taxonomy":"post_tag","embeddable":true,"href":"https:\/\/podkarpacka.iarp.pl\/index.php?rest_route=%2Fwp%2Fv2%2Ftags&post=1335"}],"curies":[{"name":"wp","href":"https:\/\/api.w.org\/{rel}","templated":true}]}}