{"id":1357,"date":"2016-02-06T13:25:28","date_gmt":"2016-02-06T11:25:28","guid":{"rendered":"http:\/\/podkarpacka.iarp.pl\/?p=1357"},"modified":"2016-03-15T02:01:16","modified_gmt":"2016-03-15T00:01:16","slug":"dom-moich-marzen-2015","status":"publish","type":"post","link":"https:\/\/podkarpacka.iarp.pl\/?p=1357","title":{"rendered":"Fina\u0142 V edycji Konkursu da dzieci IV klas SP &#8211; &#8220;Dom Moich Marze\u0144&#8221; 2015"},"content":{"rendered":"<h2><strong>Fina\u0142 V edycji konkursu dla dzieci IV klas szk\u00f3\u0142 podstawowych \u2013 \u201eDOM MOICH MARZE\u0143\u201d<\/strong><\/h2>\n<p><strong>Dnia 30 grudnia 2015 odby\u0142y si\u0119 obrady jury V edycji konkursu dla dzieci \u201eDom moich marze\u0144\u201d.<\/strong> Prace oceniali\u015bmy bardzo d\u0142ugo i bardzo wnikliwie. Niekt\u00f3re zachwyca\u0142y nas swoim pomys\u0142em obrazuj\u0105cym ide\u0119 domu, inne technik\u0105 wykonania, jeszcze inne ciekawym, \u015bwie\u017cym spojrzeniem na domowo-projektow\u0105 tematyk\u0119 i jej oboczno\u015bci.<\/p>\n<p><a href=\"https:\/\/podkarpacka.iarp.pl\/wp-content\/uploads\/2016\/02\/dom-moich-marzen-2015-3.jpg\" rel=\"attachment wp-att-1360\"><img loading=\"lazy\" decoding=\"async\" class=\"size-full wp-image-1360 aligncenter\" src=\"https:\/\/podkarpacka.iarp.pl\/wp-content\/uploads\/2016\/02\/dom-moich-marzen-2015-3.jpg\" alt=\"dom moich marzen 2015 3\" width=\"800\" height=\"450\" srcset=\"https:\/\/podkarpacka.iarp.pl\/wp-content\/uploads\/2016\/02\/dom-moich-marzen-2015-3.jpg 800w, https:\/\/podkarpacka.iarp.pl\/wp-content\/uploads\/2016\/02\/dom-moich-marzen-2015-3-300x169.jpg 300w, https:\/\/podkarpacka.iarp.pl\/wp-content\/uploads\/2016\/02\/dom-moich-marzen-2015-3-768x432.jpg 768w\" sizes=\"auto, (max-width: 800px) 100vw, 800px\" \/><\/a><\/p>\n<p>Zaanga\u017cowani w wydarzenie cz\u0142onkowie Podkarpackiej Izby Architekt\u00f3w odbyli w szko\u0142ach, bior\u0105cych udzia\u0142 w konkursie, seri\u0119 prezentacji multimedialnych opisuj\u0105cych ide\u0119 domu, histori\u0119 budowania, rol\u0119 architekta w \u017cyciu cz\u0142owieka i w procesie inwestycyjnym. Wszystko po to, by rozpali\u0107 w m\u0142odych ludziach iskr\u0119 ciekawo\u015bci \u201ejak to jest zrobione\u201d i \u201epo co to jest\u201d.<\/p>\n<h3 style=\"text-align: center;\"><strong>Mamy ju\u017c wyniki konkursu \u201eDOM MOICH MARZE\u0143\u201d!\u00a0<a href=\"https:\/\/podkarpacka.iarp.pl\/wp-content\/uploads\/2016\/02\/dom-moich-marzen-2015-7.jpg\" rel=\"attachment wp-att-1364\"><img loading=\"lazy\" decoding=\"async\" class=\"size-full wp-image-1364 aligncenter\" src=\"https:\/\/podkarpacka.iarp.pl\/wp-content\/uploads\/2016\/02\/dom-moich-marzen-2015-7.jpg\" alt=\"dom moich marzen 2015 7\" width=\"800\" height=\"450\" srcset=\"https:\/\/podkarpacka.iarp.pl\/wp-content\/uploads\/2016\/02\/dom-moich-marzen-2015-7.jpg 800w, https:\/\/podkarpacka.iarp.pl\/wp-content\/uploads\/2016\/02\/dom-moich-marzen-2015-7-300x169.jpg 300w, https:\/\/podkarpacka.iarp.pl\/wp-content\/uploads\/2016\/02\/dom-moich-marzen-2015-7-768x432.jpg 768w\" sizes=\"auto, (max-width: 800px) 100vw, 800px\" \/><\/a><\/strong><\/h3>\n<p style=\"text-align: center;\"><strong>Prace w ramach V edycji konkursu z\u0142o\u017cy\u0142o a\u017c 1026 dzieci z 23 szk\u00f3\u0142 podstawowych Podkarpacia.<\/strong><\/p>\n<p style=\"text-align: center;\">W konkursie bra\u0142y udzia\u0142 szko\u0142y z Rzeszowa, D\u0119bicy, Krosna, \u0141a\u0144cuta, Kr\u00f3lika Polskiego i Przemy\u015bla.<\/p>\n<p style=\"text-align: left;\">Przyznano:<\/p>\n<ul>\n<li style=\"text-align: left;\">6 nagr\u00f3d g\u0142\u00f3wnych<\/li>\n<li style=\"text-align: left;\">43 wyr\u00f3\u017cnienia indywidualne<\/li>\n<li style=\"text-align: left;\">1 nagrod\u0119 dla klasy<\/li>\n<li style=\"text-align: left;\">nagrod\u0119 specjaln\u0105 dla wszystkich klas IV Szko\u0142y Podstawowej nr 5 przy Zespole Szk\u00f3\u0142 nr 8 w Rzeszowie, kt\u00f3rych prowadz\u0105ca, to pani Urszula Moskwa-Roma\u0144czuk.<\/li>\n<\/ul>\n<h3 style=\"text-align: center;\"><strong>Otwarcie Wystawy\u00a0wraz z wr\u0119czeniem nagr\u00f3d laureatom:<\/strong><\/h3>\n<p style=\"text-align: center;\"><strong>KIEDY:<\/strong> 11 lutego 2016r. o godz. 15:00<\/p>\n<p style=\"text-align: center;\"><img loading=\"lazy\" decoding=\"async\" class=\"size-full wp-image-1363 alignnone\" src=\"https:\/\/podkarpacka.iarp.pl\/wp-content\/uploads\/2016\/02\/dom-moich-marzen-2015-6.jpg\" alt=\"dom moich marzen 2015 6\" width=\"800\" height=\"450\" srcset=\"https:\/\/podkarpacka.iarp.pl\/wp-content\/uploads\/2016\/02\/dom-moich-marzen-2015-6.jpg 800w, https:\/\/podkarpacka.iarp.pl\/wp-content\/uploads\/2016\/02\/dom-moich-marzen-2015-6-300x169.jpg 300w, https:\/\/podkarpacka.iarp.pl\/wp-content\/uploads\/2016\/02\/dom-moich-marzen-2015-6-768x432.jpg 768w\" sizes=\"auto, (max-width: 800px) 100vw, 800px\" \/><\/p>\n<p style=\"text-align: center;\"><strong>GDZIE:<\/strong> hall wej\u015bciowy\u00a0Podziemnej Trasy Turystycznej w Rzeszowie Rynek 26<\/p>\n<p>Serdecznie zapraszamy osoby nagrodzone wraz z opiekunami i wychowawcami.<br \/>\nW trakcie wr\u0119czenia nagr\u00f3d, jak co roku, zostan\u0105 rozdane <strong>kalendarze \u00a0z wybranymi\u00a0nagrodzonymi\u00a0i\u00a0wyr\u00f3\u017cnionymi\u00a0pracami.<\/strong><br \/>\nJe\u017celi osoby nagrodzone i wyr\u00f3\u017cnione nie b\u0119d\u0105 mog\u0142y pojawi\u0107 si\u0119 na finale osobi\u015bcie, nagrody i wyr\u00f3\u017cnienia przeka\u017cemy nauczycielowi z danej szko\u0142y<\/p>\n<p><img loading=\"lazy\" decoding=\"async\" class=\"size-full wp-image-1365 aligncenter\" src=\"https:\/\/podkarpacka.iarp.pl\/wp-content\/uploads\/2016\/02\/dom-moich-marzen-2015.jpg\" alt=\"dom moich marzen 2015\" width=\"800\" height=\"450\" srcset=\"https:\/\/podkarpacka.iarp.pl\/wp-content\/uploads\/2016\/02\/dom-moich-marzen-2015.jpg 800w, https:\/\/podkarpacka.iarp.pl\/wp-content\/uploads\/2016\/02\/dom-moich-marzen-2015-300x169.jpg 300w, https:\/\/podkarpacka.iarp.pl\/wp-content\/uploads\/2016\/02\/dom-moich-marzen-2015-768x432.jpg 768w\" sizes=\"auto, (max-width: 800px) 100vw, 800px\" \/><a href=\"https:\/\/podkarpacka.iarp.pl\/wp-content\/uploads\/2016\/02\/dom-moich-marzen-2015-4.jpg\" rel=\"attachment wp-att-1361\"><img loading=\"lazy\" decoding=\"async\" class=\"size-full wp-image-1361 aligncenter\" src=\"https:\/\/podkarpacka.iarp.pl\/wp-content\/uploads\/2016\/02\/dom-moich-marzen-2015-4.jpg\" alt=\"dom moich marzen 2015 4\" width=\"800\" height=\"450\" srcset=\"https:\/\/podkarpacka.iarp.pl\/wp-content\/uploads\/2016\/02\/dom-moich-marzen-2015-4.jpg 800w, https:\/\/podkarpacka.iarp.pl\/wp-content\/uploads\/2016\/02\/dom-moich-marzen-2015-4-300x169.jpg 300w, https:\/\/podkarpacka.iarp.pl\/wp-content\/uploads\/2016\/02\/dom-moich-marzen-2015-4-768x432.jpg 768w\" sizes=\"auto, (max-width: 800px) 100vw, 800px\" \/><\/a><a href=\"https:\/\/podkarpacka.iarp.pl\/wp-content\/uploads\/2016\/02\/dom-moich-marzen-2015-2.jpg\" rel=\"attachment wp-att-1359\"><img loading=\"lazy\" decoding=\"async\" class=\"size-full wp-image-1359 aligncenter\" src=\"https:\/\/podkarpacka.iarp.pl\/wp-content\/uploads\/2016\/02\/dom-moich-marzen-2015-2.jpg\" alt=\"dom moich marzen 2015 (2)\" width=\"800\" height=\"450\" srcset=\"https:\/\/podkarpacka.iarp.pl\/wp-content\/uploads\/2016\/02\/dom-moich-marzen-2015-2.jpg 800w, https:\/\/podkarpacka.iarp.pl\/wp-content\/uploads\/2016\/02\/dom-moich-marzen-2015-2-300x169.jpg 300w, https:\/\/podkarpacka.iarp.pl\/wp-content\/uploads\/2016\/02\/dom-moich-marzen-2015-2-768x432.jpg 768w\" sizes=\"auto, (max-width: 800px) 100vw, 800px\" \/><\/a><\/p>\n<h3 style=\"text-align: center;\"><strong>Wystawa nagrodzonych prac otwarta b\u0119dzie do 21 lutego 2016r.<\/strong><\/h3>\n<p style=\"text-align: center;\"><strong>Zapraszamy serdecznie i gratulujemy zwyci\u0119zcom konkursu, wyr\u00f3\u017cnionym oraz wszystkim bior\u0105cym udzia\u0142 w konkursie, jak r\u00f3wnie\u017c ich opiekunom.<\/strong><\/p>\n","protected":false},"excerpt":{"rendered":"<p>Fina\u0142 V edycji konkursu dla dzieci IV klas szk\u00f3\u0142 podstawowych \u2013 \u201eDOM MOICH MARZE\u0143\u201d Dnia 30 grudnia 2015 odby\u0142y si\u0119 obrady jury V edycji konkursu dla dzieci \u201eDom moich marze\u0144\u201d. Prace oceniali\u015bmy bardzo d\u0142ugo i bardzo wnikliwie. Niekt\u00f3re zachwyca\u0142y nas swoim pomys\u0142em obrazuj\u0105cym ide\u0119 domu, inne technik\u0105 wykonania, jeszcze inne ciekawym, \u015bwie\u017cym spojrzeniem na domowo-projektow\u0105 [&hellip;]<\/p>\n","protected":false},"author":7,"featured_media":1358,"comment_status":"closed","ping_status":"open","sticky":false,"template":"","format":"gallery","meta":{"footnotes":""},"categories":[62],"tags":[80,79,76],"class_list":["post-1357","post","type-post","status-publish","format-gallery","has-post-thumbnail","hentry","category-konkursy","tag-dom-moich-marzen","tag-konkurs","tag-wydarzenia","post_format-post-format-gallery"],"publishpress_future_action":{"enabled":false,"date":"2026-05-05 04:46:41","action":"change-status","newStatus":"draft","terms":[],"taxonomy":"category","extraData":[]},"publishpress_future_workflow_manual_trigger":{"enabledWorkflows":[]},"_links":{"self":[{"href":"https:\/\/podkarpacka.iarp.pl\/index.php?rest_route=\/wp\/v2\/posts\/1357","targetHints":{"allow":["GET"]}}],"collection":[{"href":"https:\/\/podkarpacka.iarp.pl\/index.php?rest_route=\/wp\/v2\/posts"}],"about":[{"href":"https:\/\/podkarpacka.iarp.pl\/index.php?rest_route=\/wp\/v2\/types\/post"}],"author":[{"embeddable":true,"href":"https:\/\/podkarpacka.iarp.pl\/index.php?rest_route=\/wp\/v2\/users\/7"}],"replies":[{"embeddable":true,"href":"https:\/\/podkarpacka.iarp.pl\/index.php?rest_route=%2Fwp%2Fv2%2Fcomments&post=1357"}],"version-history":[{"count":9,"href":"https:\/\/podkarpacka.iarp.pl\/index.php?rest_route=\/wp\/v2\/posts\/1357\/revisions"}],"predecessor-version":[{"id":1395,"href":"https:\/\/podkarpacka.iarp.pl\/index.php?rest_route=\/wp\/v2\/posts\/1357\/revisions\/1395"}],"wp:featuredmedia":[{"embeddable":true,"href":"https:\/\/podkarpacka.iarp.pl\/index.php?rest_route=\/wp\/v2\/media\/1358"}],"wp:attachment":[{"href":"https:\/\/podkarpacka.iarp.pl\/index.php?rest_route=%2Fwp%2Fv2%2Fmedia&parent=1357"}],"wp:term":[{"taxonomy":"category","embeddable":true,"href":"https:\/\/podkarpacka.iarp.pl\/index.php?rest_route=%2Fwp%2Fv2%2Fcategories&post=1357"},{"taxonomy":"post_tag","embeddable":true,"href":"https:\/\/podkarpacka.iarp.pl\/index.php?rest_route=%2Fwp%2Fv2%2Ftags&post=1357"}],"curies":[{"name":"wp","href":"https:\/\/api.w.org\/{rel}","templated":true}]}}