{"id":136,"date":"2012-01-31T14:09:33","date_gmt":"2012-01-31T14:09:33","guid":{"rendered":"http:\/\/weeklynews-wp.mipdesign.com\/?p=136"},"modified":"2015-10-20T03:15:28","modified_gmt":"2015-10-20T01:15:28","slug":"jay-leno-recalls-robin-williams-what-a-loss","status":"publish","type":"post","link":"https:\/\/podkarpacka.iarp.pl\/?p=136","title":{"rendered":"DOM MOICH MARZE\u0143 2012"},"content":{"rendered":"<h2 style=\"text-align: justify;\"><strong>Konkurs dla dzieci szk\u00f3\u0142 podstawowych<\/strong><\/h2>\n<h3 style=\"text-align: justify;\"><strong>LAUREACI I EDYCJI KONKURSU \u2013 \u201cDOM MOICH MARZE\u0143 2012\u201d<\/strong><\/h3>\n<p style=\"text-align: justify;\">Uprzejmie informujemy, \u017ce rozstrzygni\u0119ty zosta\u0142 konkurs <strong>I edycji Dnia Edukacji Architektonicznej<\/strong> zorganizowany dla III i IV klas szk\u00f3\u0142 podstawowych z Rzeszowa i Krosna.<\/p>\n<p style=\"text-align: justify;\">Na konkurs wp\u0142yn\u0119\u0142o og\u00f3\u0142em 198 prac nades\u0142anych z 9 szk\u00f3\u0142 podstawowych. Jury konkursowe przyzna\u0142o:<\/p>\n<ul style=\"text-align: justify;\">\n<li><strong>3 nagrody g\u0142\u00f3wne,<\/strong><\/li>\n<li><strong>38 wyr\u00f3\u017cnie\u0144 indywidualnych,<\/strong><\/li>\n<li><strong>2 wyr\u00f3\u017cnienia dla klas.<\/strong><\/li>\n<\/ul>\n<p style=\"text-align: justify;\">Dodatkowo jury konkursowe przyzna\u0142o pozaregulaminow\u0105 nagrod\u0119 specjaln\u0105 za model domu z zapa\u0142ek.<\/p>\n<p style=\"text-align: justify;\">Otwarcie wystawy wraz z wr\u0119czeniem nagr\u00f3d laureatom odb\u0119dzie si\u0119\u00a0w dniu: <strong><em>14 lutego 2012 roku o godzinie 16<sup>00<\/sup> w Holu wej\u015bciowym Podziemnej Trasy Turystycznej <\/em><\/strong><em>w Rzeszowie, Rynek 26<\/em>.<\/p>\n<p style=\"text-align: justify;\">Serdecznie zapraszamy osoby nagrodzone wraz z opiekunami lub wychowawcami.<\/p>\n<p style=\"text-align: justify;\">Informujemy ponadto, \u017ce wystawa prac nagrodzonych otwarta b\u0119dzie do ko\u0144ca lutego i wszystkich zainteresowanych serdecznie zapraszamy. W holu mo\u017ce jednorazowo pomie\u015bci\u0107 si\u0119 ok. 100 os\u00f3b.<\/p>\n<p style=\"text-align: justify;\">Je\u017celi osoby nagrodzone lub wyr\u00f3\u017cnione nie b\u0119d\u0105 mog\u0142y by\u0107 obecne osobi\u015bcie w dniu otwarcia \u00a0&#8211; nagrody i wyr\u00f3\u017cnienia przeka\u017cemy nauczycielom z danej szko\u0142y.<\/p>\n<p style=\"text-align: justify;\"><strong>L.dz. 5\/PKORIA\/2012<\/strong><\/p>\n<hr \/>\n<p style=\"text-align: justify;\"><div class='w3eden'><!-- WPDM Link Template: Default Template -->\n\n<div class=\"link-template-default card mb-2\">\n    <div class=\"card-body\">\n        <div class=\"media\">\n            <div class=\"mr-3 img-48\"><img decoding=\"async\" class=\"wpdm_icon\" alt=\"Ikonka\"   src=\"http:\/\/podkarpacka.iarp.pl\/wp-content\/plugins\/download-manager\/assets\/file-type-icons\/pdf.png\" \/><\/div>\n            <div class=\"media-body\">\n                <h3 class=\"package-title\"><a href='https:\/\/podkarpacka.iarp.pl\/?wpdmpro=protokol-z-posiedzenia-jury-konkursu-dom-moich-marzen-2012'>Protok\u00f3\u0142 z posiedzenia jury konkursu Dom Moich Marze\u0144 2012<\/a><\/h3>\n                <div class=\"text-muted text-small\"><i class=\"fas fa-copy\"><\/i> 1 plik(i) <i class=\"fas fa-hdd ml-3\"><\/i> 242.99 KB<\/div>\n            <\/div>\n            <div class=\"ml-3\">\n                <a class='wpdm-download-link download-on-click btn btn-primary ' rel='nofollow' href='#' data-downloadurl=\"https:\/\/podkarpacka.iarp.pl\/?wpdmpro=protokol-z-posiedzenia-jury-konkursu-dom-moich-marzen-2012&wpdmdl=791&refresh=69efd9d2ba3911777326546\">POBIERZ DOKUMENT<\/a>\n            <\/div>\n        <\/div>\n    <\/div>\n<\/div>\n\n<\/div>\n<hr \/>\n<p style=\"text-align: justify;\"><strong><a href=\"https:\/\/podkarpacka.iarp.pl\/wp-content\/uploads\/2012\/01\/DOM-MARZEN-2012-KALENDARZ.jpg\"><img loading=\"lazy\" decoding=\"async\" class=\"size-full wp-image-785\" src=\"https:\/\/podkarpacka.iarp.pl\/wp-content\/uploads\/2012\/01\/DOM-MARZEN-2012-KALENDARZ.jpg\" alt=\"DOM MARZEN 2012 KALENDARZ\" width=\"610\" height=\"875\" \/><\/a> <\/strong><\/p>\n","protected":false},"excerpt":{"rendered":"<p>Konkurs dla dzieci szk\u00f3\u0142 podstawowych LAUREACI I EDYCJI KONKURSU \u2013 \u201cDOM MOICH MARZE\u0143 2012\u201d Uprzejmie informujemy, \u017ce rozstrzygni\u0119ty zosta\u0142 konkurs I edycji Dnia Edukacji Architektonicznej zorganizowany dla III i IV klas szk\u00f3\u0142 podstawowych z Rzeszowa i Krosna. Na konkurs wp\u0142yn\u0119\u0142o og\u00f3\u0142em 198 prac nades\u0142anych z 9 szk\u00f3\u0142 podstawowych. Jury konkursowe przyzna\u0142o: 3 nagrody g\u0142\u00f3wne, 38 [&hellip;]<\/p>\n","protected":false},"author":7,"featured_media":790,"comment_status":"closed","ping_status":"closed","sticky":false,"template":"","format":"gallery","meta":{"footnotes":""},"categories":[62],"tags":[],"class_list":["post-136","post","type-post","status-publish","format-gallery","has-post-thumbnail","hentry","category-konkursy","post_format-post-format-gallery"],"publishpress_future_action":{"enabled":false,"date":"2026-05-04 22:49:06","action":"change-status","newStatus":"draft","terms":[],"taxonomy":"category","extraData":[]},"publishpress_future_workflow_manual_trigger":{"enabledWorkflows":[]},"_links":{"self":[{"href":"https:\/\/podkarpacka.iarp.pl\/index.php?rest_route=\/wp\/v2\/posts\/136","targetHints":{"allow":["GET"]}}],"collection":[{"href":"https:\/\/podkarpacka.iarp.pl\/index.php?rest_route=\/wp\/v2\/posts"}],"about":[{"href":"https:\/\/podkarpacka.iarp.pl\/index.php?rest_route=\/wp\/v2\/types\/post"}],"author":[{"embeddable":true,"href":"https:\/\/podkarpacka.iarp.pl\/index.php?rest_route=\/wp\/v2\/users\/7"}],"replies":[{"embeddable":true,"href":"https:\/\/podkarpacka.iarp.pl\/index.php?rest_route=%2Fwp%2Fv2%2Fcomments&post=136"}],"version-history":[{"count":11,"href":"https:\/\/podkarpacka.iarp.pl\/index.php?rest_route=\/wp\/v2\/posts\/136\/revisions"}],"predecessor-version":[{"id":978,"href":"https:\/\/podkarpacka.iarp.pl\/index.php?rest_route=\/wp\/v2\/posts\/136\/revisions\/978"}],"wp:featuredmedia":[{"embeddable":true,"href":"https:\/\/podkarpacka.iarp.pl\/index.php?rest_route=\/wp\/v2\/media\/790"}],"wp:attachment":[{"href":"https:\/\/podkarpacka.iarp.pl\/index.php?rest_route=%2Fwp%2Fv2%2Fmedia&parent=136"}],"wp:term":[{"taxonomy":"category","embeddable":true,"href":"https:\/\/podkarpacka.iarp.pl\/index.php?rest_route=%2Fwp%2Fv2%2Fcategories&post=136"},{"taxonomy":"post_tag","embeddable":true,"href":"https:\/\/podkarpacka.iarp.pl\/index.php?rest_route=%2Fwp%2Fv2%2Ftags&post=136"}],"curies":[{"name":"wp","href":"https:\/\/api.w.org\/{rel}","templated":true}]}}