{"id":1405,"date":"2016-03-01T20:24:32","date_gmt":"2016-03-01T18:24:32","guid":{"rendered":"http:\/\/podkarpacka.iarp.pl\/?p=1405"},"modified":"2016-03-02T18:32:37","modified_gmt":"2016-03-02T16:32:37","slug":"zloty-zuraw-konkurs-na-najlepsze-inwestycje-podkarpackie","status":"publish","type":"post","link":"https:\/\/podkarpacka.iarp.pl\/?p=1405","title":{"rendered":"\u201eZ\u0142oty \u017buraw\u201d Konkurs na najlepsze inwestycje podkarpackie"},"content":{"rendered":"<p style=\"text-align: justify;\"><strong>Szanowni Pa\u0144stwo.<\/strong><\/p>\n<p style=\"text-align: justify;\">Niezwykle mi\u0142o poinformowa\u0107 nam, i\u017c Podkarpacka Okr\u0119gowa Izba Architekt\u00f3w RP jest patronem konkursu <strong>&#8220;Z\u0142oty \u017buraw 2016&#8221;<\/strong> \u00a0na najlepsze inwestycje w wojew\u00f3dztwie podkarpackim.<\/p>\n<p style=\"text-align: justify;\">Do konkursu mo\u017cna zg\u0142asza\u0107 kandydatury inwestycji, b\u0105d\u017a inwestor\u00f3w z ca\u0142ego wojew\u00f3dztwa, kt\u00f3re zdaniem zg\u0142aszaj\u0105cego zas\u0142uguj\u0105 na ten tytu\u0142.<\/p>\n<p style=\"text-align: justify;\">Ka\u017cdy ma prawo nades\u0142a\u0107 dowoln\u0105 liczb\u0119 r\u00f3\u017cnych zg\u0142osze\u0144.<br \/>\nKandydat\u00f3w\u00a0do tytu\u0142u zaprezentujemy w specjalnym dodatku do Gazety Codziennej \u201eNowiny\u201d, kt\u00f3ry uka\u017ce si\u0119 5 kwietnia 2016 roku, jak r\u00f3wnie\u017c w serwisie specjalnym na stronie nowiny24.pl.<\/p>\n<p style=\"text-align: justify;\">Tego te\u017c dnia rozpocznie si\u0119 g\u0142osowanie o szczeg\u00f3\u0142ach kt\u00f3rego b\u0119dziemy informowa\u0107 za po\u015brednictwem Gazety Codziennej Nowiny i portalu nowiny24.pl.<\/p>\n<p style=\"text-align: justify;\">Statuetki zostan\u0105 przyznane przez kapitu\u0142\u0119 oraz w drodze g\u0142osowania czytelnik\u00f3w i internaut\u00f3w.<br \/>\nSpo\u015br\u00f3d wszystkich zg\u0142oszonych kandydat\u00f3w Kapitu\u0142a Konkursu wybierze 5 laureat\u00f3w w nast\u0119puj\u0105cych kategoriach:<\/p>\n<ul style=\"text-align: justify;\">\n<li><strong>Obiekty us\u0142ugowe i handlowe;<\/strong><\/li>\n<li><strong>Obiekty przemys\u0142owe;<\/strong><\/li>\n<li><strong>Obiekty u\u017cyteczno\u015bci publicznej;<\/strong><\/li>\n<li><strong>Obiekty mieszkaniowe;<\/strong><\/li>\n<li><strong>Najlepszy projekt architektoniczny<\/strong><\/li>\n<\/ul>\n<p style=\"text-align: justify;\">Kapitu\u0142a w swoim wyborze b\u0119dzie kierowa\u0107 si\u0119 aspektami technicznymi i technologicznymi zg\u0142oszonych inwestycji.<\/p>\n<p style=\"text-align: justify;\">Natomiast Czytelnicy Nowin wy\u0142oni\u0105, 3 laureat\u00f3w spo\u015br\u00f3d wszystkich zg\u0142oszonych inwestycji.<br \/>\nKandydatury mo\u017cna zg\u0142asza\u0107 poczt\u0105 elektroniczn\u0105 pod adres: <a href=\"mailto:zuraw@nowiny24.pl\">zuraw@nowiny24.pl<\/a><\/p>\n<p style=\"text-align: justify;\">Przy ka\u017cdej kandydaturze prosimy o zaznaczenie kategorii, w jakiej zosta\u0142a dana zg\u0142oszona.<br \/>\nWyniki obrad jury specjalist\u00f3w oraz g\u0142osowania czytelnik\u00f3w i internaut\u00f3w og\u0142osimy w kwietniu 2016 r., podczas uroczystej gali.<\/p>\n<p style=\"text-align: justify;\">Zapraszamy wszystkich serdecznie do udzia\u0142u w konkursie.<\/p>\n","protected":false},"excerpt":{"rendered":"<p>Szanowni Pa\u0144stwo. Niezwykle mi\u0142o poinformowa\u0107 nam, i\u017c Podkarpacka Okr\u0119gowa Izba Architekt\u00f3w RP jest patronem konkursu &#8220;Z\u0142oty \u017buraw 2016&#8221; \u00a0na najlepsze inwestycje w wojew\u00f3dztwie podkarpackim. Do konkursu mo\u017cna zg\u0142asza\u0107 kandydatury inwestycji, b\u0105d\u017a inwestor\u00f3w z ca\u0142ego wojew\u00f3dztwa, kt\u00f3re zdaniem zg\u0142aszaj\u0105cego zas\u0142uguj\u0105 na ten tytu\u0142. Ka\u017cdy ma prawo nades\u0142a\u0107 dowoln\u0105 liczb\u0119 r\u00f3\u017cnych zg\u0142osze\u0144. Kandydat\u00f3w\u00a0do tytu\u0142u zaprezentujemy w specjalnym [&hellip;]<\/p>\n","protected":false},"author":7,"featured_media":1410,"comment_status":"closed","ping_status":"open","sticky":false,"template":"","format":"standard","meta":{"footnotes":""},"categories":[65],"tags":[],"class_list":["post-1405","post","type-post","status-publish","format-standard","has-post-thumbnail","hentry","category-partonaty"],"publishpress_future_action":{"enabled":false,"date":"2026-05-05 14:12:37","action":"change-status","newStatus":"draft","terms":[],"taxonomy":"category","extraData":[]},"publishpress_future_workflow_manual_trigger":{"enabledWorkflows":[]},"_links":{"self":[{"href":"https:\/\/podkarpacka.iarp.pl\/index.php?rest_route=\/wp\/v2\/posts\/1405","targetHints":{"allow":["GET"]}}],"collection":[{"href":"https:\/\/podkarpacka.iarp.pl\/index.php?rest_route=\/wp\/v2\/posts"}],"about":[{"href":"https:\/\/podkarpacka.iarp.pl\/index.php?rest_route=\/wp\/v2\/types\/post"}],"author":[{"embeddable":true,"href":"https:\/\/podkarpacka.iarp.pl\/index.php?rest_route=\/wp\/v2\/users\/7"}],"replies":[{"embeddable":true,"href":"https:\/\/podkarpacka.iarp.pl\/index.php?rest_route=%2Fwp%2Fv2%2Fcomments&post=1405"}],"version-history":[{"count":5,"href":"https:\/\/podkarpacka.iarp.pl\/index.php?rest_route=\/wp\/v2\/posts\/1405\/revisions"}],"predecessor-version":[{"id":1425,"href":"https:\/\/podkarpacka.iarp.pl\/index.php?rest_route=\/wp\/v2\/posts\/1405\/revisions\/1425"}],"wp:featuredmedia":[{"embeddable":true,"href":"https:\/\/podkarpacka.iarp.pl\/index.php?rest_route=\/wp\/v2\/media\/1410"}],"wp:attachment":[{"href":"https:\/\/podkarpacka.iarp.pl\/index.php?rest_route=%2Fwp%2Fv2%2Fmedia&parent=1405"}],"wp:term":[{"taxonomy":"category","embeddable":true,"href":"https:\/\/podkarpacka.iarp.pl\/index.php?rest_route=%2Fwp%2Fv2%2Fcategories&post=1405"},{"taxonomy":"post_tag","embeddable":true,"href":"https:\/\/podkarpacka.iarp.pl\/index.php?rest_route=%2Fwp%2Fv2%2Ftags&post=1405"}],"curies":[{"name":"wp","href":"https:\/\/api.w.org\/{rel}","templated":true}]}}