{"id":1411,"date":"2016-02-19T04:58:05","date_gmt":"2016-02-19T02:58:05","guid":{"rendered":"http:\/\/podkarpacka.iarp.pl\/?p=1411"},"modified":"2016-03-02T05:42:46","modified_gmt":"2016-03-02T03:42:46","slug":"wystawa-i-rozdanie-nagrod-v-edycji-konkursu-dla-dzieci-dom-moich-marzen-2015","status":"publish","type":"post","link":"https:\/\/podkarpacka.iarp.pl\/?p=1411","title":{"rendered":"Wystawa i rozdanie nagr\u00f3d V edycji Konkursu dla dzieci \u2013 \u201eDom Moich Marze\u0144\u201d 2015"},"content":{"rendered":"<p><strong>Kilka dni temu odby\u0142o si\u0119 rozdanie nagr\u00f3d w konkursie Podkarpackiej Okr\u0119gowej Izby Architekt\u00f3w RP na \u201eDom moich marze\u0144\u201d widziany oczami dziecka.<\/strong><\/p>\n<p>Takie wydarzenia sprawiaj\u0105, \u017ce zaw\u00f3d architekta nabiera jeszcze g\u0142\u0119bszego znaczenia in\u017c w codziennej pracy w biurze.<br \/>\nZ nagrodzonych prac wydany zosta\u0142 Kalendarz Izbowy na 2016r.<\/p>\n<p>Dom widziany oczyma dzieci jest zupe\u0142nie niezwyk\u0142ym miejscem. Kiedy spogl\u0105damy na kolorowe dzieci\u0119ce prace, zastanawiamy jak wygl\u0105da\u0142 by \u015bwiat projektowany przez tych m\u0142odych adept\u00f3w sztuki.<\/p>\n<p>Zapraszamy do obejrzenia kilku zdj\u0119\u0107 z kolorowego spotkania, na kt\u00f3rym nagrodzone i wyr\u00f3\u017cnione zosta\u0142y rysunki dzieci z podkarpackich szk\u00f3\u0142 oraz docenione zosta\u0142y szko\u0142y, kt\u00f3re zaanga\u017cowa\u0142y si\u0119 w inicjatyw\u0119 wyj\u0105tkowo mocno.<\/p>\n<p><strong>Serdecznie zach\u0119camy do odwiedzin zobaczy\u0107 wystawy na \u017cywo, do Rzeszowskich podziemi \u2013 nagrodzone i wyr\u00f3\u017cnione prac\u0119 b\u0119d\u0105 eksponowane tam jeszcze do 21 lutego 2016r.<\/strong><\/p>\n<hr \/>\n<p>&nbsp;<\/p>\n<p><a href=\"https:\/\/podkarpacka.iarp.pl\/wp-content\/uploads\/2016\/03\/dom-moich-marzen-foto-5-2016.jpg\" rel=\"attachment wp-att-1413\"><img loading=\"lazy\" decoding=\"async\" class=\"aligncenter wp-image-1419 size-full\" src=\"https:\/\/podkarpacka.iarp.pl\/wp-content\/uploads\/2016\/03\/dom-moich-marzen-foto-1-2016.jpg\" alt=\"dom moich marzen foto 1 2016\" width=\"800\" height=\"450\" srcset=\"https:\/\/podkarpacka.iarp.pl\/wp-content\/uploads\/2016\/03\/dom-moich-marzen-foto-1-2016.jpg 800w, https:\/\/podkarpacka.iarp.pl\/wp-content\/uploads\/2016\/03\/dom-moich-marzen-foto-1-2016-300x169.jpg 300w, https:\/\/podkarpacka.iarp.pl\/wp-content\/uploads\/2016\/03\/dom-moich-marzen-foto-1-2016-768x432.jpg 768w\" sizes=\"auto, (max-width: 800px) 100vw, 800px\" \/><\/a><\/p>\n<p><a href=\"https:\/\/podkarpacka.iarp.pl\/wp-content\/uploads\/2016\/03\/dom-moich-marzen-foto-5-2016.jpg\" rel=\"attachment wp-att-1413\"><img loading=\"lazy\" decoding=\"async\" class=\"aligncenter wp-image-1413 size-full\" src=\"https:\/\/podkarpacka.iarp.pl\/wp-content\/uploads\/2016\/03\/dom-moich-marzen-foto-5-2016.jpg\" alt=\"dom moich marzen foto 5 2016\" width=\"800\" height=\"465\" srcset=\"https:\/\/podkarpacka.iarp.pl\/wp-content\/uploads\/2016\/03\/dom-moich-marzen-foto-5-2016.jpg 800w, https:\/\/podkarpacka.iarp.pl\/wp-content\/uploads\/2016\/03\/dom-moich-marzen-foto-5-2016-300x174.jpg 300w, https:\/\/podkarpacka.iarp.pl\/wp-content\/uploads\/2016\/03\/dom-moich-marzen-foto-5-2016-768x446.jpg 768w\" sizes=\"auto, (max-width: 800px) 100vw, 800px\" \/><\/a><\/p>\n<p><a href=\"https:\/\/podkarpacka.iarp.pl\/wp-content\/uploads\/2016\/03\/dom-moich-marzen-foto-2-2016.jpg\" rel=\"attachment wp-att-1418\"><img loading=\"lazy\" decoding=\"async\" class=\"aligncenter wp-image-1418 size-full\" src=\"https:\/\/podkarpacka.iarp.pl\/wp-content\/uploads\/2016\/03\/dom-moich-marzen-foto-2-2016.jpg\" alt=\"dom moich marzen foto 2 2016\" width=\"800\" height=\"450\" srcset=\"https:\/\/podkarpacka.iarp.pl\/wp-content\/uploads\/2016\/03\/dom-moich-marzen-foto-2-2016.jpg 800w, https:\/\/podkarpacka.iarp.pl\/wp-content\/uploads\/2016\/03\/dom-moich-marzen-foto-2-2016-300x169.jpg 300w, https:\/\/podkarpacka.iarp.pl\/wp-content\/uploads\/2016\/03\/dom-moich-marzen-foto-2-2016-768x432.jpg 768w\" sizes=\"auto, (max-width: 800px) 100vw, 800px\" \/><\/a><\/p>\n<p><a href=\"https:\/\/podkarpacka.iarp.pl\/wp-content\/uploads\/2016\/03\/dom-moich-marzen-foto-8-2016.jpg\" rel=\"attachment wp-att-1414\"><img loading=\"lazy\" decoding=\"async\" class=\"aligncenter wp-image-1414 size-full\" src=\"https:\/\/podkarpacka.iarp.pl\/wp-content\/uploads\/2016\/03\/dom-moich-marzen-foto-8-2016.jpg\" alt=\"dom moich marzen foto 8 2016\" width=\"800\" height=\"450\" srcset=\"https:\/\/podkarpacka.iarp.pl\/wp-content\/uploads\/2016\/03\/dom-moich-marzen-foto-8-2016.jpg 800w, https:\/\/podkarpacka.iarp.pl\/wp-content\/uploads\/2016\/03\/dom-moich-marzen-foto-8-2016-300x169.jpg 300w, https:\/\/podkarpacka.iarp.pl\/wp-content\/uploads\/2016\/03\/dom-moich-marzen-foto-8-2016-768x432.jpg 768w\" sizes=\"auto, (max-width: 800px) 100vw, 800px\" \/><\/a><\/p>\n<p><a href=\"https:\/\/podkarpacka.iarp.pl\/wp-content\/uploads\/2016\/03\/dom-moich-marzen-foto-3-2016.jpg\" rel=\"attachment wp-att-1417\"><img loading=\"lazy\" decoding=\"async\" class=\"aligncenter wp-image-1417 size-full\" src=\"https:\/\/podkarpacka.iarp.pl\/wp-content\/uploads\/2016\/03\/dom-moich-marzen-foto-3-2016.jpg\" alt=\"dom moich marzen foto 3 2016\" width=\"800\" height=\"450\" srcset=\"https:\/\/podkarpacka.iarp.pl\/wp-content\/uploads\/2016\/03\/dom-moich-marzen-foto-3-2016.jpg 800w, https:\/\/podkarpacka.iarp.pl\/wp-content\/uploads\/2016\/03\/dom-moich-marzen-foto-3-2016-300x169.jpg 300w, https:\/\/podkarpacka.iarp.pl\/wp-content\/uploads\/2016\/03\/dom-moich-marzen-foto-3-2016-768x432.jpg 768w\" sizes=\"auto, (max-width: 800px) 100vw, 800px\" \/><\/a><\/p>\n<p><a href=\"https:\/\/podkarpacka.iarp.pl\/wp-content\/uploads\/2016\/03\/dom-moich-marzen-foto-4-2016.jpg\" rel=\"attachment wp-att-1416\"><img loading=\"lazy\" decoding=\"async\" class=\"aligncenter wp-image-1416 size-full\" src=\"https:\/\/podkarpacka.iarp.pl\/wp-content\/uploads\/2016\/03\/dom-moich-marzen-foto-4-2016.jpg\" alt=\"dom moich marzen foto 4 2016\" width=\"800\" height=\"450\" srcset=\"https:\/\/podkarpacka.iarp.pl\/wp-content\/uploads\/2016\/03\/dom-moich-marzen-foto-4-2016.jpg 800w, https:\/\/podkarpacka.iarp.pl\/wp-content\/uploads\/2016\/03\/dom-moich-marzen-foto-4-2016-300x169.jpg 300w, https:\/\/podkarpacka.iarp.pl\/wp-content\/uploads\/2016\/03\/dom-moich-marzen-foto-4-2016-768x432.jpg 768w\" sizes=\"auto, (max-width: 800px) 100vw, 800px\" \/><\/a><\/p>\n<p><a href=\"https:\/\/podkarpacka.iarp.pl\/wp-content\/uploads\/2016\/03\/dom-moich-marzen-foto-7-2016.jpg\" rel=\"attachment wp-att-1415\"><img loading=\"lazy\" decoding=\"async\" class=\"aligncenter wp-image-1415 size-full\" src=\"https:\/\/podkarpacka.iarp.pl\/wp-content\/uploads\/2016\/03\/dom-moich-marzen-foto-7-2016.jpg\" alt=\"dom moich marzen foto 7 2016\" width=\"800\" height=\"680\" srcset=\"https:\/\/podkarpacka.iarp.pl\/wp-content\/uploads\/2016\/03\/dom-moich-marzen-foto-7-2016.jpg 800w, https:\/\/podkarpacka.iarp.pl\/wp-content\/uploads\/2016\/03\/dom-moich-marzen-foto-7-2016-300x255.jpg 300w, https:\/\/podkarpacka.iarp.pl\/wp-content\/uploads\/2016\/03\/dom-moich-marzen-foto-7-2016-768x653.jpg 768w\" sizes=\"auto, (max-width: 800px) 100vw, 800px\" \/><\/a><\/p>\n<p>&nbsp;<\/p>\n","protected":false},"excerpt":{"rendered":"<p>Kilka dni temu odby\u0142o si\u0119 rozdanie nagr\u00f3d w konkursie Podkarpackiej Okr\u0119gowej Izby Architekt\u00f3w RP na \u201eDom moich marze\u0144\u201d widziany oczami dziecka. Takie wydarzenia sprawiaj\u0105, \u017ce zaw\u00f3d architekta nabiera jeszcze g\u0142\u0119bszego znaczenia in\u017c w codziennej pracy w biurze. Z nagrodzonych prac wydany zosta\u0142 Kalendarz Izbowy na 2016r. Dom widziany oczyma dzieci jest zupe\u0142nie niezwyk\u0142ym miejscem. Kiedy [&hellip;]<\/p>\n","protected":false},"author":7,"featured_media":1412,"comment_status":"closed","ping_status":"open","sticky":false,"template":"","format":"gallery","meta":{"footnotes":""},"categories":[62,55],"tags":[],"class_list":["post-1411","post","type-post","status-publish","format-gallery","has-post-thumbnail","hentry","category-konkursy","category-wydarzenia","post_format-post-format-gallery"],"publishpress_future_action":{"enabled":false,"date":"2026-05-05 14:12:48","action":"change-status","newStatus":"draft","terms":[],"taxonomy":"category","extraData":[]},"publishpress_future_workflow_manual_trigger":{"enabledWorkflows":[]},"_links":{"self":[{"href":"https:\/\/podkarpacka.iarp.pl\/index.php?rest_route=\/wp\/v2\/posts\/1411","targetHints":{"allow":["GET"]}}],"collection":[{"href":"https:\/\/podkarpacka.iarp.pl\/index.php?rest_route=\/wp\/v2\/posts"}],"about":[{"href":"https:\/\/podkarpacka.iarp.pl\/index.php?rest_route=\/wp\/v2\/types\/post"}],"author":[{"embeddable":true,"href":"https:\/\/podkarpacka.iarp.pl\/index.php?rest_route=\/wp\/v2\/users\/7"}],"replies":[{"embeddable":true,"href":"https:\/\/podkarpacka.iarp.pl\/index.php?rest_route=%2Fwp%2Fv2%2Fcomments&post=1411"}],"version-history":[{"count":4,"href":"https:\/\/podkarpacka.iarp.pl\/index.php?rest_route=\/wp\/v2\/posts\/1411\/revisions"}],"predecessor-version":[{"id":1768,"href":"https:\/\/podkarpacka.iarp.pl\/index.php?rest_route=\/wp\/v2\/posts\/1411\/revisions\/1768"}],"wp:featuredmedia":[{"embeddable":true,"href":"https:\/\/podkarpacka.iarp.pl\/index.php?rest_route=\/wp\/v2\/media\/1412"}],"wp:attachment":[{"href":"https:\/\/podkarpacka.iarp.pl\/index.php?rest_route=%2Fwp%2Fv2%2Fmedia&parent=1411"}],"wp:term":[{"taxonomy":"category","embeddable":true,"href":"https:\/\/podkarpacka.iarp.pl\/index.php?rest_route=%2Fwp%2Fv2%2Fcategories&post=1411"},{"taxonomy":"post_tag","embeddable":true,"href":"https:\/\/podkarpacka.iarp.pl\/index.php?rest_route=%2Fwp%2Fv2%2Ftags&post=1411"}],"curies":[{"name":"wp","href":"https:\/\/api.w.org\/{rel}","templated":true}]}}