{"id":1429,"date":"2016-03-15T01:20:39","date_gmt":"2016-03-14T23:20:39","guid":{"rendered":"http:\/\/podkarpacka.iarp.pl\/?p=1429"},"modified":"2016-04-02T03:02:50","modified_gmt":"2016-04-02T01:02:50","slug":"07-04-2016-archiczwartki-arch-robert-konieczny","status":"publish","type":"post","link":"https:\/\/podkarpacka.iarp.pl\/?p=1429","title":{"rendered":"[07.04.2016] ArchiCzwartki &#8211; arch. Robert Konieczny"},"content":{"rendered":"<p><a href=\"https:\/\/podkarpacka.iarp.pl\/wp-content\/uploads\/2015\/11\/sarp-archiczwartki-2.jpg\" rel=\"attachment wp-att-1286\"><img loading=\"lazy\" decoding=\"async\" class=\"alignleft size-full wp-image-1286\" src=\"https:\/\/podkarpacka.iarp.pl\/wp-content\/uploads\/2015\/11\/sarp-archiczwartki-2.jpg\" alt=\"sarp archiczwartki 2\" width=\"344\" height=\"228\" srcset=\"https:\/\/podkarpacka.iarp.pl\/wp-content\/uploads\/2015\/11\/sarp-archiczwartki-2.jpg 344w, https:\/\/podkarpacka.iarp.pl\/wp-content\/uploads\/2015\/11\/sarp-archiczwartki-2-300x199.jpg 300w\" sizes=\"auto, (max-width: 344px) 100vw, 344px\" \/><\/a><\/p>\n<h2 class=\"lead\"><strong>Termin wydarzenia: 07-04-2016<\/strong><\/h2>\n<h4 class=\"lead\"><strong>Miejsce: Rzesz\u00f3w, Rynek 1 &#8211; RATUSZ (Sala &#8220;\u015alub\u00f3w&#8221;)<\/strong><\/h4>\n<div class=\"lead\">\n<div class=\"lead\" style=\"text-align: justify;\">\n<hr \/>\n<h3><span style=\"color: #333333;\"><strong>BLISKIE SPOTKANIA Z ARCHITEKTUR\u0104<\/strong><\/span><\/h3>\n<\/div>\n<\/div>\n<div style=\"text-align: justify;\">\n<hr \/>\n<h4><strong>\u00a0Rozpocz\u0119cie:\u00a017:00<\/strong><\/h4>\n<hr \/>\n<\/div>\n<div class=\"row-fluid agenda\" style=\"text-align: justify;\">W imieniu SARP oddzia\u0142 w Rzeszowie, w ramach bliskich spotka\u0144 z Architektur\u0105 \u201eARCHI &#8211; CZWARTKI\u201d, zapraszamy serdecznie <strong>07 kwietnia\u00a0o godz. 17.00 do Ratusza w Rzeszowie<\/strong> na spotkanie z architektem <b>ROBERTEM KONIECZNYM<\/b><\/div>\n<div class=\"row-fluid agenda\" style=\"text-align: justify;\">Spotykamy si\u0119 w sali \u015blub\u00f3w Ratusza Miejskiego (Rzesz\u00f3w, Rynek 1).<\/div>\n<h3><strong>Go\u015b\u0107 specjalny \u00a0arch.\u00a0Robert KONIECZNY<\/strong><\/h3>\n<p>Szef biura KWK Promes powsta\u0142ego w 1999 roku. W 2012 roku zosta\u0142 niezale\u017cnym ekspertem Fundacji Miesa van der Rohe. Konieczny by\u0142 o\u015bmiokrotnie nominowany do Europejskiej Nagrody Fundacji Miesa van der Rohe. Jest laureatem presti\u017cowej nagrody House of the Year 2006 za projekt Domu Aatrialnego zwyci\u0119\u017caj\u0105c w konkursie portalu World Architecture News na najlepszy dom mieszkalny na \u015bwiecie.<\/p>\n<p>Projekty Roberta Koniecznego zdoby\u0142y wiele nagr\u00f3d i wyr\u00f3\u017cnie\u0144. W 2008 roku Mi\u0119dzynarodowe jury Museum of Architecture and Design w Chicago zaliczy\u0142o Dom Aatrialny i Dom Ukryty do najlepszych budynk\u00f3w \u015bwiata. W 2009 roku Dom Bezpieczny znalaz\u0142 si\u0119 w finale World Architecture Festival Awards 2009 w Barcelonie, w\u015br\u00f3d najlepszych realizacji \u015bwiata, a Dom OUTrialny w tym samym roku zosta\u0142 zakwalifikowany do fina\u0142u LEAF Awards 2009 w Berlinie, konkursu dla najbardziej nowatorskich budynk\u00f3w \u015bwiata. W 2011 roku Robert Konieczny otrzyma\u0142 doroczn\u0105 nagrod\u0119 Ministra Kultury, za wybitne osi\u0105gni\u0119cia w dziedzinie architektury, jako drugi architekt w historii przyznawania tej nagrody<\/p>\n<p><strong>\u2013&gt; Zapisy na Wydarzenie \u2013&gt;<\/strong><a href=\"https:\/\/www.facebook.com\/events\/796566727116191\/\"> https:\/\/www.facebook.com\/events\/796566727116191\/<\/a><\/p>\n<hr \/>\n<p><strong>Po zako\u0144czeniu spotkania zapraszamy do siedziby SARP, Rynek 8 na spotkanie networkingowe z kolegami architektami oraz\u00a0pocz\u0119stunek\u00a0wraz z prezentacj\u0105 i degustacj\u0105 herbat z\u00a0ca\u0142ego \u015bwiata.<\/strong><\/p>\n<hr \/>\n<p><strong>Udzia\u0142 w wydarzeniu jest oczywi\u015bcie bezp\u0142atny<\/strong><\/p>\n<hr \/>\n<div>\u00a0<a href=\"https:\/\/podkarpacka.iarp.pl\/wp-content\/uploads\/2016\/03\/PLAKAT-ARCHI-CZWARTKI-Konieczny.jpg\" rel=\"attachment wp-att-1430\"><img loading=\"lazy\" decoding=\"async\" class=\"alignnone wp-image-1430 size-full\" src=\"https:\/\/podkarpacka.iarp.pl\/wp-content\/uploads\/2016\/03\/PLAKAT-ARCHI-CZWARTKI-Konieczny.jpg\" alt=\"PLAKAT ARCHI CZWARTKI Konieczny\" width=\"800\" height=\"1164\" srcset=\"https:\/\/podkarpacka.iarp.pl\/wp-content\/uploads\/2016\/03\/PLAKAT-ARCHI-CZWARTKI-Konieczny.jpg 800w, https:\/\/podkarpacka.iarp.pl\/wp-content\/uploads\/2016\/03\/PLAKAT-ARCHI-CZWARTKI-Konieczny-206x300.jpg 206w, https:\/\/podkarpacka.iarp.pl\/wp-content\/uploads\/2016\/03\/PLAKAT-ARCHI-CZWARTKI-Konieczny-768x1117.jpg 768w, https:\/\/podkarpacka.iarp.pl\/wp-content\/uploads\/2016\/03\/PLAKAT-ARCHI-CZWARTKI-Konieczny-704x1024.jpg 704w\" sizes=\"auto, (max-width: 800px) 100vw, 800px\" \/><\/a><\/div>\n<div>\u00a0<a href=\"https:\/\/podkarpacka.iarp.pl\/wp-content\/uploads\/2016\/02\/arcjhiczwartki-sarp-izba-architektow-piotr-musialowski.jpg\" rel=\"attachment wp-att-1336\"><br \/>\n<\/a><\/div>\n<div><\/div>\n<div><\/div>\n","protected":false},"excerpt":{"rendered":"<p>Termin wydarzenia: 07-04-2016 Miejsce: Rzesz\u00f3w, Rynek 1 &#8211; RATUSZ (Sala &#8220;\u015alub\u00f3w&#8221;) BLISKIE SPOTKANIA Z ARCHITEKTUR\u0104 \u00a0Rozpocz\u0119cie:\u00a017:00 W imieniu SARP oddzia\u0142 w Rzeszowie, w ramach bliskich spotka\u0144 z Architektur\u0105 \u201eARCHI &#8211; CZWARTKI\u201d, zapraszamy serdecznie 07 kwietnia\u00a0o godz. 17.00 do Ratusza w Rzeszowie na spotkanie z architektem ROBERTEM KONIECZNYM Spotykamy si\u0119 w sali \u015blub\u00f3w Ratusza Miejskiego (Rzesz\u00f3w, [&hellip;]<\/p>\n","protected":false},"author":7,"featured_media":1431,"comment_status":"closed","ping_status":"open","sticky":false,"template":"","format":"standard","meta":{"footnotes":""},"categories":[55],"tags":[],"class_list":["post-1429","post","type-post","status-publish","format-standard","has-post-thumbnail","hentry","category-wydarzenia"],"publishpress_future_action":{"enabled":false,"date":"2026-05-05 14:12:48","action":"change-status","newStatus":"draft","terms":[],"taxonomy":"category","extraData":[]},"publishpress_future_workflow_manual_trigger":{"enabledWorkflows":[]},"_links":{"self":[{"href":"https:\/\/podkarpacka.iarp.pl\/index.php?rest_route=\/wp\/v2\/posts\/1429","targetHints":{"allow":["GET"]}}],"collection":[{"href":"https:\/\/podkarpacka.iarp.pl\/index.php?rest_route=\/wp\/v2\/posts"}],"about":[{"href":"https:\/\/podkarpacka.iarp.pl\/index.php?rest_route=\/wp\/v2\/types\/post"}],"author":[{"embeddable":true,"href":"https:\/\/podkarpacka.iarp.pl\/index.php?rest_route=\/wp\/v2\/users\/7"}],"replies":[{"embeddable":true,"href":"https:\/\/podkarpacka.iarp.pl\/index.php?rest_route=%2Fwp%2Fv2%2Fcomments&post=1429"}],"version-history":[{"count":5,"href":"https:\/\/podkarpacka.iarp.pl\/index.php?rest_route=\/wp\/v2\/posts\/1429\/revisions"}],"predecessor-version":[{"id":1433,"href":"https:\/\/podkarpacka.iarp.pl\/index.php?rest_route=\/wp\/v2\/posts\/1429\/revisions\/1433"}],"wp:featuredmedia":[{"embeddable":true,"href":"https:\/\/podkarpacka.iarp.pl\/index.php?rest_route=\/wp\/v2\/media\/1431"}],"wp:attachment":[{"href":"https:\/\/podkarpacka.iarp.pl\/index.php?rest_route=%2Fwp%2Fv2%2Fmedia&parent=1429"}],"wp:term":[{"taxonomy":"category","embeddable":true,"href":"https:\/\/podkarpacka.iarp.pl\/index.php?rest_route=%2Fwp%2Fv2%2Fcategories&post=1429"},{"taxonomy":"post_tag","embeddable":true,"href":"https:\/\/podkarpacka.iarp.pl\/index.php?rest_route=%2Fwp%2Fv2%2Ftags&post=1429"}],"curies":[{"name":"wp","href":"https:\/\/api.w.org\/{rel}","templated":true}]}}