{"id":1436,"date":"2016-03-21T18:17:02","date_gmt":"2016-03-21T16:17:02","guid":{"rendered":"http:\/\/podkarpacka.iarp.pl\/?p=1436"},"modified":"2016-04-02T03:00:33","modified_gmt":"2016-04-02T01:00:33","slug":"zyczenia-z-okazji-swiat-wielkanocnych","status":"publish","type":"post","link":"https:\/\/podkarpacka.iarp.pl\/?p=1436","title":{"rendered":"\u017byczenia z okazji \u015awi\u0105t Wielkanocnych"},"content":{"rendered":"<p style=\"text-align: center;\"><strong>Weso\u0142ych \u015awi\u0105t Wielkanocnych i rado\u015bci p\u0142yn\u0105cej ze Zmartwychwstania Pa\u0144skiego oraz<\/strong><\/p>\n<p style=\"text-align: center;\"><strong>serdecznych spotka\u0144 w gronie rodziny i w\u015br\u00f3d przyjaci\u00f3\u0142<\/strong><\/p>\n<p style=\"text-align: center;\"><strong>\u017cyczy<\/strong><\/p>\n<div class=\"padding-style-1\">\n<p style=\"text-align: center;\"><strong>Podkarpacka Okr\u0119gowa Izba Architekt\u00f3w RP<\/strong><\/p>\n<p style=\"text-align: center;\"><a href=\"https:\/\/podkarpacka.iarp.pl\/wp-content\/uploads\/2016\/03\/\u017cyczenia-wielkanocne-sarp-izba-2016-05.jpg\" target=\"_blank\" rel=\"attachment wp-att-1438\"><img loading=\"lazy\" decoding=\"async\" class=\"alignnone wp-image-1438 size-full\" src=\"https:\/\/podkarpacka.iarp.pl\/wp-content\/uploads\/2016\/03\/\u017cyczenia-wielkanocne-sarp-izba-2016-05.jpg\" alt=\"\u017cyczenia wielkanocne sarp izba 2016 05\" width=\"650\" height=\"757\" srcset=\"https:\/\/podkarpacka.iarp.pl\/wp-content\/uploads\/2016\/03\/\u017cyczenia-wielkanocne-sarp-izba-2016-05.jpg 650w, https:\/\/podkarpacka.iarp.pl\/wp-content\/uploads\/2016\/03\/\u017cyczenia-wielkanocne-sarp-izba-2016-05-258x300.jpg 258w\" sizes=\"auto, (max-width: 650px) 100vw, 650px\" \/><\/a><\/p>\n<\/div>\n","protected":false},"excerpt":{"rendered":"<p>Weso\u0142ych \u015awi\u0105t Wielkanocnych i rado\u015bci p\u0142yn\u0105cej ze Zmartwychwstania Pa\u0144skiego oraz serdecznych spotka\u0144 w gronie rodziny i w\u015br\u00f3d przyjaci\u00f3\u0142 \u017cyczy Podkarpacka Okr\u0119gowa Izba Architekt\u00f3w RP<\/p>\n","protected":false},"author":7,"featured_media":1440,"comment_status":"closed","ping_status":"open","sticky":false,"template":"","format":"standard","meta":{"footnotes":""},"categories":[56],"tags":[],"class_list":["post-1436","post","type-post","status-publish","format-standard","has-post-thumbnail","hentry","category-informacje-rady"],"publishpress_future_action":{"enabled":false,"date":"2026-05-05 14:12:37","action":"change-status","newStatus":"draft","terms":[],"taxonomy":"category","extraData":[]},"publishpress_future_workflow_manual_trigger":{"enabledWorkflows":[]},"_links":{"self":[{"href":"https:\/\/podkarpacka.iarp.pl\/index.php?rest_route=\/wp\/v2\/posts\/1436","targetHints":{"allow":["GET"]}}],"collection":[{"href":"https:\/\/podkarpacka.iarp.pl\/index.php?rest_route=\/wp\/v2\/posts"}],"about":[{"href":"https:\/\/podkarpacka.iarp.pl\/index.php?rest_route=\/wp\/v2\/types\/post"}],"author":[{"embeddable":true,"href":"https:\/\/podkarpacka.iarp.pl\/index.php?rest_route=\/wp\/v2\/users\/7"}],"replies":[{"embeddable":true,"href":"https:\/\/podkarpacka.iarp.pl\/index.php?rest_route=%2Fwp%2Fv2%2Fcomments&post=1436"}],"version-history":[{"count":2,"href":"https:\/\/podkarpacka.iarp.pl\/index.php?rest_route=\/wp\/v2\/posts\/1436\/revisions"}],"predecessor-version":[{"id":2053,"href":"https:\/\/podkarpacka.iarp.pl\/index.php?rest_route=\/wp\/v2\/posts\/1436\/revisions\/2053"}],"wp:featuredmedia":[{"embeddable":true,"href":"https:\/\/podkarpacka.iarp.pl\/index.php?rest_route=\/wp\/v2\/media\/1440"}],"wp:attachment":[{"href":"https:\/\/podkarpacka.iarp.pl\/index.php?rest_route=%2Fwp%2Fv2%2Fmedia&parent=1436"}],"wp:term":[{"taxonomy":"category","embeddable":true,"href":"https:\/\/podkarpacka.iarp.pl\/index.php?rest_route=%2Fwp%2Fv2%2Fcategories&post=1436"},{"taxonomy":"post_tag","embeddable":true,"href":"https:\/\/podkarpacka.iarp.pl\/index.php?rest_route=%2Fwp%2Fv2%2Ftags&post=1436"}],"curies":[{"name":"wp","href":"https:\/\/api.w.org\/{rel}","templated":true}]}}