{"id":1446,"date":"2016-03-23T18:34:25","date_gmt":"2016-03-23T16:34:25","guid":{"rendered":"http:\/\/podkarpacka.iarp.pl\/?p=1446"},"modified":"2016-04-11T22:15:51","modified_gmt":"2016-04-11T20:15:51","slug":"xi-zjazd-sprawozdawczy-pkoia-rp","status":"publish","type":"post","link":"https:\/\/podkarpacka.iarp.pl\/?p=1446","title":{"rendered":"XI ZJAZD SPRAWOZDAWCZY PKOIA RP"},"content":{"rendered":"<p>W dniu 18 marca 2016 roku odby\u0142 si\u0119 XI Sprawozdawczy Okr\u0119gowy Zjazd Podkarpackiej Okr\u0119gowej Izby Architekt\u00f3w RP.<\/p>\n<p>Zjazd przyj\u0105\u0142 sprawozdania wszystkich organ\u00f3w, udzieli\u0142 absolutorium Radzie PKOIA. Zosta\u0142 tak\u017ce przyj\u0119ty bud\u017cet na rok 2016 oraz uchwa\u0142y.<\/p>\n<hr \/>\n<p>&nbsp;<\/p>\n<p><a href=\"https:\/\/podkarpacka.iarp.pl\/wp-content\/uploads\/2016\/04\/zjazd-izby-architektow-029.jpg\" rel=\"attachment wp-att-1455\"><img loading=\"lazy\" decoding=\"async\" class=\"alignnone wp-image-1455 size-full\" src=\"https:\/\/podkarpacka.iarp.pl\/wp-content\/uploads\/2016\/04\/zjazd-izby-architektow-029.jpg\" alt=\"zjazd izby architektow-029\" width=\"750\" height=\"422\" srcset=\"https:\/\/podkarpacka.iarp.pl\/wp-content\/uploads\/2016\/04\/zjazd-izby-architektow-029.jpg 750w, https:\/\/podkarpacka.iarp.pl\/wp-content\/uploads\/2016\/04\/zjazd-izby-architektow-029-300x169.jpg 300w\" sizes=\"auto, (max-width: 750px) 100vw, 750px\" \/><\/a><\/p>\n<p><a href=\"https:\/\/podkarpacka.iarp.pl\/wp-content\/uploads\/2016\/04\/zjazd-izby-architektow-001.jpg\" rel=\"attachment wp-att-1448\"><img loading=\"lazy\" decoding=\"async\" class=\"alignnone wp-image-1448 size-full\" src=\"https:\/\/podkarpacka.iarp.pl\/wp-content\/uploads\/2016\/04\/zjazd-izby-architektow-001.jpg\" alt=\"zjazd izby architektow-001\" width=\"750\" height=\"422\" srcset=\"https:\/\/podkarpacka.iarp.pl\/wp-content\/uploads\/2016\/04\/zjazd-izby-architektow-001.jpg 750w, https:\/\/podkarpacka.iarp.pl\/wp-content\/uploads\/2016\/04\/zjazd-izby-architektow-001-300x169.jpg 300w\" sizes=\"auto, (max-width: 750px) 100vw, 750px\" \/><\/a><\/p>\n<p><img loading=\"lazy\" decoding=\"async\" class=\"alignnone wp-image-1456 size-full\" src=\"https:\/\/podkarpacka.iarp.pl\/wp-content\/uploads\/2016\/04\/zjazd-izby-architektow-032.jpg\" alt=\"zjazd izby architektow-032\" width=\"750\" height=\"422\" srcset=\"https:\/\/podkarpacka.iarp.pl\/wp-content\/uploads\/2016\/04\/zjazd-izby-architektow-032.jpg 750w, https:\/\/podkarpacka.iarp.pl\/wp-content\/uploads\/2016\/04\/zjazd-izby-architektow-032-300x169.jpg 300w\" sizes=\"auto, (max-width: 750px) 100vw, 750px\" \/><\/p>\n<p><a href=\"https:\/\/podkarpacka.iarp.pl\/wp-content\/uploads\/2016\/04\/zjazd-izby-architektow-003.jpg\" rel=\"attachment wp-att-1450\"><img loading=\"lazy\" decoding=\"async\" class=\"alignnone wp-image-1450 size-full\" src=\"https:\/\/podkarpacka.iarp.pl\/wp-content\/uploads\/2016\/04\/zjazd-izby-architektow-003.jpg\" alt=\"zjazd izby architektow-003\" width=\"750\" height=\"422\" srcset=\"https:\/\/podkarpacka.iarp.pl\/wp-content\/uploads\/2016\/04\/zjazd-izby-architektow-003.jpg 750w, https:\/\/podkarpacka.iarp.pl\/wp-content\/uploads\/2016\/04\/zjazd-izby-architektow-003-300x169.jpg 300w\" sizes=\"auto, (max-width: 750px) 100vw, 750px\" \/><\/a><\/p>\n<p><a href=\"https:\/\/podkarpacka.iarp.pl\/wp-content\/uploads\/2016\/04\/zjazd-izby-architektow-018.jpg\" rel=\"attachment wp-att-1452\"><img loading=\"lazy\" decoding=\"async\" class=\"alignnone wp-image-1452 size-full\" src=\"https:\/\/podkarpacka.iarp.pl\/wp-content\/uploads\/2016\/04\/zjazd-izby-architektow-018.jpg\" alt=\"zjazd izby architektow-018\" width=\"750\" height=\"422\" srcset=\"https:\/\/podkarpacka.iarp.pl\/wp-content\/uploads\/2016\/04\/zjazd-izby-architektow-018.jpg 750w, https:\/\/podkarpacka.iarp.pl\/wp-content\/uploads\/2016\/04\/zjazd-izby-architektow-018-300x169.jpg 300w\" sizes=\"auto, (max-width: 750px) 100vw, 750px\" \/><\/a><\/p>\n<p><a href=\"https:\/\/podkarpacka.iarp.pl\/wp-content\/uploads\/2016\/04\/zjazd-izby-architektow-027.jpg\" rel=\"attachment wp-att-1454\"><img loading=\"lazy\" decoding=\"async\" class=\"alignnone wp-image-1454 size-full\" src=\"https:\/\/podkarpacka.iarp.pl\/wp-content\/uploads\/2016\/04\/zjazd-izby-architektow-027.jpg\" alt=\"zjazd izby architektow-027\" width=\"750\" height=\"422\" srcset=\"https:\/\/podkarpacka.iarp.pl\/wp-content\/uploads\/2016\/04\/zjazd-izby-architektow-027.jpg 750w, https:\/\/podkarpacka.iarp.pl\/wp-content\/uploads\/2016\/04\/zjazd-izby-architektow-027-300x169.jpg 300w\" sizes=\"auto, (max-width: 750px) 100vw, 750px\" \/><\/a><\/p>\n<p><a href=\"https:\/\/podkarpacka.iarp.pl\/wp-content\/uploads\/2016\/04\/zjazd-izby-architektow-002.jpg\" rel=\"attachment wp-att-1449\"><img loading=\"lazy\" decoding=\"async\" class=\"alignnone wp-image-1449 size-full\" src=\"https:\/\/podkarpacka.iarp.pl\/wp-content\/uploads\/2016\/04\/zjazd-izby-architektow-002.jpg\" alt=\"zjazd izby architektow-002\" width=\"750\" height=\"422\" srcset=\"https:\/\/podkarpacka.iarp.pl\/wp-content\/uploads\/2016\/04\/zjazd-izby-architektow-002.jpg 750w, https:\/\/podkarpacka.iarp.pl\/wp-content\/uploads\/2016\/04\/zjazd-izby-architektow-002-300x169.jpg 300w\" sizes=\"auto, (max-width: 750px) 100vw, 750px\" \/><\/a><\/p>\n<p><a href=\"https:\/\/podkarpacka.iarp.pl\/wp-content\/uploads\/2016\/04\/zjazd-izby-architektow-033.jpg\" rel=\"attachment wp-att-1457\"><img loading=\"lazy\" decoding=\"async\" class=\"alignnone wp-image-1457 size-full\" src=\"https:\/\/podkarpacka.iarp.pl\/wp-content\/uploads\/2016\/04\/zjazd-izby-architektow-033.jpg\" alt=\"zjazd izby architektow-033\" width=\"750\" height=\"422\" srcset=\"https:\/\/podkarpacka.iarp.pl\/wp-content\/uploads\/2016\/04\/zjazd-izby-architektow-033.jpg 750w, https:\/\/podkarpacka.iarp.pl\/wp-content\/uploads\/2016\/04\/zjazd-izby-architektow-033-300x169.jpg 300w\" sizes=\"auto, (max-width: 750px) 100vw, 750px\" \/><\/a><\/p>\n<p><a href=\"https:\/\/podkarpacka.iarp.pl\/wp-content\/uploads\/2016\/04\/zjazd-izby-architektow-035.jpg\" rel=\"attachment wp-att-1458\"><img loading=\"lazy\" decoding=\"async\" class=\"alignnone wp-image-1458 size-full\" src=\"https:\/\/podkarpacka.iarp.pl\/wp-content\/uploads\/2016\/04\/zjazd-izby-architektow-035.jpg\" alt=\"zjazd izby architektow-035\" width=\"750\" height=\"422\" srcset=\"https:\/\/podkarpacka.iarp.pl\/wp-content\/uploads\/2016\/04\/zjazd-izby-architektow-035.jpg 750w, https:\/\/podkarpacka.iarp.pl\/wp-content\/uploads\/2016\/04\/zjazd-izby-architektow-035-300x169.jpg 300w\" sizes=\"auto, (max-width: 750px) 100vw, 750px\" \/><\/a><\/p>\n<p><a href=\"https:\/\/podkarpacka.iarp.pl\/wp-content\/uploads\/2016\/04\/zjazd-izby-architektow-022.jpg\" rel=\"attachment wp-att-1453\"><img loading=\"lazy\" decoding=\"async\" class=\"alignnone wp-image-1453 size-full\" src=\"https:\/\/podkarpacka.iarp.pl\/wp-content\/uploads\/2016\/04\/zjazd-izby-architektow-022.jpg\" alt=\"zjazd izby architektow-022\" width=\"750\" height=\"422\" srcset=\"https:\/\/podkarpacka.iarp.pl\/wp-content\/uploads\/2016\/04\/zjazd-izby-architektow-022.jpg 750w, https:\/\/podkarpacka.iarp.pl\/wp-content\/uploads\/2016\/04\/zjazd-izby-architektow-022-300x169.jpg 300w\" sizes=\"auto, (max-width: 750px) 100vw, 750px\" \/><\/a><\/p>\n","protected":false},"excerpt":{"rendered":"<p>W dniu 18 marca 2016 roku odby\u0142 si\u0119 XI Sprawozdawczy Okr\u0119gowy Zjazd Podkarpackiej Okr\u0119gowej Izby Architekt\u00f3w RP. Zjazd przyj\u0105\u0142 sprawozdania wszystkich organ\u00f3w, udzieli\u0142 absolutorium Radzie PKOIA. Zosta\u0142 tak\u017ce przyj\u0119ty bud\u017cet na rok 2016 oraz uchwa\u0142y. &nbsp;<\/p>\n","protected":false},"author":7,"featured_media":1447,"comment_status":"closed","ping_status":"open","sticky":false,"template":"","format":"gallery","meta":{"footnotes":""},"categories":[56],"tags":[],"class_list":["post-1446","post","type-post","status-publish","format-gallery","has-post-thumbnail","hentry","category-informacje-rady","post_format-post-format-gallery"],"publishpress_future_action":{"enabled":false,"date":"2026-05-08 21:27:03","action":"change-status","newStatus":"draft","terms":[],"taxonomy":"category","extraData":[]},"publishpress_future_workflow_manual_trigger":{"enabledWorkflows":[]},"_links":{"self":[{"href":"https:\/\/podkarpacka.iarp.pl\/index.php?rest_route=\/wp\/v2\/posts\/1446","targetHints":{"allow":["GET"]}}],"collection":[{"href":"https:\/\/podkarpacka.iarp.pl\/index.php?rest_route=\/wp\/v2\/posts"}],"about":[{"href":"https:\/\/podkarpacka.iarp.pl\/index.php?rest_route=\/wp\/v2\/types\/post"}],"author":[{"embeddable":true,"href":"https:\/\/podkarpacka.iarp.pl\/index.php?rest_route=\/wp\/v2\/users\/7"}],"replies":[{"embeddable":true,"href":"https:\/\/podkarpacka.iarp.pl\/index.php?rest_route=%2Fwp%2Fv2%2Fcomments&post=1446"}],"version-history":[{"count":2,"href":"https:\/\/podkarpacka.iarp.pl\/index.php?rest_route=\/wp\/v2\/posts\/1446\/revisions"}],"predecessor-version":[{"id":1477,"href":"https:\/\/podkarpacka.iarp.pl\/index.php?rest_route=\/wp\/v2\/posts\/1446\/revisions\/1477"}],"wp:featuredmedia":[{"embeddable":true,"href":"https:\/\/podkarpacka.iarp.pl\/index.php?rest_route=\/wp\/v2\/media\/1447"}],"wp:attachment":[{"href":"https:\/\/podkarpacka.iarp.pl\/index.php?rest_route=%2Fwp%2Fv2%2Fmedia&parent=1446"}],"wp:term":[{"taxonomy":"category","embeddable":true,"href":"https:\/\/podkarpacka.iarp.pl\/index.php?rest_route=%2Fwp%2Fv2%2Fcategories&post=1446"},{"taxonomy":"post_tag","embeddable":true,"href":"https:\/\/podkarpacka.iarp.pl\/index.php?rest_route=%2Fwp%2Fv2%2Ftags&post=1446"}],"curies":[{"name":"wp","href":"https:\/\/api.w.org\/{rel}","templated":true}]}}