{"id":1486,"date":"2016-04-21T16:09:49","date_gmt":"2016-04-21T14:09:49","guid":{"rendered":"http:\/\/podkarpacka.iarp.pl\/?p=1486"},"modified":"2016-04-22T01:46:06","modified_gmt":"2016-04-21T23:46:06","slug":"05-05-2016-archiczwartki-krzysztof-ingarden","status":"publish","type":"post","link":"https:\/\/podkarpacka.iarp.pl\/?p=1486","title":{"rendered":"[05.05.2016] ArchiCzwartki \u2013 Krzysztof Ingarden"},"content":{"rendered":"<p><a href=\"https:\/\/podkarpacka.iarp.pl\/wp-content\/uploads\/2015\/11\/sarp-archiczwartki-2.jpg\" rel=\"attachment wp-att-1286\"><img loading=\"lazy\" decoding=\"async\" class=\"alignleft size-full wp-image-1286\" src=\"https:\/\/podkarpacka.iarp.pl\/wp-content\/uploads\/2015\/11\/sarp-archiczwartki-2.jpg\" alt=\"sarp archiczwartki 2\" width=\"344\" height=\"228\" srcset=\"https:\/\/podkarpacka.iarp.pl\/wp-content\/uploads\/2015\/11\/sarp-archiczwartki-2.jpg 344w, https:\/\/podkarpacka.iarp.pl\/wp-content\/uploads\/2015\/11\/sarp-archiczwartki-2-300x199.jpg 300w\" sizes=\"auto, (max-width: 344px) 100vw, 344px\" \/><\/a><\/p>\n<h2 class=\"lead\"><strong>Termin wydarzenia: 05-05-2016<\/strong><\/h2>\n<h4 class=\"lead\"><strong>Miejsce: Rzesz\u00f3w, Rynek 1 &#8211; RATUSZ (Sala &#8220;\u015alub\u00f3w&#8221;)<\/strong><\/h4>\n<div class=\"lead\">\n<div class=\"lead\" style=\"text-align: justify;\">\n<hr \/>\n<h3><span style=\"color: #333333;\"><strong>BLISKIE SPOTKANIA Z ARCHITEKTUR\u0104<\/strong><\/span><\/h3>\n<\/div>\n<\/div>\n<div style=\"text-align: justify;\">\n<hr \/>\n<h4><strong>\u00a0Rozpocz\u0119cie:\u00a018:00<\/strong><\/h4>\n<hr \/>\n<\/div>\n<div class=\"row-fluid agenda\" style=\"text-align: justify;\">\n<p style=\"text-align: justify;\">W imieniu SARP oddzia\u0142 w Rzeszowie, w ramach bliskich spotka\u0144 z Architektur\u0105 \u201eARCHI \u2013 CZWARTKI\u201d, zapraszamy serdecznie <strong>05 maja o godz. 18.00 do Ratusza w Rzeszowie<\/strong> na spotkanie z architektem profesorem <strong>KRZYSZTOFEM INGARDENEM.<\/strong><\/p>\n<p style=\"text-align: justify;\">Spotykamy si\u0119 tradycyjnie w sali \u015blub\u00f3w Ratusza Miejskiego (Rzesz\u00f3w, Rynek 1).<\/p>\n<hr \/>\n<h3 style=\"text-align: justify;\"><strong>Go\u015b\u0107 specjalny \u00a0arch. Krzysztof INGARDEN<\/strong><\/h3>\n<h4 style=\"text-align: justify;\">Wyg\u0142osi wyk\u0142ad pt.<strong>\u00a0\u201eIngarden &amp; Ewy &#8211; \u00a0trzy projekty dla kultury\u201d<\/strong><\/h4>\n<p style=\"text-align: justify;\">Architekt\u00a0reprezentuje\u00a0biuro projektowe <strong>Ingarden &amp; Ew\u00fd Architekci<\/strong> \u2013 za\u0142o\u017cone w roku 1998 przez\u00a0Krzysztofa Ingardena i Jacka Ew\u00fd wsp\u00f3\u0142pracuj\u0105cych ze sob\u0105 od ponad 20 lat \u2013 wcze\u015bniej w ramach za\u0142o\u017conego w 1991 roku biura JET Atelier.<\/p>\n<p style=\"text-align: justify;\">Projekty\u00a0Krzystofa Ingardena i Jacka Ew\u00fd \u00a0zdoby\u0142y wiele nagr\u00f3d w konkursach. Domen\u0105 architekt\u00f3w \u00a0s\u0105 niezwyk\u0142e\u00a0projekty obiekt\u00f3w u\u017cyteczno\u015bci publicznej, w\u015br\u00f3d kt\u00f3rych wymieni\u0107 mo\u017cna;<\/p>\n<ul>\n<li style=\"text-align: justify;\">Centrum Kongresowe &#8211; ICE Krak\u00f3w Congress Centre (2014),<\/li>\n<li style=\"text-align: justify;\">Ma\u0142opolski Ogr\u00f3d Sztuki (2012),<\/li>\n<li style=\"text-align: justify;\">Muzeum Sztuki i Techniki Japo\u0144skiej Manggha zrealizowane we wsp\u00f3\u0142pracy z japo\u0144skim architektem Arat\u0105 Isozaki (1994),<\/li>\n<li style=\"text-align: justify;\">ambasad\u0119 Polski w Tokio (2001),<\/li>\n<li style=\"text-align: justify;\">pawilon Polski na wystawie EXPO 2005 Aichi (2005)<\/li>\n<\/ul>\n<p style=\"text-align: justify;\">oraz wiele krakowskich obiekt\u00f3w, kt\u00f3re na dobre wpisa\u0142y si\u0119 ju\u017c w krajobraz miasta, m.in.:<\/p>\n<ul>\n<li style=\"text-align: justify;\">pawilon wystawowo-informacyjny Wyspia\u0144ski 2000 (2007),<\/li>\n<li style=\"text-align: justify;\">centrum biurowe Rondo Business Park (2008),<\/li>\n<li style=\"text-align: justify;\">Ogr\u00f3d Do\u015bwiadcze\u0144 w Parku Lotnik\u00f3w (2008)<\/li>\n<li style=\"text-align: justify;\">czy bibliotek\u0119 Uniwersytetu Papieskiego (2010)<\/li>\n<\/ul>\n<p style=\"text-align: justify;\"><strong>\u2013&gt; Zapisy na Wydarzenie \u2013&gt;<\/strong><a href=\"https:\/\/www.facebook.com\/events\/483915825136919\/\">\u00a0https:\/\/www.facebook.com\/events\/483915825136919\/<\/a><\/p>\n<hr \/>\n<p style=\"text-align: justify;\"><strong>Po zako\u0144czeniu spotkania zapraszamy do siedziby SARP, Rynek 8 na spotkanie networkingowe z kolegami architektami oraz\u00a0pocz\u0119stunek\u00a0wraz z prezentacj\u0105 i degustacj\u0105 kaw\u00a0z\u00a0ca\u0142ego \u015bwiata.<\/strong><\/p>\n<hr \/>\n<p><strong><br \/>\nUdzia\u0142 w wydarzeniu jest oczywi\u015bcie bezp\u0142atny<\/strong><\/p>\n<\/div>\n<hr \/>\n<div>\u00a0<a href=\"https:\/\/podkarpacka.iarp.pl\/wp-content\/uploads\/2016\/04\/PLAKAT-ARCHI-CZWARTKI-05-05-2016-Ingarden.jpg\"><img loading=\"lazy\" decoding=\"async\" class=\"alignnone wp-image-1488 size-large\" src=\"https:\/\/podkarpacka.iarp.pl\/wp-content\/uploads\/2016\/04\/PLAKAT-ARCHI-CZWARTKI-05-05-2016-Ingarden-704x1024.jpg\" alt=\"PLAKAT ARCHI CZWARTKI - 05-05-2016 Ingarden\" width=\"704\" height=\"1024\" srcset=\"https:\/\/podkarpacka.iarp.pl\/wp-content\/uploads\/2016\/04\/PLAKAT-ARCHI-CZWARTKI-05-05-2016-Ingarden-704x1024.jpg 704w, https:\/\/podkarpacka.iarp.pl\/wp-content\/uploads\/2016\/04\/PLAKAT-ARCHI-CZWARTKI-05-05-2016-Ingarden-206x300.jpg 206w, https:\/\/podkarpacka.iarp.pl\/wp-content\/uploads\/2016\/04\/PLAKAT-ARCHI-CZWARTKI-05-05-2016-Ingarden-768x1117.jpg 768w, https:\/\/podkarpacka.iarp.pl\/wp-content\/uploads\/2016\/04\/PLAKAT-ARCHI-CZWARTKI-05-05-2016-Ingarden.jpg 1000w\" sizes=\"auto, (max-width: 704px) 100vw, 704px\" \/><\/a><\/div>\n<div>\u00a0<a href=\"https:\/\/podkarpacka.iarp.pl\/wp-content\/uploads\/2016\/02\/arcjhiczwartki-sarp-izba-architektow-piotr-musialowski.jpg\" rel=\"attachment wp-att-1336\"><br \/>\n<\/a><\/div>\n<div><\/div>\n<div><\/div>\n","protected":false},"excerpt":{"rendered":"<p>Termin wydarzenia: 05-05-2016 Miejsce: Rzesz\u00f3w, Rynek 1 &#8211; RATUSZ (Sala &#8220;\u015alub\u00f3w&#8221;) BLISKIE SPOTKANIA Z ARCHITEKTUR\u0104 \u00a0Rozpocz\u0119cie:\u00a018:00 W imieniu SARP oddzia\u0142 w Rzeszowie, w ramach bliskich spotka\u0144 z Architektur\u0105 \u201eARCHI \u2013 CZWARTKI\u201d, zapraszamy serdecznie 05 maja o godz. 18.00 do Ratusza w Rzeszowie na spotkanie z architektem profesorem KRZYSZTOFEM INGARDENEM. Spotykamy si\u0119 tradycyjnie w sali \u015blub\u00f3w [&hellip;]<\/p>\n","protected":false},"author":7,"featured_media":1487,"comment_status":"closed","ping_status":"open","sticky":false,"template":"","format":"standard","meta":{"footnotes":""},"categories":[55],"tags":[],"class_list":["post-1486","post","type-post","status-publish","format-standard","has-post-thumbnail","hentry","category-wydarzenia"],"publishpress_future_action":{"enabled":false,"date":"2026-05-05 13:55:01","action":"change-status","newStatus":"draft","terms":[],"taxonomy":"category","extraData":[]},"publishpress_future_workflow_manual_trigger":{"enabledWorkflows":[]},"_links":{"self":[{"href":"https:\/\/podkarpacka.iarp.pl\/index.php?rest_route=\/wp\/v2\/posts\/1486","targetHints":{"allow":["GET"]}}],"collection":[{"href":"https:\/\/podkarpacka.iarp.pl\/index.php?rest_route=\/wp\/v2\/posts"}],"about":[{"href":"https:\/\/podkarpacka.iarp.pl\/index.php?rest_route=\/wp\/v2\/types\/post"}],"author":[{"embeddable":true,"href":"https:\/\/podkarpacka.iarp.pl\/index.php?rest_route=\/wp\/v2\/users\/7"}],"replies":[{"embeddable":true,"href":"https:\/\/podkarpacka.iarp.pl\/index.php?rest_route=%2Fwp%2Fv2%2Fcomments&post=1486"}],"version-history":[{"count":3,"href":"https:\/\/podkarpacka.iarp.pl\/index.php?rest_route=\/wp\/v2\/posts\/1486\/revisions"}],"predecessor-version":[{"id":1502,"href":"https:\/\/podkarpacka.iarp.pl\/index.php?rest_route=\/wp\/v2\/posts\/1486\/revisions\/1502"}],"wp:featuredmedia":[{"embeddable":true,"href":"https:\/\/podkarpacka.iarp.pl\/index.php?rest_route=\/wp\/v2\/media\/1487"}],"wp:attachment":[{"href":"https:\/\/podkarpacka.iarp.pl\/index.php?rest_route=%2Fwp%2Fv2%2Fmedia&parent=1486"}],"wp:term":[{"taxonomy":"category","embeddable":true,"href":"https:\/\/podkarpacka.iarp.pl\/index.php?rest_route=%2Fwp%2Fv2%2Fcategories&post=1486"},{"taxonomy":"post_tag","embeddable":true,"href":"https:\/\/podkarpacka.iarp.pl\/index.php?rest_route=%2Fwp%2Fv2%2Ftags&post=1486"}],"curies":[{"name":"wp","href":"https:\/\/api.w.org\/{rel}","templated":true}]}}