{"id":1490,"date":"2016-04-11T12:10:50","date_gmt":"2016-04-11T10:10:50","guid":{"rendered":"http:\/\/podkarpacka.iarp.pl\/?p=1490"},"modified":"2016-04-22T01:42:00","modified_gmt":"2016-04-21T23:42:00","slug":"xii-miedzynarodowa-konferencja-izb-architektow-krajow-europy-srodkowej-i-wschodniej-ustron-8-9-04-2016r","status":"publish","type":"post","link":"https:\/\/podkarpacka.iarp.pl\/?p=1490","title":{"rendered":"XII Mi\u0119dzynarodowa Konferencja Izb Architekt\u00f3w Kraj\u00f3w Europy \u015arodkowej i Wschodniej Ustro\u0144 8-9.04.2016r."},"content":{"rendered":"<p>W\u00a0dniach 8-9 kwietnia 2016\u00a0r. w\u00a0Ustroniu odby\u0142a si\u0119 organizowana przez Krajow\u0105 Rad\u0119 IA RP przy wsp\u00f3\u0142pracy ze\u00a0\u015al\u0105sk\u0105 OIA RP &#8211; \u00a0<strong>XII Mi\u0119dzynarodowa Konferencja Izb Architekt\u00f3w Kraj\u00f3w Europy \u015arodkowej i\u00a0Wschodniej w\u00a0nowej formule Spotkania Roboczego Grupy V-4<\/strong>,<\/p>\n<p>W\u00a0kontynuacji zagadnie\u0144 konferencji w\u00a0dniu 9 kwietnia 2016r. odby\u0142o si\u0119 spotkanie \u015brodowiskowe, kt\u00f3rego\u00a0g\u0142\u00f3wn\u0105 tematyk\u0105 by\u0142a budowa zintegrowanego systemu regulacji prawa wewn\u0119trznego samorz\u0105du architekt\u00f3w \u2013 IARP w\u00a0zakresie kszta\u0142towania zawodu w\u00a0oparciu o\u00a0cztery elementy \u2013 filary zawodu: Etyk\u0119, Standardy wykonywania zawodu, Ubezpieczenia, Honoraria.<\/p>\n<p>PKOIA RP reprezentowali na konferencji:<\/p>\n<ul>\n<li>przewodnicz\u0105cy<strong> arch.\u00a0Andrzej Depa<\/strong><\/li>\n<li>oraz \u00a0wiceprzewodnicz\u0105ca\u00a0<strong> arch.\u00a0<\/strong><strong>Iwona Matlingiewicz.<\/strong><\/li>\n<\/ul>\n<p>&nbsp;<\/p>\n","protected":false},"excerpt":{"rendered":"<p>W\u00a0dniach 8-9 kwietnia 2016\u00a0r. w\u00a0Ustroniu odby\u0142a si\u0119 organizowana przez Krajow\u0105 Rad\u0119 IA RP przy wsp\u00f3\u0142pracy ze\u00a0\u015al\u0105sk\u0105 OIA RP &#8211; \u00a0XII Mi\u0119dzynarodowa Konferencja Izb Architekt\u00f3w Kraj\u00f3w Europy \u015arodkowej i\u00a0Wschodniej w\u00a0nowej formule Spotkania Roboczego Grupy V-4, W\u00a0kontynuacji zagadnie\u0144 konferencji w\u00a0dniu 9 kwietnia 2016r. odby\u0142o si\u0119 spotkanie \u015brodowiskowe, kt\u00f3rego\u00a0g\u0142\u00f3wn\u0105 tematyk\u0105 by\u0142a budowa zintegrowanego systemu regulacji prawa wewn\u0119trznego samorz\u0105du [&hellip;]<\/p>\n","protected":false},"author":7,"featured_media":864,"comment_status":"closed","ping_status":"open","sticky":false,"template":"","format":"standard","meta":{"footnotes":""},"categories":[56],"tags":[],"class_list":["post-1490","post","type-post","status-publish","format-standard","has-post-thumbnail","hentry","category-informacje-rady"],"publishpress_future_action":{"enabled":false,"date":"2026-05-05 13:55:00","action":"change-status","newStatus":"draft","terms":[],"taxonomy":"category","extraData":[]},"publishpress_future_workflow_manual_trigger":{"enabledWorkflows":[]},"_links":{"self":[{"href":"https:\/\/podkarpacka.iarp.pl\/index.php?rest_route=\/wp\/v2\/posts\/1490","targetHints":{"allow":["GET"]}}],"collection":[{"href":"https:\/\/podkarpacka.iarp.pl\/index.php?rest_route=\/wp\/v2\/posts"}],"about":[{"href":"https:\/\/podkarpacka.iarp.pl\/index.php?rest_route=\/wp\/v2\/types\/post"}],"author":[{"embeddable":true,"href":"https:\/\/podkarpacka.iarp.pl\/index.php?rest_route=\/wp\/v2\/users\/7"}],"replies":[{"embeddable":true,"href":"https:\/\/podkarpacka.iarp.pl\/index.php?rest_route=%2Fwp%2Fv2%2Fcomments&post=1490"}],"version-history":[{"count":4,"href":"https:\/\/podkarpacka.iarp.pl\/index.php?rest_route=\/wp\/v2\/posts\/1490\/revisions"}],"predecessor-version":[{"id":1500,"href":"https:\/\/podkarpacka.iarp.pl\/index.php?rest_route=\/wp\/v2\/posts\/1490\/revisions\/1500"}],"wp:featuredmedia":[{"embeddable":true,"href":"https:\/\/podkarpacka.iarp.pl\/index.php?rest_route=\/wp\/v2\/media\/864"}],"wp:attachment":[{"href":"https:\/\/podkarpacka.iarp.pl\/index.php?rest_route=%2Fwp%2Fv2%2Fmedia&parent=1490"}],"wp:term":[{"taxonomy":"category","embeddable":true,"href":"https:\/\/podkarpacka.iarp.pl\/index.php?rest_route=%2Fwp%2Fv2%2Fcategories&post=1490"},{"taxonomy":"post_tag","embeddable":true,"href":"https:\/\/podkarpacka.iarp.pl\/index.php?rest_route=%2Fwp%2Fv2%2Ftags&post=1490"}],"curies":[{"name":"wp","href":"https:\/\/api.w.org\/{rel}","templated":true}]}}