{"id":1497,"date":"2016-04-18T11:40:33","date_gmt":"2016-04-18T09:40:33","guid":{"rendered":"http:\/\/podkarpacka.iarp.pl\/?p=1497"},"modified":"2016-04-22T01:40:59","modified_gmt":"2016-04-21T23:40:59","slug":"zakresu-projektu-budowlanego-podlegajacego-zatwierdzeniu-w-kontekscie-ustawy-prawo-budowlane-i-wt","status":"publish","type":"post","link":"https:\/\/podkarpacka.iarp.pl\/?p=1497","title":{"rendered":"Zakresu projektu budowlanego &#8211; podlegaj\u0105cego zatwierdzeniu, w kontek\u015bcie Ustawy Prawo budowlane i WT"},"content":{"rendered":"<p>Szanowni Pa\u0144stwo.<\/p>\n<p>W ramach d\u0105\u017cenia do ujednolicania pracy projektant\u00f3w oraz organ\u00f3w administracji architektoniczno budowlanej, a tak\u017ce w celu ograniczenia potencjalnych nieporozumie\u0144 co do zakresu projektu budowlanego, <strong>Rada Ma\u0142opolskiej Okr\u0119gowej Izby Architekt\u00f3w w porozumieniu z Ma\u0142opolsk\u0105 Okr\u0119gow\u0105 Izb\u0105 In\u017cynier\u00f3w Budownictwa oraz Wydzia\u0142em Infrastruktury Ma\u0142opolskiego Urz\u0119du Wojew\u00f3dzkiego<\/strong>, niniejszym przedk\u0142ada informacje dotycz\u0105ce zakresu projektu budowlanego.<\/p>\n<p><strong>Niniejszy dokument nie stanowi oficjalnej wyk\u0142adni przepis\u00f3w prawa, mo\u017ce by\u0107 jednak traktowany jako materia\u0142 pomocniczy przy opracowywaniu projekt\u00f3w oraz rozstrzygni\u0119\u0107 w indywidualnych sprawach.<\/strong><\/p>\n<hr \/>\n<p>Informacja na oficjalnej stronie MPOIA:<\/p>\n<p><a href=\"http:\/\/www.mpoia.pl\/index.php\/mpoia\/informacje\/924-komunikat-mp-03\">http:\/\/www.mpoia.pl\/index.php\/mpoia\/informacje\/924-komunikat-mp-03<\/a><\/p>\n<hr \/>\n<ul>\n<li><a href=\"http:\/\/www.mpoia.pl\/images\/5informacje\/2016-03-09-nowelizacja-prawo-budowlane\/2016-03-09-komunikat-rady-mp-03.pdf\" target=\"_blank\">Komunikat Rady MPOIA nr MP 03<\/a><\/li>\n<\/ul>\n<hr \/>\n<p>&nbsp;<\/p>\n","protected":false},"excerpt":{"rendered":"<p>Szanowni Pa\u0144stwo. W ramach d\u0105\u017cenia do ujednolicania pracy projektant\u00f3w oraz organ\u00f3w administracji architektoniczno budowlanej, a tak\u017ce w celu ograniczenia potencjalnych nieporozumie\u0144 co do zakresu projektu budowlanego, Rada Ma\u0142opolskiej Okr\u0119gowej Izby Architekt\u00f3w w porozumieniu z Ma\u0142opolsk\u0105 Okr\u0119gow\u0105 Izb\u0105 In\u017cynier\u00f3w Budownictwa oraz Wydzia\u0142em Infrastruktury Ma\u0142opolskiego Urz\u0119du Wojew\u00f3dzkiego, niniejszym przedk\u0142ada informacje dotycz\u0105ce zakresu projektu budowlanego. Niniejszy dokument nie [&hellip;]<\/p>\n","protected":false},"author":7,"featured_media":1178,"comment_status":"closed","ping_status":"open","sticky":false,"template":"","format":"standard","meta":{"footnotes":""},"categories":[64],"tags":[],"class_list":["post-1497","post","type-post","status-publish","format-standard","has-post-thumbnail","hentry","category-biuletyn"],"publishpress_future_action":{"enabled":false,"date":"2026-05-05 04:12:46","action":"change-status","newStatus":"draft","terms":[],"taxonomy":"category","extraData":[]},"publishpress_future_workflow_manual_trigger":{"enabledWorkflows":[]},"_links":{"self":[{"href":"https:\/\/podkarpacka.iarp.pl\/index.php?rest_route=\/wp\/v2\/posts\/1497","targetHints":{"allow":["GET"]}}],"collection":[{"href":"https:\/\/podkarpacka.iarp.pl\/index.php?rest_route=\/wp\/v2\/posts"}],"about":[{"href":"https:\/\/podkarpacka.iarp.pl\/index.php?rest_route=\/wp\/v2\/types\/post"}],"author":[{"embeddable":true,"href":"https:\/\/podkarpacka.iarp.pl\/index.php?rest_route=\/wp\/v2\/users\/7"}],"replies":[{"embeddable":true,"href":"https:\/\/podkarpacka.iarp.pl\/index.php?rest_route=%2Fwp%2Fv2%2Fcomments&post=1497"}],"version-history":[{"count":2,"href":"https:\/\/podkarpacka.iarp.pl\/index.php?rest_route=\/wp\/v2\/posts\/1497\/revisions"}],"predecessor-version":[{"id":1499,"href":"https:\/\/podkarpacka.iarp.pl\/index.php?rest_route=\/wp\/v2\/posts\/1497\/revisions\/1499"}],"wp:featuredmedia":[{"embeddable":true,"href":"https:\/\/podkarpacka.iarp.pl\/index.php?rest_route=\/wp\/v2\/media\/1178"}],"wp:attachment":[{"href":"https:\/\/podkarpacka.iarp.pl\/index.php?rest_route=%2Fwp%2Fv2%2Fmedia&parent=1497"}],"wp:term":[{"taxonomy":"category","embeddable":true,"href":"https:\/\/podkarpacka.iarp.pl\/index.php?rest_route=%2Fwp%2Fv2%2Fcategories&post=1497"},{"taxonomy":"post_tag","embeddable":true,"href":"https:\/\/podkarpacka.iarp.pl\/index.php?rest_route=%2Fwp%2Fv2%2Ftags&post=1497"}],"curies":[{"name":"wp","href":"https:\/\/api.w.org\/{rel}","templated":true}]}}