{"id":1504,"date":"2016-05-03T22:17:16","date_gmt":"2016-05-03T20:17:16","guid":{"rendered":"http:\/\/podkarpacka.iarp.pl\/?p=1504"},"modified":"2016-05-04T05:09:45","modified_gmt":"2016-05-04T03:09:45","slug":"1504","status":"publish","type":"post","link":"https:\/\/podkarpacka.iarp.pl\/?p=1504","title":{"rendered":"Uroczysto\u015bci z okazji 225 rocznicy uchwalenia Konstytucji 3 Maja."},"content":{"rendered":"<p><strong>Uroczysto\u015bci z okazji 225 rocznicy uchwalenia Konstytucji 3 Maja.<\/strong><\/p>\n<blockquote><p>Konstytucja 3 maja by\u0142a pierwsz\u0105 w Europie i drug\u0105 na \u015bwiecie (po konstytucji ameryka\u0144skiej z 1787 r.) nowoczesn\u0105, spisan\u0105 konstytucj\u0105.<\/p>\n<p>Zosta\u0142a ustanowiona ustaw\u0105 rz\u0105dow\u0105 przyj\u0119t\u0105 tego dnia przez sejm. Zosta\u0142a zaprojektowana w celu zlikwidowania obecnych od dawna wad opartego na wolnej elekcji i demokracji szlacheckiej systemu politycznego Rzeczypospolitej Obojga Narod\u00f3w.<\/p><\/blockquote>\n<p><strong>Delegacje PKOIA RP sk\u0142adaj\u0105 kwiaty pod pomnikiem Tadeusza Ko\u015bciuszki na Rynku w Rzeszowie.<\/strong><\/p>\n<p><strong> <a href=\"https:\/\/podkarpacka.iarp.pl\/wp-content\/uploads\/2016\/05\/13124608_1348584851824209_4970284485210462175_n.jpg\"><img loading=\"lazy\" decoding=\"async\" class=\"aligncenter wp-image-1506\" src=\"https:\/\/podkarpacka.iarp.pl\/wp-content\/uploads\/2016\/05\/13124608_1348584851824209_4970284485210462175_n-300x169.jpg\" alt=\"13124608_1348584851824209_4970284485210462175_n\" width=\"770\" height=\"433\" srcset=\"https:\/\/podkarpacka.iarp.pl\/wp-content\/uploads\/2016\/05\/13124608_1348584851824209_4970284485210462175_n-300x169.jpg 300w, https:\/\/podkarpacka.iarp.pl\/wp-content\/uploads\/2016\/05\/13124608_1348584851824209_4970284485210462175_n-768x432.jpg 768w, https:\/\/podkarpacka.iarp.pl\/wp-content\/uploads\/2016\/05\/13124608_1348584851824209_4970284485210462175_n.jpg 960w\" sizes=\"auto, (max-width: 770px) 100vw, 770px\" \/><\/a><\/strong><\/p>\n<p><a href=\"https:\/\/podkarpacka.iarp.pl\/wp-content\/uploads\/2016\/05\/P1190653.jpg\"><img loading=\"lazy\" decoding=\"async\" class=\"wp-image-1511 size-large aligncenter\" src=\"https:\/\/podkarpacka.iarp.pl\/wp-content\/uploads\/2016\/05\/P1190653-1024x768.jpg\" alt=\"P1190653\" width=\"770\" height=\"578\" srcset=\"https:\/\/podkarpacka.iarp.pl\/wp-content\/uploads\/2016\/05\/P1190653-1024x768.jpg 1024w, https:\/\/podkarpacka.iarp.pl\/wp-content\/uploads\/2016\/05\/P1190653-300x225.jpg 300w, https:\/\/podkarpacka.iarp.pl\/wp-content\/uploads\/2016\/05\/P1190653-768x576.jpg 768w, https:\/\/podkarpacka.iarp.pl\/wp-content\/uploads\/2016\/05\/P1190653.jpg 1200w\" sizes=\"auto, (max-width: 770px) 100vw, 770px\" \/><\/a><\/p>\n<p><a href=\"https:\/\/podkarpacka.iarp.pl\/wp-content\/uploads\/2016\/05\/P1190651.jpg\"><img loading=\"lazy\" decoding=\"async\" class=\"aligncenter wp-image-1510 size-large\" src=\"https:\/\/podkarpacka.iarp.pl\/wp-content\/uploads\/2016\/05\/P1190651-1024x768.jpg\" alt=\"P1190651\" width=\"770\" height=\"578\" srcset=\"https:\/\/podkarpacka.iarp.pl\/wp-content\/uploads\/2016\/05\/P1190651-1024x768.jpg 1024w, https:\/\/podkarpacka.iarp.pl\/wp-content\/uploads\/2016\/05\/P1190651-300x225.jpg 300w, https:\/\/podkarpacka.iarp.pl\/wp-content\/uploads\/2016\/05\/P1190651-768x576.jpg 768w, https:\/\/podkarpacka.iarp.pl\/wp-content\/uploads\/2016\/05\/P1190651.jpg 1200w\" sizes=\"auto, (max-width: 770px) 100vw, 770px\" \/><\/a><\/p>\n<p><a href=\"https:\/\/podkarpacka.iarp.pl\/wp-content\/uploads\/2016\/05\/13138980_1348584621824232_5084155073323616561_n.jpg\"><img loading=\"lazy\" decoding=\"async\" class=\"aligncenter wp-image-1508\" src=\"https:\/\/podkarpacka.iarp.pl\/wp-content\/uploads\/2016\/05\/13138980_1348584621824232_5084155073323616561_n.jpg\" alt=\"13138980_1348584621824232_5084155073323616561_n\" width=\"770\" height=\"433\" srcset=\"https:\/\/podkarpacka.iarp.pl\/wp-content\/uploads\/2016\/05\/13138980_1348584621824232_5084155073323616561_n.jpg 960w, https:\/\/podkarpacka.iarp.pl\/wp-content\/uploads\/2016\/05\/13138980_1348584621824232_5084155073323616561_n-300x169.jpg 300w, https:\/\/podkarpacka.iarp.pl\/wp-content\/uploads\/2016\/05\/13138980_1348584621824232_5084155073323616561_n-768x432.jpg 768w\" sizes=\"auto, (max-width: 770px) 100vw, 770px\" \/><\/a><\/p>\n<p><a href=\"https:\/\/podkarpacka.iarp.pl\/wp-content\/uploads\/2016\/05\/P1190658.jpg\"><img loading=\"lazy\" decoding=\"async\" class=\"aligncenter wp-image-1512 size-large\" src=\"https:\/\/podkarpacka.iarp.pl\/wp-content\/uploads\/2016\/05\/P1190658-1024x768.jpg\" alt=\"P1190658\" width=\"770\" height=\"578\" srcset=\"https:\/\/podkarpacka.iarp.pl\/wp-content\/uploads\/2016\/05\/P1190658-1024x768.jpg 1024w, https:\/\/podkarpacka.iarp.pl\/wp-content\/uploads\/2016\/05\/P1190658-300x225.jpg 300w, https:\/\/podkarpacka.iarp.pl\/wp-content\/uploads\/2016\/05\/P1190658-768x576.jpg 768w, https:\/\/podkarpacka.iarp.pl\/wp-content\/uploads\/2016\/05\/P1190658.jpg 1200w\" sizes=\"auto, (max-width: 770px) 100vw, 770px\" \/><\/a><\/p>\n<p><a href=\"https:\/\/podkarpacka.iarp.pl\/wp-content\/uploads\/2016\/05\/13118936_1348584721824222_3071899196177985223_n.jpg\"><img loading=\"lazy\" decoding=\"async\" class=\"aligncenter wp-image-1507\" src=\"https:\/\/podkarpacka.iarp.pl\/wp-content\/uploads\/2016\/05\/13118936_1348584721824222_3071899196177985223_n.jpg\" alt=\"13118936_1348584721824222_3071899196177985223_n\" width=\"770\" height=\"433\" srcset=\"https:\/\/podkarpacka.iarp.pl\/wp-content\/uploads\/2016\/05\/13118936_1348584721824222_3071899196177985223_n.jpg 960w, https:\/\/podkarpacka.iarp.pl\/wp-content\/uploads\/2016\/05\/13118936_1348584721824222_3071899196177985223_n-300x169.jpg 300w, https:\/\/podkarpacka.iarp.pl\/wp-content\/uploads\/2016\/05\/13118936_1348584721824222_3071899196177985223_n-768x432.jpg 768w\" sizes=\"auto, (max-width: 770px) 100vw, 770px\" \/><\/a><\/p>\n<p><a href=\"https:\/\/podkarpacka.iarp.pl\/wp-content\/uploads\/2016\/05\/P1190673.jpg\"><img loading=\"lazy\" decoding=\"async\" class=\"aligncenter wp-image-1514 size-large\" src=\"https:\/\/podkarpacka.iarp.pl\/wp-content\/uploads\/2016\/05\/P1190673-1024x768.jpg\" alt=\"P1190673\" width=\"770\" height=\"578\" srcset=\"https:\/\/podkarpacka.iarp.pl\/wp-content\/uploads\/2016\/05\/P1190673-1024x768.jpg 1024w, https:\/\/podkarpacka.iarp.pl\/wp-content\/uploads\/2016\/05\/P1190673-300x225.jpg 300w, https:\/\/podkarpacka.iarp.pl\/wp-content\/uploads\/2016\/05\/P1190673-768x576.jpg 768w, https:\/\/podkarpacka.iarp.pl\/wp-content\/uploads\/2016\/05\/P1190673.jpg 1200w\" sizes=\"auto, (max-width: 770px) 100vw, 770px\" \/><\/a><\/p>\n<p><a href=\"https:\/\/podkarpacka.iarp.pl\/wp-content\/uploads\/2016\/05\/P1190662.jpg\"><img loading=\"lazy\" decoding=\"async\" class=\"aligncenter wp-image-1513 size-large\" src=\"https:\/\/podkarpacka.iarp.pl\/wp-content\/uploads\/2016\/05\/P1190662-1024x768.jpg\" alt=\"P1190662\" width=\"770\" height=\"578\" srcset=\"https:\/\/podkarpacka.iarp.pl\/wp-content\/uploads\/2016\/05\/P1190662-1024x768.jpg 1024w, https:\/\/podkarpacka.iarp.pl\/wp-content\/uploads\/2016\/05\/P1190662-300x225.jpg 300w, https:\/\/podkarpacka.iarp.pl\/wp-content\/uploads\/2016\/05\/P1190662-768x576.jpg 768w, https:\/\/podkarpacka.iarp.pl\/wp-content\/uploads\/2016\/05\/P1190662.jpg 1200w\" sizes=\"auto, (max-width: 770px) 100vw, 770px\" \/><\/a><\/p>\n<p><a href=\"https:\/\/podkarpacka.iarp.pl\/wp-content\/uploads\/2016\/05\/P1190674.jpg\"><img loading=\"lazy\" decoding=\"async\" class=\"aligncenter wp-image-1515 size-large\" src=\"https:\/\/podkarpacka.iarp.pl\/wp-content\/uploads\/2016\/05\/P1190674-1024x768.jpg\" alt=\"P1190674\" width=\"770\" height=\"578\" srcset=\"https:\/\/podkarpacka.iarp.pl\/wp-content\/uploads\/2016\/05\/P1190674-1024x768.jpg 1024w, https:\/\/podkarpacka.iarp.pl\/wp-content\/uploads\/2016\/05\/P1190674-300x225.jpg 300w, https:\/\/podkarpacka.iarp.pl\/wp-content\/uploads\/2016\/05\/P1190674-768x576.jpg 768w, https:\/\/podkarpacka.iarp.pl\/wp-content\/uploads\/2016\/05\/P1190674-600x450.jpg 600w, https:\/\/podkarpacka.iarp.pl\/wp-content\/uploads\/2016\/05\/P1190674.jpg 1200w\" sizes=\"auto, (max-width: 770px) 100vw, 770px\" \/><\/a><\/p>\n<p><a href=\"https:\/\/podkarpacka.iarp.pl\/wp-content\/uploads\/2016\/05\/P1190649-1.jpg\"><img loading=\"lazy\" decoding=\"async\" class=\"aligncenter wp-image-1509 size-large\" src=\"https:\/\/podkarpacka.iarp.pl\/wp-content\/uploads\/2016\/05\/P1190649-1-1024x768.jpg\" alt=\"P1190649\" width=\"770\" height=\"578\" srcset=\"https:\/\/podkarpacka.iarp.pl\/wp-content\/uploads\/2016\/05\/P1190649-1-1024x768.jpg 1024w, https:\/\/podkarpacka.iarp.pl\/wp-content\/uploads\/2016\/05\/P1190649-1-300x225.jpg 300w, https:\/\/podkarpacka.iarp.pl\/wp-content\/uploads\/2016\/05\/P1190649-1-768x576.jpg 768w, https:\/\/podkarpacka.iarp.pl\/wp-content\/uploads\/2016\/05\/P1190649-1.jpg 1200w\" sizes=\"auto, (max-width: 770px) 100vw, 770px\" \/><\/a><\/p>\n","protected":false},"excerpt":{"rendered":"<p>Uroczysto\u015bci z okazji 225 rocznicy uchwalenia Konstytucji 3 Maja. Konstytucja 3 maja by\u0142a pierwsz\u0105 w Europie i drug\u0105 na \u015bwiecie (po konstytucji ameryka\u0144skiej z 1787 r.) nowoczesn\u0105, spisan\u0105 konstytucj\u0105. Zosta\u0142a ustanowiona ustaw\u0105 rz\u0105dow\u0105 przyj\u0119t\u0105 tego dnia przez sejm. Zosta\u0142a zaprojektowana w celu zlikwidowania obecnych od dawna wad opartego na wolnej elekcji i demokracji szlacheckiej systemu [&hellip;]<\/p>\n","protected":false},"author":7,"featured_media":1515,"comment_status":"closed","ping_status":"open","sticky":false,"template":"","format":"standard","meta":{"footnotes":""},"categories":[56],"tags":[],"class_list":["post-1504","post","type-post","status-publish","format-standard","has-post-thumbnail","hentry","category-informacje-rady"],"publishpress_future_action":{"enabled":false,"date":"2026-05-05 13:54:59","action":"change-status","newStatus":"draft","terms":[],"taxonomy":"category","extraData":[]},"publishpress_future_workflow_manual_trigger":{"enabledWorkflows":[]},"_links":{"self":[{"href":"https:\/\/podkarpacka.iarp.pl\/index.php?rest_route=\/wp\/v2\/posts\/1504","targetHints":{"allow":["GET"]}}],"collection":[{"href":"https:\/\/podkarpacka.iarp.pl\/index.php?rest_route=\/wp\/v2\/posts"}],"about":[{"href":"https:\/\/podkarpacka.iarp.pl\/index.php?rest_route=\/wp\/v2\/types\/post"}],"author":[{"embeddable":true,"href":"https:\/\/podkarpacka.iarp.pl\/index.php?rest_route=\/wp\/v2\/users\/7"}],"replies":[{"embeddable":true,"href":"https:\/\/podkarpacka.iarp.pl\/index.php?rest_route=%2Fwp%2Fv2%2Fcomments&post=1504"}],"version-history":[{"count":3,"href":"https:\/\/podkarpacka.iarp.pl\/index.php?rest_route=\/wp\/v2\/posts\/1504\/revisions"}],"predecessor-version":[{"id":1518,"href":"https:\/\/podkarpacka.iarp.pl\/index.php?rest_route=\/wp\/v2\/posts\/1504\/revisions\/1518"}],"wp:featuredmedia":[{"embeddable":true,"href":"https:\/\/podkarpacka.iarp.pl\/index.php?rest_route=\/wp\/v2\/media\/1515"}],"wp:attachment":[{"href":"https:\/\/podkarpacka.iarp.pl\/index.php?rest_route=%2Fwp%2Fv2%2Fmedia&parent=1504"}],"wp:term":[{"taxonomy":"category","embeddable":true,"href":"https:\/\/podkarpacka.iarp.pl\/index.php?rest_route=%2Fwp%2Fv2%2Fcategories&post=1504"},{"taxonomy":"post_tag","embeddable":true,"href":"https:\/\/podkarpacka.iarp.pl\/index.php?rest_route=%2Fwp%2Fv2%2Ftags&post=1504"}],"curies":[{"name":"wp","href":"https:\/\/api.w.org\/{rel}","templated":true}]}}