{"id":1520,"date":"2016-05-03T22:27:10","date_gmt":"2016-05-03T20:27:10","guid":{"rendered":"http:\/\/podkarpacka.iarp.pl\/?p=1520"},"modified":"2016-05-03T22:33:06","modified_gmt":"2016-05-03T20:33:06","slug":"19-05-2016-prawo-autorskie-z-uwzglednieniem-specyfiki-pracy-architektow","status":"publish","type":"post","link":"https:\/\/podkarpacka.iarp.pl\/?p=1520","title":{"rendered":"[ 19-05-2016 ] Prawo autorskie z uwzgl\u0119dnieniem specyfiki pracy architekt\u00f3w."},"content":{"rendered":"<div>\n<h2 class=\"lead\"><strong>Termin szkolenia: 19-05-2016<\/strong><\/h2>\n<p class=\"lead\"><strong>Miejsce: Rzesz\u00f3w, Rynek 8 (siedziba PKOIA RP)<\/strong><\/p>\n<hr \/>\n<h4><span style=\"color: #333333;\"><strong>BEZP\u0141ATNE SZKOLENIE DLA ARCHITEKT\u00d3W IARP<\/strong><\/span><\/h4>\n<blockquote>\n<h3>Prawo autorskie z uwzgl\u0119dnieniem specyfiki pracy architekt\u00f3w.<\/h3>\n<\/blockquote>\n<hr \/>\n<h4><strong>Rejestracja do: 9:30, Szkolenie rozpocznie si\u0119 o: 10:00<\/strong><\/h4>\n<hr \/>\n<p style=\"text-align: justify;\">Serdecznie zapraszamy<\/p>\n<p>Szanowni Pa\u0144stwo,<\/p>\n<\/div>\n<div>Serdecznie zapraszamy wszystkich Cz\u0142onk\u00f3w PKOIA RP na bezp\u0142atne szkolenie IARP pn.: <strong>&#8220;Prawo autorskie z uwzgl\u0119dnieniem specyfiki pracy architekt\u00f3w\u00a0&#8220;<\/strong>, kt\u00f3re odb\u0119dzie si\u0119 19\u00a0maja\u00a02015 r. o godz. 10:00.<\/div>\n<div><\/div>\n<div><\/div>\n<div>Miejscem szkolenia jest sala IARP (Rzesz\u00f3w, Rynek 8).<\/div>\n<div><\/div>\n<div><\/div>\n<div>Seminarium poprowadzi:<\/div>\n<div><\/div>\n<ul>\n<li><strong>radca prawny Rafa\u0142 Golat<\/strong><\/li>\n<\/ul>\n<div>Zapraszamy wszystkich ch\u0119tnych do zg\u0142aszania swojego uczestnictwa:<\/div>\n<div><\/div>\n<ul>\n<li><strong>Program i adres rejestracji:<\/strong><\/li>\n<li><a href=\"https:\/\/szkolenia.iarp.pl\/szkolenie\/345\">https:\/\/szkolenia.iarp.pl\/szkolenie\/345<\/a><\/li>\n<\/ul>\n<div><\/div>\n<div><\/div>\n<div>Drogie kole\u017canki, drodzy koledzy &#8211; pami\u0119tajcie &#8211; liczba miejsc jest ograniczona, prosimy o jak najszybsze rezerwowanie miejsc!<\/div>\n<div><\/div>\n","protected":false},"excerpt":{"rendered":"<p>Termin szkolenia: 19-05-2016 Miejsce: Rzesz\u00f3w, Rynek 8 (siedziba PKOIA RP) BEZP\u0141ATNE SZKOLENIE DLA ARCHITEKT\u00d3W IARP Prawo autorskie z uwzgl\u0119dnieniem specyfiki pracy architekt\u00f3w. Rejestracja do: 9:30, Szkolenie rozpocznie si\u0119 o: 10:00 Serdecznie zapraszamy Szanowni Pa\u0144stwo, Serdecznie zapraszamy wszystkich Cz\u0142onk\u00f3w PKOIA RP na bezp\u0142atne szkolenie IARP pn.: &#8220;Prawo autorskie z uwzgl\u0119dnieniem specyfiki pracy architekt\u00f3w\u00a0&#8220;, kt\u00f3re odb\u0119dzie si\u0119 [&hellip;]<\/p>\n","protected":false},"author":7,"featured_media":861,"comment_status":"closed","ping_status":"open","sticky":false,"template":"","format":"standard","meta":{"footnotes":""},"categories":[66,57,58],"tags":[],"class_list":["post-1520","post","type-post","status-publish","format-standard","has-post-thumbnail","hentry","category-polecane","category-szkolenia","category-szkolenia-certyfikowane"],"publishpress_future_action":{"enabled":false,"date":"2026-05-05 00:38:39","action":"change-status","newStatus":"draft","terms":[],"taxonomy":"category","extraData":[]},"publishpress_future_workflow_manual_trigger":{"enabledWorkflows":[]},"_links":{"self":[{"href":"https:\/\/podkarpacka.iarp.pl\/index.php?rest_route=\/wp\/v2\/posts\/1520","targetHints":{"allow":["GET"]}}],"collection":[{"href":"https:\/\/podkarpacka.iarp.pl\/index.php?rest_route=\/wp\/v2\/posts"}],"about":[{"href":"https:\/\/podkarpacka.iarp.pl\/index.php?rest_route=\/wp\/v2\/types\/post"}],"author":[{"embeddable":true,"href":"https:\/\/podkarpacka.iarp.pl\/index.php?rest_route=\/wp\/v2\/users\/7"}],"replies":[{"embeddable":true,"href":"https:\/\/podkarpacka.iarp.pl\/index.php?rest_route=%2Fwp%2Fv2%2Fcomments&post=1520"}],"version-history":[{"count":6,"href":"https:\/\/podkarpacka.iarp.pl\/index.php?rest_route=\/wp\/v2\/posts\/1520\/revisions"}],"predecessor-version":[{"id":1528,"href":"https:\/\/podkarpacka.iarp.pl\/index.php?rest_route=\/wp\/v2\/posts\/1520\/revisions\/1528"}],"wp:featuredmedia":[{"embeddable":true,"href":"https:\/\/podkarpacka.iarp.pl\/index.php?rest_route=\/wp\/v2\/media\/861"}],"wp:attachment":[{"href":"https:\/\/podkarpacka.iarp.pl\/index.php?rest_route=%2Fwp%2Fv2%2Fmedia&parent=1520"}],"wp:term":[{"taxonomy":"category","embeddable":true,"href":"https:\/\/podkarpacka.iarp.pl\/index.php?rest_route=%2Fwp%2Fv2%2Fcategories&post=1520"},{"taxonomy":"post_tag","embeddable":true,"href":"https:\/\/podkarpacka.iarp.pl\/index.php?rest_route=%2Fwp%2Fv2%2Ftags&post=1520"}],"curies":[{"name":"wp","href":"https:\/\/api.w.org\/{rel}","templated":true}]}}