{"id":1527,"date":"2016-06-29T23:13:06","date_gmt":"2016-06-29T21:13:06","guid":{"rendered":"http:\/\/podkarpacka.iarp.pl\/?p=1527"},"modified":"2016-06-29T23:45:53","modified_gmt":"2016-06-29T21:45:53","slug":"budowa-roku-podkarpacia-2015-xvi-edycja","status":"publish","type":"post","link":"https:\/\/podkarpacka.iarp.pl\/?p=1527","title":{"rendered":"BUDOWA ROKU PODKARPACIA 2015 \u2013 XVI \u2013 EDYCJA"},"content":{"rendered":"<p>W imieniu SARP oddzia\u0142 w Rzeszowie zapraszamy do uczestnictwa w kolejnej XVI Edycji konkursu \u201e<strong>Budowa Roku Podkarpacia 2015<\/strong>\u201d poprzez zg\u0142oszenie budowli lub obiekt\u00f3w budowlanych ju\u017c przekazanych do u\u017cytku, kt\u00f3re zosta\u0142y zako\u0144czone i przekazane do u\u017cytku nie p\u00f3\u017aniej ni\u017c do<strong> 31\u00a0grudnia 2015 r.<\/strong><\/p>\n<p class=\"lead\"><strong>Szczeg\u00f3\u0142y na stronie SARP:<\/strong><\/p>\n<p><a href=\"http:\/\/rzeszow.sarp.org.pl\/index.php\/2016\/06\/29\/budowa-roku-podkarpacia-2015-xvi-edycja\/\" target=\"_blank\"><strong>http:\/\/rzeszow.sarp.org.pl\/index.php\/2016\/06\/29\/budowa-roku-podkarpacia-2015-xvi-edycja\/<\/strong><\/a><\/p>\n<p>&nbsp;<\/p>\n","protected":false},"excerpt":{"rendered":"<p>W imieniu SARP oddzia\u0142 w Rzeszowie zapraszamy do uczestnictwa w kolejnej XVI Edycji konkursu \u201eBudowa Roku Podkarpacia 2015\u201d poprzez zg\u0142oszenie budowli lub obiekt\u00f3w budowlanych ju\u017c przekazanych do u\u017cytku, kt\u00f3re zosta\u0142y zako\u0144czone i przekazane do u\u017cytku nie p\u00f3\u017aniej ni\u017c do 31\u00a0grudnia 2015 r. Szczeg\u00f3\u0142y na stronie SARP: http:\/\/rzeszow.sarp.org.pl\/index.php\/2016\/06\/29\/budowa-roku-podkarpacia-2015-xvi-edycja\/ &nbsp;<\/p>\n","protected":false},"author":7,"featured_media":1537,"comment_status":"closed","ping_status":"open","sticky":false,"template":"","format":"standard","meta":{"footnotes":""},"categories":[66],"tags":[],"class_list":["post-1527","post","type-post","status-publish","format-standard","has-post-thumbnail","hentry","category-polecane"],"publishpress_future_action":{"enabled":false,"date":"2026-05-08 20:17:01","action":"change-status","newStatus":"draft","terms":[],"taxonomy":"category","extraData":[]},"publishpress_future_workflow_manual_trigger":{"enabledWorkflows":[]},"_links":{"self":[{"href":"https:\/\/podkarpacka.iarp.pl\/index.php?rest_route=\/wp\/v2\/posts\/1527","targetHints":{"allow":["GET"]}}],"collection":[{"href":"https:\/\/podkarpacka.iarp.pl\/index.php?rest_route=\/wp\/v2\/posts"}],"about":[{"href":"https:\/\/podkarpacka.iarp.pl\/index.php?rest_route=\/wp\/v2\/types\/post"}],"author":[{"embeddable":true,"href":"https:\/\/podkarpacka.iarp.pl\/index.php?rest_route=\/wp\/v2\/users\/7"}],"replies":[{"embeddable":true,"href":"https:\/\/podkarpacka.iarp.pl\/index.php?rest_route=%2Fwp%2Fv2%2Fcomments&post=1527"}],"version-history":[{"count":4,"href":"https:\/\/podkarpacka.iarp.pl\/index.php?rest_route=\/wp\/v2\/posts\/1527\/revisions"}],"predecessor-version":[{"id":1541,"href":"https:\/\/podkarpacka.iarp.pl\/index.php?rest_route=\/wp\/v2\/posts\/1527\/revisions\/1541"}],"wp:featuredmedia":[{"embeddable":true,"href":"https:\/\/podkarpacka.iarp.pl\/index.php?rest_route=\/wp\/v2\/media\/1537"}],"wp:attachment":[{"href":"https:\/\/podkarpacka.iarp.pl\/index.php?rest_route=%2Fwp%2Fv2%2Fmedia&parent=1527"}],"wp:term":[{"taxonomy":"category","embeddable":true,"href":"https:\/\/podkarpacka.iarp.pl\/index.php?rest_route=%2Fwp%2Fv2%2Fcategories&post=1527"},{"taxonomy":"post_tag","embeddable":true,"href":"https:\/\/podkarpacka.iarp.pl\/index.php?rest_route=%2Fwp%2Fv2%2Ftags&post=1527"}],"curies":[{"name":"wp","href":"https:\/\/api.w.org\/{rel}","templated":true}]}}