{"id":1544,"date":"2016-06-29T23:30:22","date_gmt":"2016-06-29T21:30:22","guid":{"rendered":"http:\/\/podkarpacka.iarp.pl\/?p=1544"},"modified":"2016-08-04T15:48:05","modified_gmt":"2016-08-04T13:48:05","slug":"ksztaltowanie-przestrzeni-nagroda-dla-miejskiego-zespolu-szkol-nr-5-technikum-nr-6-w-krosnie","status":"publish","type":"post","link":"https:\/\/podkarpacka.iarp.pl\/?p=1544","title":{"rendered":"&#8220;Kszta\u0142towanie przestrzeni&#8221;- Nagroda dla Miejskiego Zespo\u0142u Szk\u00f3\u0142 nr 5, Technikum nr 6 w Kro\u015bnie"},"content":{"rendered":"<p class=\"lead\">Za nami kolejna edycja og\u00f3lnopolskiego unikalnego na skal\u0119 europejsk\u0105, realizowanego przez Izb\u0119 Architekt\u00f3w PR programu edukacyjnego &#8220;<strong>Kszta\u0142towanie przestrzeni<\/strong>&#8220;.<\/p>\n<div class=\"acenter\">Program otwiera przez m\u0142odymi lud\u017ami mo\u017cliwo\u015b\u0107 zrozumienia zagadnie\u0144 przestrzennych i estetycznych, staj\u0105c si\u0119 elementem wychowania obywatelskiego, ucz\u0105c odpowiedzialno\u015bci, wra\u017cliwo\u015bci spo\u0142ecznej i dba\u0142o\u015bci o \u015brodowisko zbudowane.<\/div>\n<p>Fina\u0142 konkursu dla szk\u00f3\u0142 gimnazjalnych i ponadgimnazjalnych, realizuj\u0105cych program edukacyjny Izby Architekt\u00f3w RP pt.: &#8220;Kszta\u0142towanie przestrzeni&#8221; w roku szkolnym 2015\/2016.<\/p>\n<p><a href=\"http:\/\/www.izbaarchitektow.pl\/pokaz.php?id=2615\" target=\"_blank\">http:\/\/www.izbaarchitektow.pl\/pokaz.php?id=2615<\/a><\/p>\n","protected":false},"excerpt":{"rendered":"<p>Za nami kolejna edycja og\u00f3lnopolskiego unikalnego na skal\u0119 europejsk\u0105, realizowanego przez Izb\u0119 Architekt\u00f3w PR programu edukacyjnego &#8220;Kszta\u0142towanie przestrzeni&#8220;. Program otwiera przez m\u0142odymi lud\u017ami mo\u017cliwo\u015b\u0107 zrozumienia zagadnie\u0144 przestrzennych i estetycznych, staj\u0105c si\u0119 elementem wychowania obywatelskiego, ucz\u0105c odpowiedzialno\u015bci, wra\u017cliwo\u015bci spo\u0142ecznej i dba\u0142o\u015bci o \u015brodowisko zbudowane. Fina\u0142 konkursu dla szk\u00f3\u0142 gimnazjalnych i ponadgimnazjalnych, realizuj\u0105cych program edukacyjny Izby Architekt\u00f3w [&hellip;]<\/p>\n","protected":false},"author":7,"featured_media":1545,"comment_status":"closed","ping_status":"open","sticky":false,"template":"","format":"standard","meta":{"footnotes":""},"categories":[62],"tags":[],"class_list":["post-1544","post","type-post","status-publish","format-standard","has-post-thumbnail","hentry","category-konkursy"],"publishpress_future_action":{"enabled":false,"date":"2026-05-05 04:46:43","action":"change-status","newStatus":"draft","terms":[],"taxonomy":"category","extraData":[]},"publishpress_future_workflow_manual_trigger":{"enabledWorkflows":[]},"_links":{"self":[{"href":"https:\/\/podkarpacka.iarp.pl\/index.php?rest_route=\/wp\/v2\/posts\/1544","targetHints":{"allow":["GET"]}}],"collection":[{"href":"https:\/\/podkarpacka.iarp.pl\/index.php?rest_route=\/wp\/v2\/posts"}],"about":[{"href":"https:\/\/podkarpacka.iarp.pl\/index.php?rest_route=\/wp\/v2\/types\/post"}],"author":[{"embeddable":true,"href":"https:\/\/podkarpacka.iarp.pl\/index.php?rest_route=\/wp\/v2\/users\/7"}],"replies":[{"embeddable":true,"href":"https:\/\/podkarpacka.iarp.pl\/index.php?rest_route=%2Fwp%2Fv2%2Fcomments&post=1544"}],"version-history":[{"count":3,"href":"https:\/\/podkarpacka.iarp.pl\/index.php?rest_route=\/wp\/v2\/posts\/1544\/revisions"}],"predecessor-version":[{"id":1568,"href":"https:\/\/podkarpacka.iarp.pl\/index.php?rest_route=\/wp\/v2\/posts\/1544\/revisions\/1568"}],"wp:featuredmedia":[{"embeddable":true,"href":"https:\/\/podkarpacka.iarp.pl\/index.php?rest_route=\/wp\/v2\/media\/1545"}],"wp:attachment":[{"href":"https:\/\/podkarpacka.iarp.pl\/index.php?rest_route=%2Fwp%2Fv2%2Fmedia&parent=1544"}],"wp:term":[{"taxonomy":"category","embeddable":true,"href":"https:\/\/podkarpacka.iarp.pl\/index.php?rest_route=%2Fwp%2Fv2%2Fcategories&post=1544"},{"taxonomy":"post_tag","embeddable":true,"href":"https:\/\/podkarpacka.iarp.pl\/index.php?rest_route=%2Fwp%2Fv2%2Ftags&post=1544"}],"curies":[{"name":"wp","href":"https:\/\/api.w.org\/{rel}","templated":true}]}}