{"id":1550,"date":"2016-05-29T23:44:10","date_gmt":"2016-05-29T21:44:10","guid":{"rendered":"http:\/\/podkarpacka.iarp.pl\/?p=1550"},"modified":"2016-06-29T23:59:46","modified_gmt":"2016-06-29T21:59:46","slug":"odbyla-sie-kolejna-sesja-egzaminacyjna-na-uprawnienia-budowlane","status":"publish","type":"post","link":"https:\/\/podkarpacka.iarp.pl\/?p=1550","title":{"rendered":"Sesja egzaminacyjna na uprawnienia budowlane w specjalno\u015bci architektonicznej"},"content":{"rendered":"<p>Krajowa Komisja Kwalifikacyjna ustali\u0142a termin egzaminu pisemnego na uprawnienia budowlane w specjalno\u015bci architektonicznej we wszystkich rodzajach i specjalno\u015bciach nadawanych przez Izb\u0119 Architekt\u00f3w RP, wymienionych w <em>Rozporz\u0105dzeniu Ministra Infrastruktury i Rozwoju z dnia 11 wrze\u015bnia 2014 r. w sprawie samodzielnych funkcji technicznych w budownictwie (Dz. U. 2014 poz. 1278):<\/em><\/p>\n<ol>\n<li>do projektowania i kierowania robotami budowlanymi bez ogranicze\u0144;<\/li>\n<li>do projektowania bez ogranicze\u0144;<\/li>\n<li>do kierowania robotami budowlanymi bez ogranicze\u0144;<\/li>\n<li>do projektowania i kierowania robotami budowlanymi w ograniczonym zakresie;<\/li>\n<li>do projektowania w ograniczonym zakresie;<\/li>\n<li>do kierowania robotami budowlanymi w ograniczonym zakresie.<\/li>\n<\/ol>\n<ul>\n<li>sesja letnia \u2013 <strong>24 czerwca 2016 r. o godz. 10:00<\/strong><\/li>\n<li>sesja zimowa \u2013 <strong>9 grudnia 2016 r. o godz. 10:00<\/strong><\/li>\n<\/ul>\n<p>Ponadto, Krajowa Komisja Kwalifikacyjna uprzejmie prosi o zwracanie uwagi osobom zainteresowanym przyst\u0105pieniem do egzaminu na to, \u017ce ostateczny termin na z\u0142o\u017cenie wniosk\u00f3w zwi\u0105zanych z post\u0119powaniem kwalifikacyjnym o przyst\u0105pienie do egzaminu o nadanie uprawnie\u0144 budowlanych w specjalno\u015bci architektonicznej w sesji letniej przypada na dzie\u0144 <strong>24 marca 2016 roku<\/strong>, natomiast w sesji zimowej na dzie\u0144 <strong>9 wrze\u015bnia 2016 roku<\/strong>.<\/p>\n<p>Op\u0142aty za post\u0119powanie kwalifikacyjne o nadanie uprawnie\u0144 budowlanych w specjalno\u015bci architektonicznej do projektowania bez ogranicze\u0144 <strong>od 10 sierpnia 2014 r.<\/strong> wynosz\u0105:<\/p>\n<ul>\n<li>z tytu\u0142u kwalifikowania = <strong>800,- z\u0142.<\/strong><\/li>\n<li>z tytu\u0142u przeprowadzenia egzaminu = <strong>800,- z\u0142.<\/strong><\/li>\n<li>z tytu\u0142u ponownego przeprowadzenia cz\u0119\u015bci ustnej egzaminu = <strong>450,- z\u0142.<\/strong><\/li>\n<\/ul>\n<p>(Zgodnie z <a tabindex=\"-1\" href=\"http:\/\/www.izbaarchitektow.pl\/pokaz.php?id=2338\" target=\"_blank\" rel=\"external\"><em>Uchwa\u0142\u0105 nr O-36-IV-2014 Krajowej Rady Izby Architekt\u00f3w RP z dnia 21 sierpnia 2014 r. w sprawie wysoko\u015bci op\u0142aty za post\u0119powanie kwalifikacyjne o nadanie uprawnie\u0144 budowlanych w specjalno\u015bci architektonicznej do projektowania bez ogranicze\u0144<\/em><\/a>)<br \/>\nOp\u0142aty powinny by\u0107 wniesione na rachunek bankowy <strong>w\u0142a\u015bciwej miejscowo okr\u0119gowej izby architekt\u00f3w RP. <\/strong>W tytule na dokumencie wp\u0142aty za kwalifikowanie wykszta\u0142cenia i praktyki zawodowej nale\u017cy wpisa\u0107 \u201e<em>post\u0119powanie kwalifikacyjne \u2013 1 rata op\u0142aty\u201d.<\/em><\/p>\n","protected":false},"excerpt":{"rendered":"<p>Krajowa Komisja Kwalifikacyjna ustali\u0142a termin egzaminu pisemnego na uprawnienia budowlane w specjalno\u015bci architektonicznej we wszystkich rodzajach i specjalno\u015bciach nadawanych przez Izb\u0119 Architekt\u00f3w RP, wymienionych w Rozporz\u0105dzeniu Ministra Infrastruktury i Rozwoju z dnia 11 wrze\u015bnia 2014 r. w sprawie samodzielnych funkcji technicznych w budownictwie (Dz. U. 2014 poz. 1278): do projektowania i kierowania robotami budowlanymi bez [&hellip;]<\/p>\n","protected":false},"author":7,"featured_media":1551,"comment_status":"closed","ping_status":"open","sticky":false,"template":"","format":"standard","meta":{"footnotes":""},"categories":[56],"tags":[],"class_list":["post-1550","post","type-post","status-publish","format-standard","has-post-thumbnail","hentry","category-informacje-rady"],"publishpress_future_action":{"enabled":false,"date":"2026-05-08 20:19:12","action":"change-status","newStatus":"draft","terms":[],"taxonomy":"category","extraData":[]},"publishpress_future_workflow_manual_trigger":{"enabledWorkflows":[]},"_links":{"self":[{"href":"https:\/\/podkarpacka.iarp.pl\/index.php?rest_route=\/wp\/v2\/posts\/1550","targetHints":{"allow":["GET"]}}],"collection":[{"href":"https:\/\/podkarpacka.iarp.pl\/index.php?rest_route=\/wp\/v2\/posts"}],"about":[{"href":"https:\/\/podkarpacka.iarp.pl\/index.php?rest_route=\/wp\/v2\/types\/post"}],"author":[{"embeddable":true,"href":"https:\/\/podkarpacka.iarp.pl\/index.php?rest_route=\/wp\/v2\/users\/7"}],"replies":[{"embeddable":true,"href":"https:\/\/podkarpacka.iarp.pl\/index.php?rest_route=%2Fwp%2Fv2%2Fcomments&post=1550"}],"version-history":[{"count":3,"href":"https:\/\/podkarpacka.iarp.pl\/index.php?rest_route=\/wp\/v2\/posts\/1550\/revisions"}],"predecessor-version":[{"id":1555,"href":"https:\/\/podkarpacka.iarp.pl\/index.php?rest_route=\/wp\/v2\/posts\/1550\/revisions\/1555"}],"wp:featuredmedia":[{"embeddable":true,"href":"https:\/\/podkarpacka.iarp.pl\/index.php?rest_route=\/wp\/v2\/media\/1551"}],"wp:attachment":[{"href":"https:\/\/podkarpacka.iarp.pl\/index.php?rest_route=%2Fwp%2Fv2%2Fmedia&parent=1550"}],"wp:term":[{"taxonomy":"category","embeddable":true,"href":"https:\/\/podkarpacka.iarp.pl\/index.php?rest_route=%2Fwp%2Fv2%2Fcategories&post=1550"},{"taxonomy":"post_tag","embeddable":true,"href":"https:\/\/podkarpacka.iarp.pl\/index.php?rest_route=%2Fwp%2Fv2%2Ftags&post=1550"}],"curies":[{"name":"wp","href":"https:\/\/api.w.org\/{rel}","templated":true}]}}