{"id":1589,"date":"2016-08-31T11:24:18","date_gmt":"2016-08-31T09:24:18","guid":{"rendered":"http:\/\/podkarpacka.iarp.pl\/?p=1589"},"modified":"2016-08-31T11:25:43","modified_gmt":"2016-08-31T09:25:43","slug":"twierdzy-przemysl-program-seminarium","status":"publish","type":"post","link":"https:\/\/podkarpacka.iarp.pl\/?p=1589","title":{"rendered":"TWIERDZY PRZEMY\u015aL \u2013 PROGRAM SEMINARIUM"},"content":{"rendered":"<p>Kole\u017canki i Koledzy!<\/p>\n<p><strong>Zarz\u0105d SARP O\/Rzesz\u00f3w<\/strong> planuje organizacj\u0119 <strong>naukowego seminarium n\/t historii Twierdzy Przemy\u015bl.<\/strong><\/p>\n<p>W za\u0142\u0105czniku przesy\u0142amy program seminarium przygotowany przez koleg\u0119 architekta Adama Sapet\u0119.<\/p>\n<p>B\u0119dzie to impreza naukowo- integracyjna, finansowana przez\u00a0<strong>Podkarpack\u0105 Okr\u0119gow\u0105 Izb\u0119 Architekt\u00f3w<\/strong><\/p>\n<ul>\n<li>Miejsce \u2013 <strong>Przemy\u015bl i okolice<\/strong><\/li>\n<li>Termin <strong>\u2013 1-2 pa\u017adziernika 2016r.<\/strong><\/li>\n<li>Dojazd w\u0142asny.<\/li>\n<\/ul>\n<p>Zakwaterowanie i\u00a0 dwa obiady\u00a0 \u2013 hotel TROJKA<\/p>\n<p>Biesiada na forcie WERNER \u00a0w \u017burawicy\u00a0 z muzyk\u0105 i atrakcjami-\u00a0 w sobot\u0119 wieczorem.\u00a0Zako\u0144czenie w niedziel\u0119 ok.16 tej po obiedzie.<\/p>\n<p>Dla pasjonat\u00f3w mo\u017cliwo\u015b\u0107 indywidualnego zwiedzania z \u00a0kol. Adamem Sapet\u0105 \u2013 po obiedzie.<\/p>\n<p>Jednym z punkt\u00f3w programu b\u0119dzie zwiedzanie sza\u0144ca LEMPERT\u00d3WKA kt\u00f3rym opiekuje si\u0119 Jola i Andrzej Fedaczy\u0144scy .<\/p>\n<p><strong>Prosimy ch\u0119tnych o zg\u0142aszanie ch\u0119ci uczestnictwa w imprezie do 15 wrze\u015bnia.<\/strong><\/p>\n<p>Liczba uczestnik\u00f3w <strong>nie mo\u017ce przekroczy\u0107 30 os\u00f3b, liczy\u0107 si\u0119 b\u0119dzie kolejno\u015b\u0107 zapis\u00f3w<\/strong>.<\/p>\n<p>Wp\u0142aty na konto SARP O\/Rzesz\u00f3w po kolejnym komunikacie, ok.10 wrze\u015bnia.<\/p>\n<p><strong>Przewidywany koszt uczestnictwa :<\/strong><\/p>\n<ul>\n<li>Cz\u0142onkowie SARP i IZBY<strong> \u2013 \u00a0100z\u0142<\/strong><\/li>\n<li>Pozostali ( rodziny, przyjaciele)- pokrycie kosztu nocleg\u00f3w, \u015bniada\u0144, obiad\u00f3w, biesiady, autokaru <strong>\u00a0\u2013 250z\u0142<\/strong><\/li>\n<\/ul>\n<p><strong>Zg\u0142oszenia prosimy przesy\u0142a\u0107 na adres:<\/strong><\/p>\n<p>jfedaczynska@gmail.com<\/p>\n<hr \/>\n<p>SZCZEG\u00d3\u0141U PROGRAM I RYS HISTORYCZNY NA STRONIE SARP<\/p>\n<p><a href=\"http:\/\/rzeszow.sarp.org.pl\/index.php\/2016\/08\/31\/twierdzy-przemysl-program-seminarium\/\">http:\/\/rzeszow.sarp.org.pl\/index.php\/2016\/08\/31\/twierdzy-przemysl-program-seminarium\/<\/a><\/p>\n<hr \/>\n<p>&nbsp;<\/p>\n","protected":false},"excerpt":{"rendered":"<p>Kole\u017canki i Koledzy! Zarz\u0105d SARP O\/Rzesz\u00f3w planuje organizacj\u0119 naukowego seminarium n\/t historii Twierdzy Przemy\u015bl. W za\u0142\u0105czniku przesy\u0142amy program seminarium przygotowany przez koleg\u0119 architekta Adama Sapet\u0119. B\u0119dzie to impreza naukowo- integracyjna, finansowana przez\u00a0Podkarpack\u0105 Okr\u0119gow\u0105 Izb\u0119 Architekt\u00f3w Miejsce \u2013 Przemy\u015bl i okolice Termin \u2013 1-2 pa\u017adziernika 2016r. Dojazd w\u0142asny. Zakwaterowanie i\u00a0 dwa obiady\u00a0 \u2013 hotel TROJKA Biesiada [&hellip;]<\/p>\n","protected":false},"author":7,"featured_media":1590,"comment_status":"closed","ping_status":"open","sticky":false,"template":"","format":"standard","meta":{"footnotes":""},"categories":[65,66],"tags":[],"class_list":["post-1589","post","type-post","status-publish","format-standard","has-post-thumbnail","hentry","category-partonaty","category-polecane"],"publishpress_future_action":{"enabled":false,"date":"2026-05-05 13:54:58","action":"change-status","newStatus":"draft","terms":[],"taxonomy":"category","extraData":[]},"publishpress_future_workflow_manual_trigger":{"enabledWorkflows":[]},"_links":{"self":[{"href":"https:\/\/podkarpacka.iarp.pl\/index.php?rest_route=\/wp\/v2\/posts\/1589","targetHints":{"allow":["GET"]}}],"collection":[{"href":"https:\/\/podkarpacka.iarp.pl\/index.php?rest_route=\/wp\/v2\/posts"}],"about":[{"href":"https:\/\/podkarpacka.iarp.pl\/index.php?rest_route=\/wp\/v2\/types\/post"}],"author":[{"embeddable":true,"href":"https:\/\/podkarpacka.iarp.pl\/index.php?rest_route=\/wp\/v2\/users\/7"}],"replies":[{"embeddable":true,"href":"https:\/\/podkarpacka.iarp.pl\/index.php?rest_route=%2Fwp%2Fv2%2Fcomments&post=1589"}],"version-history":[{"count":2,"href":"https:\/\/podkarpacka.iarp.pl\/index.php?rest_route=\/wp\/v2\/posts\/1589\/revisions"}],"predecessor-version":[{"id":1592,"href":"https:\/\/podkarpacka.iarp.pl\/index.php?rest_route=\/wp\/v2\/posts\/1589\/revisions\/1592"}],"wp:featuredmedia":[{"embeddable":true,"href":"https:\/\/podkarpacka.iarp.pl\/index.php?rest_route=\/wp\/v2\/media\/1590"}],"wp:attachment":[{"href":"https:\/\/podkarpacka.iarp.pl\/index.php?rest_route=%2Fwp%2Fv2%2Fmedia&parent=1589"}],"wp:term":[{"taxonomy":"category","embeddable":true,"href":"https:\/\/podkarpacka.iarp.pl\/index.php?rest_route=%2Fwp%2Fv2%2Fcategories&post=1589"},{"taxonomy":"post_tag","embeddable":true,"href":"https:\/\/podkarpacka.iarp.pl\/index.php?rest_route=%2Fwp%2Fv2%2Ftags&post=1589"}],"curies":[{"name":"wp","href":"https:\/\/api.w.org\/{rel}","templated":true}]}}