{"id":1603,"date":"2016-09-09T00:06:58","date_gmt":"2016-09-08T22:06:58","guid":{"rendered":"http:\/\/podkarpacka.iarp.pl\/?p=1603"},"modified":"2016-09-09T00:07:58","modified_gmt":"2016-09-08T22:07:58","slug":"oficjalne-ogloszenie-wynikow-konkursu","status":"publish","type":"post","link":"https:\/\/podkarpacka.iarp.pl\/?p=1603","title":{"rendered":"OFICJALNE OG\u0141OSZENIE WYNIK\u00d3W KONKURSU"},"content":{"rendered":"<p>Szanowni Pa\u0144stwo.<\/p>\n<p>Oficjalne og\u0142oszenie wynik\u00f3w konkursu, wr\u0119czenie nagr\u00f3d \u00a0i wyr\u00f3\u017cnie\u0144 \u00a0nast\u0105pi <strong>na uroczystej Gali<\/strong>,\u00a0<strong>kt\u00f3ra odb\u0119dzie si\u0119 05.10.2016 w Urz\u0119dzie Marsza\u0142kowskim w Rzeszowie o godz.\u00a010:00 .<\/strong><\/p>\n<p>Zapraszamy serdecznie i prosimy o potwierdzenie uczestnictwa w biurze.<\/p>\n","protected":false},"excerpt":{"rendered":"<p>Szanowni Pa\u0144stwo. Oficjalne og\u0142oszenie wynik\u00f3w konkursu, wr\u0119czenie nagr\u00f3d \u00a0i wyr\u00f3\u017cnie\u0144 \u00a0nast\u0105pi na uroczystej Gali,\u00a0kt\u00f3ra odb\u0119dzie si\u0119 05.10.2016 w Urz\u0119dzie Marsza\u0142kowskim w Rzeszowie o godz.\u00a010:00 . Zapraszamy serdecznie i prosimy o potwierdzenie uczestnictwa w biurze.<\/p>\n","protected":false},"author":7,"featured_media":1537,"comment_status":"closed","ping_status":"open","sticky":false,"template":"","format":"standard","meta":{"footnotes":""},"categories":[56],"tags":[],"class_list":["post-1603","post","type-post","status-publish","format-standard","has-post-thumbnail","hentry","category-informacje-rady"],"publishpress_future_action":{"enabled":false,"date":"2026-05-05 13:54:56","action":"change-status","newStatus":"draft","terms":[],"taxonomy":"category","extraData":[]},"publishpress_future_workflow_manual_trigger":{"enabledWorkflows":[]},"_links":{"self":[{"href":"https:\/\/podkarpacka.iarp.pl\/index.php?rest_route=\/wp\/v2\/posts\/1603","targetHints":{"allow":["GET"]}}],"collection":[{"href":"https:\/\/podkarpacka.iarp.pl\/index.php?rest_route=\/wp\/v2\/posts"}],"about":[{"href":"https:\/\/podkarpacka.iarp.pl\/index.php?rest_route=\/wp\/v2\/types\/post"}],"author":[{"embeddable":true,"href":"https:\/\/podkarpacka.iarp.pl\/index.php?rest_route=\/wp\/v2\/users\/7"}],"replies":[{"embeddable":true,"href":"https:\/\/podkarpacka.iarp.pl\/index.php?rest_route=%2Fwp%2Fv2%2Fcomments&post=1603"}],"version-history":[{"count":1,"href":"https:\/\/podkarpacka.iarp.pl\/index.php?rest_route=\/wp\/v2\/posts\/1603\/revisions"}],"predecessor-version":[{"id":1604,"href":"https:\/\/podkarpacka.iarp.pl\/index.php?rest_route=\/wp\/v2\/posts\/1603\/revisions\/1604"}],"wp:featuredmedia":[{"embeddable":true,"href":"https:\/\/podkarpacka.iarp.pl\/index.php?rest_route=\/wp\/v2\/media\/1537"}],"wp:attachment":[{"href":"https:\/\/podkarpacka.iarp.pl\/index.php?rest_route=%2Fwp%2Fv2%2Fmedia&parent=1603"}],"wp:term":[{"taxonomy":"category","embeddable":true,"href":"https:\/\/podkarpacka.iarp.pl\/index.php?rest_route=%2Fwp%2Fv2%2Fcategories&post=1603"},{"taxonomy":"post_tag","embeddable":true,"href":"https:\/\/podkarpacka.iarp.pl\/index.php?rest_route=%2Fwp%2Fv2%2Ftags&post=1603"}],"curies":[{"name":"wp","href":"https:\/\/api.w.org\/{rel}","templated":true}]}}