{"id":1605,"date":"2016-09-10T17:19:07","date_gmt":"2016-09-10T15:19:07","guid":{"rendered":"http:\/\/podkarpacka.iarp.pl\/?p=1605"},"modified":"2016-09-10T17:20:36","modified_gmt":"2016-09-10T15:20:36","slug":"1605","status":"publish","type":"post","link":"https:\/\/podkarpacka.iarp.pl\/?p=1605","title":{"rendered":"W czwartek zgin\u0119\u0142a tragicznie nasza Kole\u017canka Beata Kawa."},"content":{"rendered":"<p>&nbsp;<\/p>\n<h3>Z \u017calem zawiadamiamy.<br \/>\n&nbsp;<br \/>\nW czwartek zgin\u0119\u0142a tragicznie nasza <strong>Kole\u017canka Beata Kawa.<\/strong><\/p>\n<p>Pogrzeb odb\u0119dzie si\u0119 <strong> 12 wrze\u015bnia o godz. 15.00 na cmentarzu w \u0141a\u0144cucie.<\/strong><\/h3>\n<p>&nbsp;<br \/>\nSARP O\/Rzesz\u00f3w Podkarpacka Okr\u0119gowa Izba Architekt\u00f3w<\/p>\n","protected":false},"excerpt":{"rendered":"<p>&nbsp; Z \u017calem zawiadamiamy. &nbsp; W czwartek zgin\u0119\u0142a tragicznie nasza Kole\u017canka Beata Kawa. Pogrzeb odb\u0119dzie si\u0119 12 wrze\u015bnia o godz. 15.00 na cmentarzu w \u0141a\u0144cucie. &nbsp; SARP O\/Rzesz\u00f3w Podkarpacka Okr\u0119gowa Izba Architekt\u00f3w<\/p>\n","protected":false},"author":7,"featured_media":1613,"comment_status":"closed","ping_status":"open","sticky":false,"template":"","format":"standard","meta":{"footnotes":""},"categories":[56],"tags":[],"class_list":["post-1605","post","type-post","status-publish","format-standard","has-post-thumbnail","hentry","category-informacje-rady"],"publishpress_future_action":{"enabled":false,"date":"2026-05-05 13:56:15","action":"change-status","newStatus":"draft","terms":[],"taxonomy":"category","extraData":[]},"publishpress_future_workflow_manual_trigger":{"enabledWorkflows":[]},"_links":{"self":[{"href":"https:\/\/podkarpacka.iarp.pl\/index.php?rest_route=\/wp\/v2\/posts\/1605","targetHints":{"allow":["GET"]}}],"collection":[{"href":"https:\/\/podkarpacka.iarp.pl\/index.php?rest_route=\/wp\/v2\/posts"}],"about":[{"href":"https:\/\/podkarpacka.iarp.pl\/index.php?rest_route=\/wp\/v2\/types\/post"}],"author":[{"embeddable":true,"href":"https:\/\/podkarpacka.iarp.pl\/index.php?rest_route=\/wp\/v2\/users\/7"}],"replies":[{"embeddable":true,"href":"https:\/\/podkarpacka.iarp.pl\/index.php?rest_route=%2Fwp%2Fv2%2Fcomments&post=1605"}],"version-history":[{"count":6,"href":"https:\/\/podkarpacka.iarp.pl\/index.php?rest_route=\/wp\/v2\/posts\/1605\/revisions"}],"predecessor-version":[{"id":1612,"href":"https:\/\/podkarpacka.iarp.pl\/index.php?rest_route=\/wp\/v2\/posts\/1605\/revisions\/1612"}],"wp:featuredmedia":[{"embeddable":true,"href":"https:\/\/podkarpacka.iarp.pl\/index.php?rest_route=\/wp\/v2\/media\/1613"}],"wp:attachment":[{"href":"https:\/\/podkarpacka.iarp.pl\/index.php?rest_route=%2Fwp%2Fv2%2Fmedia&parent=1605"}],"wp:term":[{"taxonomy":"category","embeddable":true,"href":"https:\/\/podkarpacka.iarp.pl\/index.php?rest_route=%2Fwp%2Fv2%2Fcategories&post=1605"},{"taxonomy":"post_tag","embeddable":true,"href":"https:\/\/podkarpacka.iarp.pl\/index.php?rest_route=%2Fwp%2Fv2%2Ftags&post=1605"}],"curies":[{"name":"wp","href":"https:\/\/api.w.org\/{rel}","templated":true}]}}