{"id":1622,"date":"2016-10-05T22:18:43","date_gmt":"2016-10-05T20:18:43","guid":{"rendered":"http:\/\/podkarpacka.iarp.pl\/?p=1622"},"modified":"2016-10-05T22:23:52","modified_gmt":"2016-10-05T20:23:52","slug":"budowa-roku-podkarpacia-2015-gala-finalowa","status":"publish","type":"post","link":"https:\/\/podkarpacka.iarp.pl\/?p=1622","title":{"rendered":"BUDOWA ROKU PODKARPACIA 2015 &#8211; GALA FINA\u0141OWA"},"content":{"rendered":"<p>Gala Fina\u0142owa Konkursu Budowa Roku Podkarpacia 2015 &#8211; 5.10.2016 r., Rzesz\u00f3w<\/p>\n<p>Aby zobaczy\u0107 fotorelacj\u0119, zapraszamy na stron\u0119\u00a0Podkarpackiej Okr\u0119gowej Izby In\u017cynier\u00f3w Budownictwa<\/p>\n<p><a href=\"http:\/\/inzynier.rzeszow.pl\/\/?&amp;sRC=N&amp;sLC=N&amp;pageTarget=gall3D&amp;indeks=BUDR2015\">http:\/\/inzynier.rzeszow.pl\/<\/a><\/p>\n<p><em>fot. Anna Olech<\/em><\/p>\n<p><a href=\"http:\/\/inzynier.rzeszow.pl\/\/?&amp;sRC=N&amp;sLC=N&amp;pageTarget=gall3D&amp;indeks=BUDR2015\"><img loading=\"lazy\" decoding=\"async\" class=\"aligncenter size-large wp-image-1623\" src=\"https:\/\/podkarpacka.iarp.pl\/wp-content\/uploads\/2016\/10\/budowa-roku-2015-aa-631x1024.jpg\" alt=\"budowa-roku-2015-aa\" width=\"631\" height=\"1024\" srcset=\"https:\/\/podkarpacka.iarp.pl\/wp-content\/uploads\/2016\/10\/budowa-roku-2015-aa-631x1024.jpg 631w, https:\/\/podkarpacka.iarp.pl\/wp-content\/uploads\/2016\/10\/budowa-roku-2015-aa-185x300.jpg 185w, https:\/\/podkarpacka.iarp.pl\/wp-content\/uploads\/2016\/10\/budowa-roku-2015-aa-768x1247.jpg 768w, https:\/\/podkarpacka.iarp.pl\/wp-content\/uploads\/2016\/10\/budowa-roku-2015-aa.jpg 960w\" sizes=\"auto, (max-width: 631px) 100vw, 631px\" \/><\/a><\/p>\n<p>&nbsp;<\/p>\n","protected":false},"excerpt":{"rendered":"<p>Gala Fina\u0142owa Konkursu Budowa Roku Podkarpacia 2015 &#8211; 5.10.2016 r., Rzesz\u00f3w Aby zobaczy\u0107 fotorelacj\u0119, zapraszamy na stron\u0119\u00a0Podkarpackiej Okr\u0119gowej Izby In\u017cynier\u00f3w Budownictwa http:\/\/inzynier.rzeszow.pl\/ fot. Anna Olech &nbsp;<\/p>\n","protected":false},"author":7,"featured_media":1625,"comment_status":"closed","ping_status":"open","sticky":false,"template":"","format":"standard","meta":{"footnotes":""},"categories":[62],"tags":[],"class_list":["post-1622","post","type-post","status-publish","format-standard","has-post-thumbnail","hentry","category-konkursy"],"publishpress_future_action":{"enabled":false,"date":"2026-05-05 13:56:12","action":"change-status","newStatus":"draft","terms":[],"taxonomy":"category","extraData":[]},"publishpress_future_workflow_manual_trigger":{"enabledWorkflows":[]},"_links":{"self":[{"href":"https:\/\/podkarpacka.iarp.pl\/index.php?rest_route=\/wp\/v2\/posts\/1622","targetHints":{"allow":["GET"]}}],"collection":[{"href":"https:\/\/podkarpacka.iarp.pl\/index.php?rest_route=\/wp\/v2\/posts"}],"about":[{"href":"https:\/\/podkarpacka.iarp.pl\/index.php?rest_route=\/wp\/v2\/types\/post"}],"author":[{"embeddable":true,"href":"https:\/\/podkarpacka.iarp.pl\/index.php?rest_route=\/wp\/v2\/users\/7"}],"replies":[{"embeddable":true,"href":"https:\/\/podkarpacka.iarp.pl\/index.php?rest_route=%2Fwp%2Fv2%2Fcomments&post=1622"}],"version-history":[{"count":6,"href":"https:\/\/podkarpacka.iarp.pl\/index.php?rest_route=\/wp\/v2\/posts\/1622\/revisions"}],"predecessor-version":[{"id":1630,"href":"https:\/\/podkarpacka.iarp.pl\/index.php?rest_route=\/wp\/v2\/posts\/1622\/revisions\/1630"}],"wp:featuredmedia":[{"embeddable":true,"href":"https:\/\/podkarpacka.iarp.pl\/index.php?rest_route=\/wp\/v2\/media\/1625"}],"wp:attachment":[{"href":"https:\/\/podkarpacka.iarp.pl\/index.php?rest_route=%2Fwp%2Fv2%2Fmedia&parent=1622"}],"wp:term":[{"taxonomy":"category","embeddable":true,"href":"https:\/\/podkarpacka.iarp.pl\/index.php?rest_route=%2Fwp%2Fv2%2Fcategories&post=1622"},{"taxonomy":"post_tag","embeddable":true,"href":"https:\/\/podkarpacka.iarp.pl\/index.php?rest_route=%2Fwp%2Fv2%2Ftags&post=1622"}],"curies":[{"name":"wp","href":"https:\/\/api.w.org\/{rel}","templated":true}]}}