{"id":1640,"date":"2016-10-29T22:57:01","date_gmt":"2016-10-29T20:57:01","guid":{"rendered":"http:\/\/podkarpacka.iarp.pl\/?p=1640"},"modified":"2016-10-29T22:57:45","modified_gmt":"2016-10-29T20:57:45","slug":"03-11-2016-archiczwartki-mwm-architekci","status":"publish","type":"post","link":"https:\/\/podkarpacka.iarp.pl\/?p=1640","title":{"rendered":"[03.11.2016] ARCHICzwartki \u2013 MWM ARCHITEKCI"},"content":{"rendered":"<p><img loading=\"lazy\" decoding=\"async\" class=\"size-full wp-image-195 alignleft\" style=\"margin: 15px 15px 0 0;\" src=\"http:\/\/rzeszow.sarp.org.pl\/wp-content\/uploads\/2016\/02\/archiczwartki-1.jpg\" alt=\"archiczwartki\" width=\"249\" height=\"165\" \/><\/p>\n<h4 style=\"text-align: right;\"><strong>SPOTKANIE Z SERII ARCHICZWARTKI<\/strong><br \/>\nBLISKIE SPOTKANIA Z ARCHITEKTUR\u0104<\/h4>\n<hr \/>\n<h5 style=\"text-align: right;\"><strong>Termin: 03-11-2016, 18:00<br \/>\nRzesz\u00f3w, Rynek 1 \u2013 Ratusz (Sala \u201e\u015alub\u00f3w\u201d)<\/strong><\/h5>\n<hr \/>\n<p style=\"text-align: justify;\">W imieniu SARP oddzia\u0142 w Rzeszowie, w ramach bliskich spotka\u0144 z Architektur\u0105 \u201eARCHI \u2013 CZWARTKI\u201d, zapraszamy serdecznie <strong>03 listopada o godz. 18.00 do Ratusza w Rzeszowie<\/strong> na spotkanie z architektami <strong>MARCINEM SMOCZE\u0143SKI, WAC\u0141AWEM MAT\u0141OK I MACIEJEM \u0141OBOS<\/strong>, kt\u00f3ry wsp\u00f3\u0142tworz\u0105 pracowni\u0119 projektow\u0105 MWM ARCHITEKCI z Rzeszowa.<\/p>\n<p style=\"text-align: justify;\">Spotykamy si\u0119 w sali \u015blub\u00f3w Ratusza Miejskiego (Rzesz\u00f3w, Rynek 1).<\/p>\n<h3 style=\"text-align: justify;\"><strong>Nasi go\u015bcie: <\/strong><\/h3>\n<ul>\n<li style=\"text-align: justify;\"><strong>arch.\u00a0Marcin SMOCZE\u0143SKI<\/strong><\/li>\n<li style=\"text-align: justify;\"><strong>arch. Wac\u0142aw MAT\u0141OK<\/strong><\/li>\n<li style=\"text-align: justify;\"><strong>arch. Maciej \u0141OBOS<\/strong><\/li>\n<\/ul>\n<p style=\"text-align: justify;\">Hotel Ar\u0142am\u00f3w, zaprojektowany przez Pracowni\u0119 MWM zdoby\u0142 w 2014r. nagrod\u0119 dla Najlepszego Hotelu w Polsce (Poland&#8217;s Leading Hotel 2014). Biuro specjalizuje si\u0119 w projektowaniu obiekt\u00f3w komercyjnych, u\u017cyteczno\u015bci publicznej i wielorodzinnych. W Rzeszowie w\u0142a\u015bnie powstaje osiedle mieszkaniowe autorstwa MWM &#8211; Nasz Gaj.<\/p>\n<p style=\"text-align: justify;\"><strong>\u2013&gt; Zapisy na Wydarzenie \u2013&gt; <\/strong><a href=\"https:\/\/www.facebook.com\/events\/1722543721401194\/\">https:\/\/www.facebook.com\/events\/1722543721401194\/<\/a><\/p>\n<hr \/>\n<p style=\"text-align: justify;\"><strong>Po zako\u0144czeniu spotkania zapraszamy do siedziby SARP, Rynek 8 na spotkanie networkingowe z kolegami architektami przy aromatycznej Kawie parzonej dla nas przez Kaw\u0119 Rzeszowsk\u0105.<\/strong><\/p>\n<hr \/>\n<p style=\"text-align: justify;\"><img loading=\"lazy\" decoding=\"async\" class=\"alignnone wp-image-1057 size-full\" src=\"http:\/\/rzeszow.sarp.org.pl\/wp-content\/uploads\/2016\/10\/ARCHI-CZWARTKI-PLAKAT-cz-3-11-2016-kopia-m-1.jpg\" alt=\"archi-czwartki-plakat-cz-3-11-2016-kopia-m\" width=\"1000\" height=\"1454\" \/><\/p>\n","protected":false},"excerpt":{"rendered":"<p>SPOTKANIE Z SERII ARCHICZWARTKI BLISKIE SPOTKANIA Z ARCHITEKTUR\u0104 Termin: 03-11-2016, 18:00 Rzesz\u00f3w, Rynek 1 \u2013 Ratusz (Sala \u201e\u015alub\u00f3w\u201d) W imieniu SARP oddzia\u0142 w Rzeszowie, w ramach bliskich spotka\u0144 z Architektur\u0105 \u201eARCHI \u2013 CZWARTKI\u201d, zapraszamy serdecznie 03 listopada o godz. 18.00 do Ratusza w Rzeszowie na spotkanie z architektami MARCINEM SMOCZE\u0143SKI, WAC\u0141AWEM MAT\u0141OK I MACIEJEM \u0141OBOS, [&hellip;]<\/p>\n","protected":false},"author":7,"featured_media":1642,"comment_status":"closed","ping_status":"open","sticky":false,"template":"","format":"standard","meta":{"footnotes":""},"categories":[55],"tags":[],"class_list":["post-1640","post","type-post","status-publish","format-standard","has-post-thumbnail","hentry","category-wydarzenia"],"publishpress_future_action":{"enabled":false,"date":"2026-05-05 13:54:57","action":"change-status","newStatus":"draft","terms":[],"taxonomy":"category","extraData":[]},"publishpress_future_workflow_manual_trigger":{"enabledWorkflows":[]},"_links":{"self":[{"href":"https:\/\/podkarpacka.iarp.pl\/index.php?rest_route=\/wp\/v2\/posts\/1640","targetHints":{"allow":["GET"]}}],"collection":[{"href":"https:\/\/podkarpacka.iarp.pl\/index.php?rest_route=\/wp\/v2\/posts"}],"about":[{"href":"https:\/\/podkarpacka.iarp.pl\/index.php?rest_route=\/wp\/v2\/types\/post"}],"author":[{"embeddable":true,"href":"https:\/\/podkarpacka.iarp.pl\/index.php?rest_route=\/wp\/v2\/users\/7"}],"replies":[{"embeddable":true,"href":"https:\/\/podkarpacka.iarp.pl\/index.php?rest_route=%2Fwp%2Fv2%2Fcomments&post=1640"}],"version-history":[{"count":1,"href":"https:\/\/podkarpacka.iarp.pl\/index.php?rest_route=\/wp\/v2\/posts\/1640\/revisions"}],"predecessor-version":[{"id":1641,"href":"https:\/\/podkarpacka.iarp.pl\/index.php?rest_route=\/wp\/v2\/posts\/1640\/revisions\/1641"}],"wp:featuredmedia":[{"embeddable":true,"href":"https:\/\/podkarpacka.iarp.pl\/index.php?rest_route=\/wp\/v2\/media\/1642"}],"wp:attachment":[{"href":"https:\/\/podkarpacka.iarp.pl\/index.php?rest_route=%2Fwp%2Fv2%2Fmedia&parent=1640"}],"wp:term":[{"taxonomy":"category","embeddable":true,"href":"https:\/\/podkarpacka.iarp.pl\/index.php?rest_route=%2Fwp%2Fv2%2Fcategories&post=1640"},{"taxonomy":"post_tag","embeddable":true,"href":"https:\/\/podkarpacka.iarp.pl\/index.php?rest_route=%2Fwp%2Fv2%2Ftags&post=1640"}],"curies":[{"name":"wp","href":"https:\/\/api.w.org\/{rel}","templated":true}]}}