{"id":1644,"date":"2016-11-11T17:14:23","date_gmt":"2016-11-11T15:14:23","guid":{"rendered":"http:\/\/podkarpacka.iarp.pl\/?p=1644"},"modified":"2016-11-15T17:58:01","modified_gmt":"2016-11-15T15:58:01","slug":"14-11-2016-rzeszow-konsultacje-kodeksu-urbanistyczno-budowlanego","status":"publish","type":"post","link":"https:\/\/podkarpacka.iarp.pl\/?p=1644","title":{"rendered":"14.11.2016- RZESZ\u00d3W &#8211; KONSULTACJE KODEKSU URBANISTYCZNO-BUDOWLANEGO"},"content":{"rendered":"<p>Minister Infrastruktury i Budownictwa oraz Wojewoda Podkarpacki<br \/>\n<strong>Zapraszaj\u0105 na konsultacje podczas , kt\u00f3rej zaprezentowany zostanie projekt<\/strong><br \/>\n<strong> KODEKSU URBANISTYCZNO-BUDOWLANEGO.<\/strong><\/p>\n<p>Konferencja odb\u0119dzie si\u0119 w dniu<strong> 14.XI.2016<\/strong> w godzinach <strong>10.00-15.00<\/strong><br \/>\n<strong>w Budynku Politechniki Rzeszowskiej sala V1 ( Aula )<\/strong><\/p>\n<p>Z uwagi na istot\u0119 zmian dla \u015brodowiska architekt\u00f3w, obecno\u015b\u0107 obowi\u0105zkowa!<\/p>\n","protected":false},"excerpt":{"rendered":"<p>Minister Infrastruktury i Budownictwa oraz Wojewoda Podkarpacki Zapraszaj\u0105 na konsultacje podczas , kt\u00f3rej zaprezentowany zostanie projekt KODEKSU URBANISTYCZNO-BUDOWLANEGO. Konferencja odb\u0119dzie si\u0119 w dniu 14.XI.2016 w godzinach 10.00-15.00 w Budynku Politechniki Rzeszowskiej sala V1 ( Aula ) Z uwagi na istot\u0119 zmian dla \u015brodowiska architekt\u00f3w, obecno\u015b\u0107 obowi\u0105zkowa!<\/p>\n","protected":false},"author":7,"featured_media":1645,"comment_status":"closed","ping_status":"open","sticky":false,"template":"","format":"standard","meta":{"footnotes":""},"categories":[64],"tags":[],"class_list":["post-1644","post","type-post","status-publish","format-standard","has-post-thumbnail","hentry","category-biuletyn"],"publishpress_future_action":{"enabled":false,"date":"2026-05-05 02:19:07","action":"change-status","newStatus":"draft","terms":[],"taxonomy":"category","extraData":[]},"publishpress_future_workflow_manual_trigger":{"enabledWorkflows":[]},"_links":{"self":[{"href":"https:\/\/podkarpacka.iarp.pl\/index.php?rest_route=\/wp\/v2\/posts\/1644","targetHints":{"allow":["GET"]}}],"collection":[{"href":"https:\/\/podkarpacka.iarp.pl\/index.php?rest_route=\/wp\/v2\/posts"}],"about":[{"href":"https:\/\/podkarpacka.iarp.pl\/index.php?rest_route=\/wp\/v2\/types\/post"}],"author":[{"embeddable":true,"href":"https:\/\/podkarpacka.iarp.pl\/index.php?rest_route=\/wp\/v2\/users\/7"}],"replies":[{"embeddable":true,"href":"https:\/\/podkarpacka.iarp.pl\/index.php?rest_route=%2Fwp%2Fv2%2Fcomments&post=1644"}],"version-history":[{"count":2,"href":"https:\/\/podkarpacka.iarp.pl\/index.php?rest_route=\/wp\/v2\/posts\/1644\/revisions"}],"predecessor-version":[{"id":1661,"href":"https:\/\/podkarpacka.iarp.pl\/index.php?rest_route=\/wp\/v2\/posts\/1644\/revisions\/1661"}],"wp:featuredmedia":[{"embeddable":true,"href":"https:\/\/podkarpacka.iarp.pl\/index.php?rest_route=\/wp\/v2\/media\/1645"}],"wp:attachment":[{"href":"https:\/\/podkarpacka.iarp.pl\/index.php?rest_route=%2Fwp%2Fv2%2Fmedia&parent=1644"}],"wp:term":[{"taxonomy":"category","embeddable":true,"href":"https:\/\/podkarpacka.iarp.pl\/index.php?rest_route=%2Fwp%2Fv2%2Fcategories&post=1644"},{"taxonomy":"post_tag","embeddable":true,"href":"https:\/\/podkarpacka.iarp.pl\/index.php?rest_route=%2Fwp%2Fv2%2Ftags&post=1644"}],"curies":[{"name":"wp","href":"https:\/\/api.w.org\/{rel}","templated":true}]}}