{"id":1647,"date":"2016-11-11T17:33:49","date_gmt":"2016-11-11T15:33:49","guid":{"rendered":"http:\/\/podkarpacka.iarp.pl\/?p=1647"},"modified":"2016-11-15T17:57:04","modified_gmt":"2016-11-15T15:57:04","slug":"reprezentacja-podkarpackiej-izby-architektow-rp-uczestniczy-w-obchodach-swieta-niepodleglosci-11-listopada","status":"publish","type":"post","link":"https:\/\/podkarpacka.iarp.pl\/?p=1647","title":{"rendered":"Reprezentacja Podkarpackiej Izby Architekt\u00f3w RP uczestniczy w obchodach \u015awi\u0119ta Niepodleg\u0142o\u015bci 11 Listopada."},"content":{"rendered":"<p>Narodowe \u015awi\u0119to Niepodleg\u0142o\u015bci \u2013 \u015bwi\u0119to pa\u0144stwowe w Polsce obchodzone corocznie 11 listopada dla upami\u0119tnienia odzyskania przez Polsk\u0119 niepodleg\u0142o\u015bci w 1918, po 123 latach zabor\u00f3w (1795\u20131918). \u015awi\u0119to zosta\u0142o ustanowione ustaw\u0105 z 23 kwietnia 1937, zniesione ustaw\u0105 Krajowej Rady Narodowej 22 lipca 1945, przywr\u00f3cono je ustaw\u0105 w okresie transformacji systemowej w 1989.<\/p>\n<p>&nbsp;<\/p>\n<p><img loading=\"lazy\" decoding=\"async\" class=\"aligncenter size-large wp-image-1652\" src=\"https:\/\/podkarpacka.iarp.pl\/wp-content\/uploads\/2016\/11\/15025272_1523398724342820_3816008149223137087_o-1024x576.jpg\" alt=\"15025272_1523398724342820_3816008149223137087_o\" width=\"770\" height=\"433\" srcset=\"https:\/\/podkarpacka.iarp.pl\/wp-content\/uploads\/2016\/11\/15025272_1523398724342820_3816008149223137087_o-1024x576.jpg 1024w, https:\/\/podkarpacka.iarp.pl\/wp-content\/uploads\/2016\/11\/15025272_1523398724342820_3816008149223137087_o-300x169.jpg 300w, https:\/\/podkarpacka.iarp.pl\/wp-content\/uploads\/2016\/11\/15025272_1523398724342820_3816008149223137087_o-768x432.jpg 768w, https:\/\/podkarpacka.iarp.pl\/wp-content\/uploads\/2016\/11\/15025272_1523398724342820_3816008149223137087_o.jpg 2048w\" sizes=\"auto, (max-width: 770px) 100vw, 770px\" \/><\/p>\n<p><img loading=\"lazy\" decoding=\"async\" class=\"aligncenter size-large wp-image-1649\" src=\"https:\/\/podkarpacka.iarp.pl\/wp-content\/uploads\/2016\/11\/14976834_1523397831009576_5692367729379711760_o-1024x576.jpg\" alt=\"14976834_1523397831009576_5692367729379711760_o\" width=\"770\" height=\"433\" srcset=\"https:\/\/podkarpacka.iarp.pl\/wp-content\/uploads\/2016\/11\/14976834_1523397831009576_5692367729379711760_o-1024x576.jpg 1024w, https:\/\/podkarpacka.iarp.pl\/wp-content\/uploads\/2016\/11\/14976834_1523397831009576_5692367729379711760_o-300x169.jpg 300w, https:\/\/podkarpacka.iarp.pl\/wp-content\/uploads\/2016\/11\/14976834_1523397831009576_5692367729379711760_o-768x432.jpg 768w, https:\/\/podkarpacka.iarp.pl\/wp-content\/uploads\/2016\/11\/14976834_1523397831009576_5692367729379711760_o.jpg 2048w\" sizes=\"auto, (max-width: 770px) 100vw, 770px\" \/><\/p>\n<p><img loading=\"lazy\" decoding=\"async\" class=\"aligncenter size-large wp-image-1651\" src=\"https:\/\/podkarpacka.iarp.pl\/wp-content\/uploads\/2016\/11\/15016301_1523327424349950_6909169111770864343_o-1024x576.jpg\" alt=\"15016301_1523327424349950_6909169111770864343_o\" width=\"770\" height=\"433\" srcset=\"https:\/\/podkarpacka.iarp.pl\/wp-content\/uploads\/2016\/11\/15016301_1523327424349950_6909169111770864343_o-1024x576.jpg 1024w, https:\/\/podkarpacka.iarp.pl\/wp-content\/uploads\/2016\/11\/15016301_1523327424349950_6909169111770864343_o-300x169.jpg 300w, https:\/\/podkarpacka.iarp.pl\/wp-content\/uploads\/2016\/11\/15016301_1523327424349950_6909169111770864343_o-768x432.jpg 768w, https:\/\/podkarpacka.iarp.pl\/wp-content\/uploads\/2016\/11\/15016301_1523327424349950_6909169111770864343_o.jpg 2048w\" sizes=\"auto, (max-width: 770px) 100vw, 770px\" \/><\/p>\n<p><img loading=\"lazy\" decoding=\"async\" class=\"aligncenter size-large wp-image-1653\" src=\"https:\/\/podkarpacka.iarp.pl\/wp-content\/uploads\/2016\/11\/15025393_1523327267683299_1328837992756989560_o-1024x576.jpg\" alt=\"15025393_1523327267683299_1328837992756989560_o\" width=\"770\" height=\"433\" srcset=\"https:\/\/podkarpacka.iarp.pl\/wp-content\/uploads\/2016\/11\/15025393_1523327267683299_1328837992756989560_o-1024x576.jpg 1024w, https:\/\/podkarpacka.iarp.pl\/wp-content\/uploads\/2016\/11\/15025393_1523327267683299_1328837992756989560_o-300x169.jpg 300w, https:\/\/podkarpacka.iarp.pl\/wp-content\/uploads\/2016\/11\/15025393_1523327267683299_1328837992756989560_o-768x432.jpg 768w, https:\/\/podkarpacka.iarp.pl\/wp-content\/uploads\/2016\/11\/15025393_1523327267683299_1328837992756989560_o.jpg 2048w\" sizes=\"auto, (max-width: 770px) 100vw, 770px\" \/><\/p>\n<p><img loading=\"lazy\" decoding=\"async\" class=\"aligncenter size-large wp-image-1650\" src=\"https:\/\/podkarpacka.iarp.pl\/wp-content\/uploads\/2016\/11\/14991226_1523327321016627_6719053554876616464_o-1024x576.jpg\" alt=\"14991226_1523327321016627_6719053554876616464_o\" width=\"770\" height=\"433\" srcset=\"https:\/\/podkarpacka.iarp.pl\/wp-content\/uploads\/2016\/11\/14991226_1523327321016627_6719053554876616464_o-1024x576.jpg 1024w, https:\/\/podkarpacka.iarp.pl\/wp-content\/uploads\/2016\/11\/14991226_1523327321016627_6719053554876616464_o-300x169.jpg 300w, https:\/\/podkarpacka.iarp.pl\/wp-content\/uploads\/2016\/11\/14991226_1523327321016627_6719053554876616464_o-768x432.jpg 768w, https:\/\/podkarpacka.iarp.pl\/wp-content\/uploads\/2016\/11\/14991226_1523327321016627_6719053554876616464_o.jpg 2048w\" sizes=\"auto, (max-width: 770px) 100vw, 770px\" \/><\/p>\n","protected":false},"excerpt":{"rendered":"<p>Narodowe \u015awi\u0119to Niepodleg\u0142o\u015bci \u2013 \u015bwi\u0119to pa\u0144stwowe w Polsce obchodzone corocznie 11 listopada dla upami\u0119tnienia odzyskania przez Polsk\u0119 niepodleg\u0142o\u015bci w 1918, po 123 latach zabor\u00f3w (1795\u20131918). \u015awi\u0119to zosta\u0142o ustanowione ustaw\u0105 z 23 kwietnia 1937, zniesione ustaw\u0105 Krajowej Rady Narodowej 22 lipca 1945, przywr\u00f3cono je ustaw\u0105 w okresie transformacji systemowej w 1989. &nbsp;<\/p>\n","protected":false},"author":7,"featured_media":1648,"comment_status":"closed","ping_status":"open","sticky":false,"template":"","format":"standard","meta":{"footnotes":""},"categories":[55],"tags":[],"class_list":["post-1647","post","type-post","status-publish","format-standard","has-post-thumbnail","hentry","category-wydarzenia"],"publishpress_future_action":{"enabled":false,"date":"2026-05-05 12:34:47","action":"change-status","newStatus":"draft","terms":[],"taxonomy":"category","extraData":[]},"publishpress_future_workflow_manual_trigger":{"enabledWorkflows":[]},"_links":{"self":[{"href":"https:\/\/podkarpacka.iarp.pl\/index.php?rest_route=\/wp\/v2\/posts\/1647","targetHints":{"allow":["GET"]}}],"collection":[{"href":"https:\/\/podkarpacka.iarp.pl\/index.php?rest_route=\/wp\/v2\/posts"}],"about":[{"href":"https:\/\/podkarpacka.iarp.pl\/index.php?rest_route=\/wp\/v2\/types\/post"}],"author":[{"embeddable":true,"href":"https:\/\/podkarpacka.iarp.pl\/index.php?rest_route=\/wp\/v2\/users\/7"}],"replies":[{"embeddable":true,"href":"https:\/\/podkarpacka.iarp.pl\/index.php?rest_route=%2Fwp%2Fv2%2Fcomments&post=1647"}],"version-history":[{"count":2,"href":"https:\/\/podkarpacka.iarp.pl\/index.php?rest_route=\/wp\/v2\/posts\/1647\/revisions"}],"predecessor-version":[{"id":1655,"href":"https:\/\/podkarpacka.iarp.pl\/index.php?rest_route=\/wp\/v2\/posts\/1647\/revisions\/1655"}],"wp:featuredmedia":[{"embeddable":true,"href":"https:\/\/podkarpacka.iarp.pl\/index.php?rest_route=\/wp\/v2\/media\/1648"}],"wp:attachment":[{"href":"https:\/\/podkarpacka.iarp.pl\/index.php?rest_route=%2Fwp%2Fv2%2Fmedia&parent=1647"}],"wp:term":[{"taxonomy":"category","embeddable":true,"href":"https:\/\/podkarpacka.iarp.pl\/index.php?rest_route=%2Fwp%2Fv2%2Fcategories&post=1647"},{"taxonomy":"post_tag","embeddable":true,"href":"https:\/\/podkarpacka.iarp.pl\/index.php?rest_route=%2Fwp%2Fv2%2Ftags&post=1647"}],"curies":[{"name":"wp","href":"https:\/\/api.w.org\/{rel}","templated":true}]}}