{"id":1656,"date":"2016-11-15T17:51:55","date_gmt":"2016-11-15T15:51:55","guid":{"rendered":"http:\/\/podkarpacka.iarp.pl\/?p=1656"},"modified":"2016-11-16T02:46:38","modified_gmt":"2016-11-16T00:46:38","slug":"24-10-2016-warsztat-praktyka-wzorcowe-realizacje-i-rozwiazania-wykonawcze-dla-hydroizolacji-i-wentylacji-jako-niezbedny-element-przy-prawidlowym-projekcie-architektoniczny","status":"publish","type":"post","link":"https:\/\/podkarpacka.iarp.pl\/?p=1656","title":{"rendered":"[24-11-2016] Warsztat praktyka \u2013 wzorcowe realizacje i rozwi\u0105zania wykonawcze dla hydroizolacji i wentylacji, jako niezb\u0119dny element przy prawid\u0142owym projekcie architektoniczny"},"content":{"rendered":"<div>\n<h2 class=\"lead\"><strong>Termin szkolenia: 24-11-2016<\/strong><\/h2>\n<p class=\"lead\"><strong>Miejsce: Rzesz\u00f3w, Rynek 8 (siedziba PKOIA RP)<\/strong><\/p>\n<hr \/>\n<h4><span style=\"color: #333333;\"><strong>BEZP\u0141ATNE SZKOLENIE DLA ARCHITEKT\u00d3W IARP<\/strong><\/span><\/h4>\n<blockquote>\n<h3>Warsztat praktyka \u2013 wzorcowe realizacje i rozwi\u0105zania wykonawcze<br \/>\ndla hydroizolacji i wentylacji, jako niezb\u0119dny element przy prawid\u0142owym projekcie architektoniczny<\/h3>\n<\/blockquote>\n<hr \/>\n<h4><strong>Rejestracja do: 10:45, Szkolenie rozpocznie si\u0119 o: 11:00<\/strong><\/h4>\n<hr \/>\n<p style=\"text-align: justify;\">Serdecznie zapraszamy<\/p>\n<p>Szanowni Pa\u0144stwo,<\/p>\n<\/div>\n<div>Serdecznie zapraszamy wszystkich Cz\u0142onk\u00f3w PKOIA RP na bezp\u0142atne szkolenie IARP pn.: <strong>&#8220;Warsztat praktyka \u2013 wzorcowe realizacje i rozwi\u0105zania wykonawcze dla hydroizolacji i wentylacji, jako niezb\u0119dny element przy prawid\u0142owym projekcie architektoniczny&#8221;<\/strong>, kt\u00f3re odb\u0119dzie si\u0119 24 listopada\u00a02016 r. o godz. 10:45.<\/div>\n<div><\/div>\n<div><\/div>\n<div>Miejscem szkolenia jest sala IARP (Rzesz\u00f3w, Rynek 8).<\/div>\n<div><\/div>\n<div><\/div>\n<div>Seminarium poprowadzi:<\/div>\n<div><\/div>\n<ul>\n<li><strong>mgr in\u017c. Krzysztof Patoka \u00a0<\/strong><\/li>\n<\/ul>\n<div>Zapraszamy wszystkich ch\u0119tnych do zg\u0142aszania swojego uczestnictwa:<\/div>\n<div>\n<hr \/>\n<\/div>\n<div><\/div>\n<div><strong>Program i adres rejestracji:<\/strong><\/div>\n<ul>\n<li><a href=\"https:\/\/szkolenia.iarp.pl\/szkolenie\/404\">https:\/\/szkolenia.iarp.pl\/szkolenie\/<\/a>404<\/li>\n<\/ul>\n<div><\/div>\n<div>Drogie kole\u017canki, drodzy koledzy &#8211; pami\u0119tajcie &#8211; liczba miejsc jest ograniczona, prosimy o jak najszybsze rezerwowanie miejsc!<\/div>\n<div><\/div>\n","protected":false},"excerpt":{"rendered":"<p>Termin szkolenia: 24-11-2016 Miejsce: Rzesz\u00f3w, Rynek 8 (siedziba PKOIA RP) BEZP\u0141ATNE SZKOLENIE DLA ARCHITEKT\u00d3W IARP Warsztat praktyka \u2013 wzorcowe realizacje i rozwi\u0105zania wykonawcze dla hydroizolacji i wentylacji, jako niezb\u0119dny element przy prawid\u0142owym projekcie architektoniczny Rejestracja do: 10:45, Szkolenie rozpocznie si\u0119 o: 11:00 Serdecznie zapraszamy Szanowni Pa\u0144stwo, Serdecznie zapraszamy wszystkich Cz\u0142onk\u00f3w PKOIA RP na bezp\u0142atne szkolenie [&hellip;]<\/p>\n","protected":false},"author":7,"featured_media":861,"comment_status":"closed","ping_status":"open","sticky":false,"template":"","format":"standard","meta":{"footnotes":""},"categories":[66,57,58],"tags":[],"class_list":["post-1656","post","type-post","status-publish","format-standard","has-post-thumbnail","hentry","category-polecane","category-szkolenia","category-szkolenia-certyfikowane"],"publishpress_future_action":{"enabled":false,"date":"2026-05-05 00:39:05","action":"change-status","newStatus":"draft","terms":[],"taxonomy":"category","extraData":[]},"publishpress_future_workflow_manual_trigger":{"enabledWorkflows":[]},"_links":{"self":[{"href":"https:\/\/podkarpacka.iarp.pl\/index.php?rest_route=\/wp\/v2\/posts\/1656","targetHints":{"allow":["GET"]}}],"collection":[{"href":"https:\/\/podkarpacka.iarp.pl\/index.php?rest_route=\/wp\/v2\/posts"}],"about":[{"href":"https:\/\/podkarpacka.iarp.pl\/index.php?rest_route=\/wp\/v2\/types\/post"}],"author":[{"embeddable":true,"href":"https:\/\/podkarpacka.iarp.pl\/index.php?rest_route=\/wp\/v2\/users\/7"}],"replies":[{"embeddable":true,"href":"https:\/\/podkarpacka.iarp.pl\/index.php?rest_route=%2Fwp%2Fv2%2Fcomments&post=1656"}],"version-history":[{"count":6,"href":"https:\/\/podkarpacka.iarp.pl\/index.php?rest_route=\/wp\/v2\/posts\/1656\/revisions"}],"predecessor-version":[{"id":1663,"href":"https:\/\/podkarpacka.iarp.pl\/index.php?rest_route=\/wp\/v2\/posts\/1656\/revisions\/1663"}],"wp:featuredmedia":[{"embeddable":true,"href":"https:\/\/podkarpacka.iarp.pl\/index.php?rest_route=\/wp\/v2\/media\/861"}],"wp:attachment":[{"href":"https:\/\/podkarpacka.iarp.pl\/index.php?rest_route=%2Fwp%2Fv2%2Fmedia&parent=1656"}],"wp:term":[{"taxonomy":"category","embeddable":true,"href":"https:\/\/podkarpacka.iarp.pl\/index.php?rest_route=%2Fwp%2Fv2%2Fcategories&post=1656"},{"taxonomy":"post_tag","embeddable":true,"href":"https:\/\/podkarpacka.iarp.pl\/index.php?rest_route=%2Fwp%2Fv2%2Ftags&post=1656"}],"curies":[{"name":"wp","href":"https:\/\/api.w.org\/{rel}","templated":true}]}}