{"id":1678,"date":"2016-12-07T15:23:14","date_gmt":"2016-12-07T13:23:14","guid":{"rendered":"http:\/\/podkarpacka.iarp.pl\/?p=1678"},"modified":"2016-12-07T15:31:37","modified_gmt":"2016-12-07T13:31:37","slug":"zmiany-wysokosci-skladek-czlonkowskich-w-2017-roku","status":"publish","type":"post","link":"https:\/\/podkarpacka.iarp.pl\/?p=1678","title":{"rendered":"ZMIANY WYSOKO\u015aCI SK\u0141ADEK CZ\u0141ONKOWSKICH W 2017 ROKU."},"content":{"rendered":"<p><a href=\"https:\/\/podkarpacka.iarp.pl\/wp-content\/uploads\/2015\/02\/logo-izba-male.png\"><img loading=\"lazy\" decoding=\"async\" class=\"alignleft size-full wp-image-470\" src=\"https:\/\/podkarpacka.iarp.pl\/wp-content\/uploads\/2015\/02\/logo-izba-male.png\" alt=\"logo izba male\" width=\"140\" height=\"80\" \/><\/a><\/p>\n<h2 style=\"margin: 0px 30px 0px; text-align: left;\">SK\u0141ADKI CZ\u0141ONKOWSKIE PODKARPACKIEJ OKR\u0118GOWEJ IZBY ARCHITEKT\u00d3W RP<\/h2>\n<hr style=\"margin: 10px 0px 25px;\" \/>\n<p>&nbsp;<\/p>\n<p><strong>Informacja o zmianie wysoko\u015bci sk\u0142adek cz\u0142onkowskich obowi\u0105zuj\u0105cych w roku 2017.<\/strong><\/p>\n<p>Zgodnie z pismem Krajowej Rady Izby Architekt\u00f3w RP znak\u00a0L.dz. 334\/KRIA\/2016\/W z dnia 17 listopada 2016 r., KRIA ustali\u0142a miesi\u0119czn\u0105 wysoko\u015b\u0107 sk\u0142adki cz\u0142onkowskiej na kwot\u0119<strong> 78,00 z\u0142. (siedemdziesi\u0105t osiem z\u0142otych zero groszy).<\/strong><\/p>\n<p>Pismem <strong>L.dz. 335\/KRIA\/2016\/W z dnia 17 listopada 2016<\/strong> r. Krajowa Rada Izby Architekt\u00f3w RP ustali\u0142a inne op\u0142aty ni\u017c sk\u0142adka cz\u0142onkowska na rok 2017;<\/p>\n<p>&nbsp;<\/p>\n<p>Wskazane powy\u017cszej op\u0142aty obowi\u0105zywa\u0107 b\u0119d\u0105 w Izbie Architekt\u00f3w RP od 01 stycznia do 31 grudnia 2017 roku.<\/p>\n<hr \/>\n<p class=\"p1\" style=\"text-align: justify;\">Wysoko\u015b\u0107 sk\u0142adki cz\u0142onkowskiej w sytuacji zawieszenia wynosi <span class=\"s1\"><strong>10%<\/strong><\/span> sk\u0142adki obowi\u0105zuj\u0105cej w danym okresie.<\/p>\n<ul>\n<li class=\"p1\" style=\"text-align: justify;\"><strong>Sk\u0142adka\u00a0 nie obejmuje obowi\u0105zkowego ubezpieczenia OC. <\/strong><\/li>\n<li class=\"p1\" style=\"text-align: justify;\"><strong>Sk\u0142adk\u0119 nale\u017cy wp\u0142aci\u0107 na rachunek bankowy PKOIA.<\/strong><\/li>\n<\/ul>\n<p>&nbsp;<\/p>\n<table style=\"height: 482px;\" width=\"610\">\n<tbody>\n<tr>\n<td colspan=\"2\" bgcolor=\"#f0f0f0\" width=\"610\">\n<h2 style=\"margin: -5px 0px -5px; text-align: center;\"><strong>SK\u0141ADKA CZ\u0141ONKOWSKA OD 01.01.2017 ROKU<\/strong><\/h2>\n<\/td>\n<\/tr>\n<tr>\n<td style=\"text-align: center;\" bgcolor=\"#f0f0f0\" width=\"300\"><strong>DLA CZYNNEGO CZ\u0141ONKA PKOIA\u00a0<\/strong><\/td>\n<td style=\"text-align: center;\" width=\"300\"><span style=\"color: #808080;\"><strong>DLA ZAWIESZONEGO CZ\u0141ONKA PKOIA\u00a0<\/strong><\/span><\/td>\n<\/tr>\n<tr>\n<td bgcolor=\"#f0f0f0\">\n<h1 style=\"text-align: center;\"><strong>78,00 PLN<\/strong><\/h1>\n<\/td>\n<td>\n<h1 style=\"text-align: center;\"><span style=\"color: #808080;\">7,80 PLN<\/span><\/h1>\n<\/td>\n<\/tr>\n<tr>\n<td style=\"text-align: center;\" bgcolor=\"#f0f0f0\">\u00a0MIESI\u0118CZNIE 100%\u00a0SK\u0141ADKI OBOWI\u0104ZUJ\u0104CEJ W DANYM OKRESIE<\/td>\n<td style=\"text-align: center;\"><span style=\"color: #808080;\">\u00a0MIESI\u0118CZNIE 10%\u00a0SK\u0141ADKI OBOWI\u0104ZUJ\u0104CEJ W DANYM OKRESIE<\/span><\/td>\n<\/tr>\n<tr>\n<td style=\"text-align: center;\" colspan=\"2\">TYTU\u0141EM:<br \/>\nSK\u0141ADKA CZ\u0141ONKOWSKA ZA (IMI\u0118 I NAZWISKO, NR PRZYNALE\u017bNO\u015aCI PK-\u2026.)<\/td>\n<\/tr>\n<tr>\n<td style=\"text-align: center;\" colspan=\"2\">NUMER KONTA (POWSZECHNA KASA OSZCZ\u0118DNO\u015aCI BANK POLSKI SA)<\/p>\n<h3 style=\"margin: -10px 0px 0px; text-align: center;\">20 1020 4391 0000 6202 0002 7334<\/h3>\n<\/td>\n<\/tr>\n<tr>\n<td style=\"text-align: center;\" colspan=\"2\">PODKARPACKA OKR\u0118GOWA IZBA ARCHITEKT\u00d3W RZECZYPOSPOLITEJ POLSKIEJ<br \/>\nUL. RYNEK 8, 35-064 RZESZ\u00d3W<\/td>\n<\/tr>\n<\/tbody>\n<\/table>\n<p>&nbsp;<\/p>\n<table style=\"height: 482px;\" width=\"610\">\n<tbody>\n<tr>\n<td colspan=\"2\" bgcolor=\"#f0f0f0\" width=\"610\">\n<h2 style=\"margin: -5px 0px -5px; text-align: center;\"><strong>INNE OP\u0141ATY OD 01.01.2017 ROKU<\/strong><\/h2>\n<\/td>\n<\/tr>\n<tr>\n<td style=\"text-align: center;\" colspan=\"2\" bgcolor=\"#f0f0f0\"><strong>INNE NI\u017b SK\u0141ADKA CZ\u0141ONKOWSKA\u00a0OP\u0141ATY NA RZECZ SAMORZ\u0104DU ZAWODOWEGO\u00a0ARCHITEKT\u00d3W<\/strong><\/td>\n<\/tr>\n<tr>\n<td>\n<h4>Wpis na list\u0119 cz\u0142onk\u00f3w Izby :<\/h4>\n<\/td>\n<td width=\"110\">\n<h3 style=\"margin: -5px 0px -5px; text-align: center;\">390,00 PLN<\/h3>\n<\/td>\n<\/tr>\n<tr>\n<td>\n<h4>Ponowny wpis na list\u0119 cz\u0142onk\u00f3w Izby :<\/h4>\n<\/td>\n<td>\n<h3 style=\"margin: -5px 0px -5px; text-align: center;\">970,00\u00a0PLN<\/h3>\n<\/td>\n<\/tr>\n<tr>\n<td>\n<h4>Przywr\u00f3cenie w prawach cz\u0142onka Izby po okresie zawieszenia (zawieszenie na wniosek cz\u0142onka Izby)<\/h4>\n<p><em>Zwolnienie od tej op\u0142aty dotyczy cz\u0142onk\u00f3w, co do kt\u00f3rych przyczyn\u0105 zawieszenia w prawach cz\u0142onka Izby by\u0142o zaj\u015bcie w ci\u0105\u017c\u0119, przej\u015bcie na urlop macierzy\u0144ski lub urlop wychowawczy<\/em><\/td>\n<td>\n<h3 style=\"margin: -5px 0px -5px; text-align: center;\">390,00\u00a0PLN<\/h3>\n<\/td>\n<\/tr>\n<\/tbody>\n<\/table>\n<pre><strong>POWY\u017bSZE KWOTY NALE\u017bY WP\u0141ACI\u0106 NA RACHUNEK BANKOWY:\r\n<\/strong>\r\nPODKARPACKA OKR\u0118GOWA IZBA ARCHITEKT\u00d3W RZECZYPOSPOLITEJ POLSKIEJ\r\nUL. RYNEK 8, 35-064 RZESZ\u00d3W\r\n\r\nNUMER KONTA BANKOWEGO:\r\n20102043910000620200027334\r\nPOWSZECHNA KASA OSZCZ\u0118DNO\u015aCI BANK POLSKI SA\r\n<span style=\"font-family: Georgia, 'Times New Roman', 'Bitstream Charter', Times, serif; line-height: 1.5;\">\u00a0<\/span><\/pre>\n","protected":false},"excerpt":{"rendered":"<p>SK\u0141ADKI CZ\u0141ONKOWSKIE PODKARPACKIEJ OKR\u0118GOWEJ IZBY ARCHITEKT\u00d3W RP &nbsp; Informacja o zmianie wysoko\u015bci sk\u0142adek cz\u0142onkowskich obowi\u0105zuj\u0105cych w roku 2017. Zgodnie z pismem Krajowej Rady Izby Architekt\u00f3w RP znak\u00a0L.dz. 334\/KRIA\/2016\/W z dnia 17 listopada 2016 r., KRIA ustali\u0142a miesi\u0119czn\u0105 wysoko\u015b\u0107 sk\u0142adki cz\u0142onkowskiej na kwot\u0119 78,00 z\u0142. (siedemdziesi\u0105t osiem z\u0142otych zero groszy). Pismem L.dz. 335\/KRIA\/2016\/W z dnia 17 [&hellip;]<\/p>\n","protected":false},"author":7,"featured_media":865,"comment_status":"closed","ping_status":"open","sticky":false,"template":"","format":"standard","meta":{"footnotes":""},"categories":[56],"tags":[],"class_list":["post-1678","post","type-post","status-publish","format-standard","has-post-thumbnail","hentry","category-informacje-rady"],"publishpress_future_action":{"enabled":false,"date":"2026-05-05 12:34:47","action":"change-status","newStatus":"draft","terms":[],"taxonomy":"category","extraData":[]},"publishpress_future_workflow_manual_trigger":{"enabledWorkflows":[]},"_links":{"self":[{"href":"https:\/\/podkarpacka.iarp.pl\/index.php?rest_route=\/wp\/v2\/posts\/1678","targetHints":{"allow":["GET"]}}],"collection":[{"href":"https:\/\/podkarpacka.iarp.pl\/index.php?rest_route=\/wp\/v2\/posts"}],"about":[{"href":"https:\/\/podkarpacka.iarp.pl\/index.php?rest_route=\/wp\/v2\/types\/post"}],"author":[{"embeddable":true,"href":"https:\/\/podkarpacka.iarp.pl\/index.php?rest_route=\/wp\/v2\/users\/7"}],"replies":[{"embeddable":true,"href":"https:\/\/podkarpacka.iarp.pl\/index.php?rest_route=%2Fwp%2Fv2%2Fcomments&post=1678"}],"version-history":[{"count":5,"href":"https:\/\/podkarpacka.iarp.pl\/index.php?rest_route=\/wp\/v2\/posts\/1678\/revisions"}],"predecessor-version":[{"id":1685,"href":"https:\/\/podkarpacka.iarp.pl\/index.php?rest_route=\/wp\/v2\/posts\/1678\/revisions\/1685"}],"wp:featuredmedia":[{"embeddable":true,"href":"https:\/\/podkarpacka.iarp.pl\/index.php?rest_route=\/wp\/v2\/media\/865"}],"wp:attachment":[{"href":"https:\/\/podkarpacka.iarp.pl\/index.php?rest_route=%2Fwp%2Fv2%2Fmedia&parent=1678"}],"wp:term":[{"taxonomy":"category","embeddable":true,"href":"https:\/\/podkarpacka.iarp.pl\/index.php?rest_route=%2Fwp%2Fv2%2Fcategories&post=1678"},{"taxonomy":"post_tag","embeddable":true,"href":"https:\/\/podkarpacka.iarp.pl\/index.php?rest_route=%2Fwp%2Fv2%2Ftags&post=1678"}],"curies":[{"name":"wp","href":"https:\/\/api.w.org\/{rel}","templated":true}]}}