{"id":1691,"date":"2016-12-18T00:13:05","date_gmt":"2016-12-17T22:13:05","guid":{"rendered":"http:\/\/podkarpacka.iarp.pl\/?p=1691"},"modified":"2016-12-20T00:59:17","modified_gmt":"2016-12-19T22:59:17","slug":"fotorelacja-z-rozdania-uprawnien-pkoia-2017","status":"publish","type":"post","link":"https:\/\/podkarpacka.iarp.pl\/?p=1691","title":{"rendered":"FOTORELACJA Z ROZDANIA UPRAWNIE\u0143 PKOIA 2017"},"content":{"rendered":"<p>W Podkarpackiej Okr\u0119gowej Izbie Architekt\u00f3w RP\u00a0odby\u0142o si\u0119 uroczyste wr\u0119czanie decyzji o nadaniu uprawnie\u0144 budowlanych w sesji II\/2016.<\/p>\n<p>Wszystkim, kt\u00f3rzy otrzymali decyzje o nadaniu uprawnie\u0144, serdecznie gratulujemy i \u017cyczymy wielu sukces\u00f3w w wykonywaniu zawodu !<\/p>\n<p>&nbsp;<\/p>\n<p><img loading=\"lazy\" decoding=\"async\" class=\"aligncenter size-large wp-image-1696\" src=\"https:\/\/podkarpacka.iarp.pl\/wp-content\/uploads\/2016\/12\/IMG_20161217_102320-1024x575.jpg\" alt=\"\" width=\"770\" height=\"432\" srcset=\"https:\/\/podkarpacka.iarp.pl\/wp-content\/uploads\/2016\/12\/IMG_20161217_102320-1024x575.jpg 1024w, https:\/\/podkarpacka.iarp.pl\/wp-content\/uploads\/2016\/12\/IMG_20161217_102320-300x168.jpg 300w, https:\/\/podkarpacka.iarp.pl\/wp-content\/uploads\/2016\/12\/IMG_20161217_102320-768x431.jpg 768w, https:\/\/podkarpacka.iarp.pl\/wp-content\/uploads\/2016\/12\/IMG_20161217_102320.jpg 1040w\" sizes=\"auto, (max-width: 770px) 100vw, 770px\" \/><\/p>\n<p><img loading=\"lazy\" decoding=\"async\" class=\"size-large wp-image-1697 aligncenter\" src=\"https:\/\/podkarpacka.iarp.pl\/wp-content\/uploads\/2016\/12\/IMG_20161217_102247-2-1024x549.jpg\" alt=\"\" width=\"770\" height=\"413\" srcset=\"https:\/\/podkarpacka.iarp.pl\/wp-content\/uploads\/2016\/12\/IMG_20161217_102247-2-1024x549.jpg 1024w, https:\/\/podkarpacka.iarp.pl\/wp-content\/uploads\/2016\/12\/IMG_20161217_102247-2-300x161.jpg 300w, https:\/\/podkarpacka.iarp.pl\/wp-content\/uploads\/2016\/12\/IMG_20161217_102247-2-768x412.jpg 768w, https:\/\/podkarpacka.iarp.pl\/wp-content\/uploads\/2016\/12\/IMG_20161217_102247-2.jpg 1040w\" sizes=\"auto, (max-width: 770px) 100vw, 770px\" \/><\/p>\n<p><img loading=\"lazy\" decoding=\"async\" class=\"aligncenter size-large wp-image-1703\" src=\"https:\/\/podkarpacka.iarp.pl\/wp-content\/uploads\/2016\/12\/IMG_20161217_100445-1024x575.jpg\" alt=\"\" width=\"770\" height=\"432\" srcset=\"https:\/\/podkarpacka.iarp.pl\/wp-content\/uploads\/2016\/12\/IMG_20161217_100445-1024x575.jpg 1024w, https:\/\/podkarpacka.iarp.pl\/wp-content\/uploads\/2016\/12\/IMG_20161217_100445-300x168.jpg 300w, https:\/\/podkarpacka.iarp.pl\/wp-content\/uploads\/2016\/12\/IMG_20161217_100445-768x431.jpg 768w, https:\/\/podkarpacka.iarp.pl\/wp-content\/uploads\/2016\/12\/IMG_20161217_100445.jpg 1040w\" sizes=\"auto, (max-width: 770px) 100vw, 770px\" \/><\/p>\n<p><img loading=\"lazy\" decoding=\"async\" class=\"size-full wp-image-1698 aligncenter\" src=\"https:\/\/podkarpacka.iarp.pl\/wp-content\/uploads\/2016\/12\/IMG_20161217_102121-1.jpg\" alt=\"\" width=\"923\" height=\"548\" srcset=\"https:\/\/podkarpacka.iarp.pl\/wp-content\/uploads\/2016\/12\/IMG_20161217_102121-1.jpg 923w, https:\/\/podkarpacka.iarp.pl\/wp-content\/uploads\/2016\/12\/IMG_20161217_102121-1-300x178.jpg 300w, https:\/\/podkarpacka.iarp.pl\/wp-content\/uploads\/2016\/12\/IMG_20161217_102121-1-768x456.jpg 768w\" sizes=\"auto, (max-width: 923px) 100vw, 923px\" \/><\/p>\n<p>&nbsp;<\/p>\n<p><img loading=\"lazy\" decoding=\"async\" class=\"aligncenter size-large wp-image-1699\" src=\"https:\/\/podkarpacka.iarp.pl\/wp-content\/uploads\/2016\/12\/IMG_20161217_102023-1024x575.jpg\" alt=\"\" width=\"770\" height=\"432\" srcset=\"https:\/\/podkarpacka.iarp.pl\/wp-content\/uploads\/2016\/12\/IMG_20161217_102023-1024x575.jpg 1024w, https:\/\/podkarpacka.iarp.pl\/wp-content\/uploads\/2016\/12\/IMG_20161217_102023-300x168.jpg 300w, https:\/\/podkarpacka.iarp.pl\/wp-content\/uploads\/2016\/12\/IMG_20161217_102023-768x431.jpg 768w, https:\/\/podkarpacka.iarp.pl\/wp-content\/uploads\/2016\/12\/IMG_20161217_102023.jpg 1040w\" sizes=\"auto, (max-width: 770px) 100vw, 770px\" \/><\/p>\n<p><img loading=\"lazy\" decoding=\"async\" class=\"size-full wp-image-1700 aligncenter\" src=\"https:\/\/podkarpacka.iarp.pl\/wp-content\/uploads\/2016\/12\/IMG_20161217_101851-1.jpg\" alt=\"\" width=\"931\" height=\"584\" srcset=\"https:\/\/podkarpacka.iarp.pl\/wp-content\/uploads\/2016\/12\/IMG_20161217_101851-1.jpg 931w, https:\/\/podkarpacka.iarp.pl\/wp-content\/uploads\/2016\/12\/IMG_20161217_101851-1-300x188.jpg 300w, https:\/\/podkarpacka.iarp.pl\/wp-content\/uploads\/2016\/12\/IMG_20161217_101851-1-768x482.jpg 768w\" sizes=\"auto, (max-width: 931px) 100vw, 931px\" \/><\/p>\n<p><img loading=\"lazy\" decoding=\"async\" class=\"aligncenter size-large wp-image-1701\" src=\"https:\/\/podkarpacka.iarp.pl\/wp-content\/uploads\/2016\/12\/IMG_20161217_101508-1024x575.jpg\" alt=\"\" width=\"770\" height=\"432\" srcset=\"https:\/\/podkarpacka.iarp.pl\/wp-content\/uploads\/2016\/12\/IMG_20161217_101508-1024x575.jpg 1024w, https:\/\/podkarpacka.iarp.pl\/wp-content\/uploads\/2016\/12\/IMG_20161217_101508-300x168.jpg 300w, https:\/\/podkarpacka.iarp.pl\/wp-content\/uploads\/2016\/12\/IMG_20161217_101508-768x431.jpg 768w, https:\/\/podkarpacka.iarp.pl\/wp-content\/uploads\/2016\/12\/IMG_20161217_101508.jpg 1040w\" sizes=\"auto, (max-width: 770px) 100vw, 770px\" \/><\/p>\n<p><img loading=\"lazy\" decoding=\"async\" class=\"size-full wp-image-1702 aligncenter\" src=\"https:\/\/podkarpacka.iarp.pl\/wp-content\/uploads\/2016\/12\/IMG_20161217_100843-1.jpg\" alt=\"\" width=\"854\" height=\"544\" srcset=\"https:\/\/podkarpacka.iarp.pl\/wp-content\/uploads\/2016\/12\/IMG_20161217_100843-1.jpg 854w, https:\/\/podkarpacka.iarp.pl\/wp-content\/uploads\/2016\/12\/IMG_20161217_100843-1-300x191.jpg 300w, https:\/\/podkarpacka.iarp.pl\/wp-content\/uploads\/2016\/12\/IMG_20161217_100843-1-768x489.jpg 768w\" sizes=\"auto, (max-width: 854px) 100vw, 854px\" \/><\/p>\n","protected":false},"excerpt":{"rendered":"<p>W Podkarpackiej Okr\u0119gowej Izbie Architekt\u00f3w RP\u00a0odby\u0142o si\u0119 uroczyste wr\u0119czanie decyzji o nadaniu uprawnie\u0144 budowlanych w sesji II\/2016. Wszystkim, kt\u00f3rzy otrzymali decyzje o nadaniu uprawnie\u0144, serdecznie gratulujemy i \u017cyczymy wielu sukces\u00f3w w wykonywaniu zawodu ! &nbsp; &nbsp;<\/p>\n","protected":false},"author":7,"featured_media":1689,"comment_status":"closed","ping_status":"open","sticky":false,"template":"","format":"standard","meta":{"footnotes":""},"categories":[56],"tags":[],"class_list":["post-1691","post","type-post","status-publish","format-standard","has-post-thumbnail","hentry","category-informacje-rady"],"publishpress_future_action":{"enabled":false,"date":"2026-05-05 12:30:18","action":"change-status","newStatus":"draft","terms":[],"taxonomy":"category","extraData":[]},"publishpress_future_workflow_manual_trigger":{"enabledWorkflows":[]},"_links":{"self":[{"href":"https:\/\/podkarpacka.iarp.pl\/index.php?rest_route=\/wp\/v2\/posts\/1691","targetHints":{"allow":["GET"]}}],"collection":[{"href":"https:\/\/podkarpacka.iarp.pl\/index.php?rest_route=\/wp\/v2\/posts"}],"about":[{"href":"https:\/\/podkarpacka.iarp.pl\/index.php?rest_route=\/wp\/v2\/types\/post"}],"author":[{"embeddable":true,"href":"https:\/\/podkarpacka.iarp.pl\/index.php?rest_route=\/wp\/v2\/users\/7"}],"replies":[{"embeddable":true,"href":"https:\/\/podkarpacka.iarp.pl\/index.php?rest_route=%2Fwp%2Fv2%2Fcomments&post=1691"}],"version-history":[{"count":4,"href":"https:\/\/podkarpacka.iarp.pl\/index.php?rest_route=\/wp\/v2\/posts\/1691\/revisions"}],"predecessor-version":[{"id":1707,"href":"https:\/\/podkarpacka.iarp.pl\/index.php?rest_route=\/wp\/v2\/posts\/1691\/revisions\/1707"}],"wp:featuredmedia":[{"embeddable":true,"href":"https:\/\/podkarpacka.iarp.pl\/index.php?rest_route=\/wp\/v2\/media\/1689"}],"wp:attachment":[{"href":"https:\/\/podkarpacka.iarp.pl\/index.php?rest_route=%2Fwp%2Fv2%2Fmedia&parent=1691"}],"wp:term":[{"taxonomy":"category","embeddable":true,"href":"https:\/\/podkarpacka.iarp.pl\/index.php?rest_route=%2Fwp%2Fv2%2Fcategories&post=1691"},{"taxonomy":"post_tag","embeddable":true,"href":"https:\/\/podkarpacka.iarp.pl\/index.php?rest_route=%2Fwp%2Fv2%2Ftags&post=1691"}],"curies":[{"name":"wp","href":"https:\/\/api.w.org\/{rel}","templated":true}]}}