{"id":1735,"date":"2016-12-31T06:45:02","date_gmt":"2016-12-31T04:45:02","guid":{"rendered":"http:\/\/podkarpacka.iarp.pl\/?p=1735"},"modified":"2016-12-31T06:45:41","modified_gmt":"2016-12-31T04:45:41","slug":"archi-beskidy-2017-program-i-rejestracja-uczestnika","status":"publish","type":"post","link":"https:\/\/podkarpacka.iarp.pl\/?p=1735","title":{"rendered":"ARCHI BESKIDY 2017 &#8211; PROGRAM i REJESTRACJA!"},"content":{"rendered":"<p>Kole\u017canki i Koledzy<\/p>\n<p>Decyzj\u0105 Zarz\u0105du SARP o. Rzesz\u00f3w zosta\u0142y podj\u0119te starania zorganizowania kolejnej edycji <strong>ARCHI-NART\u00a02017<\/strong> tym razem <strong>w Beskidach,<\/strong> w miejscowo\u015bci <strong>Szczyrk, w hotelu Zimnik<\/strong>.<\/p>\n<ul>\n<li><strong>Wyjazd odb\u0119dzie si\u0119 w dniach 22-24 luty 2017 r. zgodnie z do\u0142\u0105czonym programem.<\/strong><\/li>\n<li><strong>Zapisy i wp\u0142aty<\/strong> b\u0119d\u0105 prowadzone <strong>do 13 stycznia 2017 r.<\/strong><\/li>\n<\/ul>\n<p><strong>Zach\u0119camy do zapisania si\u0119 ju\u017c dzisiaj on-line. Poni\u017cej znajduje si\u0119 formularz rejestracji.<\/strong><\/p>\n<p><a href=\"http:\/\/rzeszow.sarp.org.pl\/index.php\/2016\/12\/31\/archibeskidy2017\/\"><img loading=\"lazy\" decoding=\"async\" class=\"aligncenter wp-image-1736 size-full\" src=\"https:\/\/podkarpacka.iarp.pl\/wp-content\/uploads\/2016\/12\/archinarty-program-rejestracja.jpg\" width=\"990\" height=\"420\" srcset=\"https:\/\/podkarpacka.iarp.pl\/wp-content\/uploads\/2016\/12\/archinarty-program-rejestracja.jpg 990w, https:\/\/podkarpacka.iarp.pl\/wp-content\/uploads\/2016\/12\/archinarty-program-rejestracja-300x127.jpg 300w, https:\/\/podkarpacka.iarp.pl\/wp-content\/uploads\/2016\/12\/archinarty-program-rejestracja-768x326.jpg 768w, https:\/\/podkarpacka.iarp.pl\/wp-content\/uploads\/2016\/12\/archinarty-program-rejestracja-600x255.jpg 600w\" sizes=\"auto, (max-width: 990px) 100vw, 990px\" \/><\/a><\/p>\n<hr \/>\n<p>Wp\u0142aty nale\u017cy dokonywa\u0107 na konto SARP nr: <strong>06 1240 2614 1111 0000 3958 6083 <\/strong><br \/>\n<strong>z dopiskiem:<\/strong> \u201e<strong>wp\u0142ata na cele statutowe<\/strong>\u201d- w nieprzekraczalnym terminie <strong>do 13 stycznia 2017r.<\/strong><\/p>\n<ul>\n<li>Odp\u0142atno\u015b\u0107 dla kole\u017canek i koleg\u00f3w- cz\u0142onkowie SARP oraz POIA-<strong> 100z\u0142<\/strong><\/li>\n<li>Pozostali ch\u0119tni, w miar\u0119 wolnych miejsc- pe\u0142na odp\u0142atno\u015b\u0107 za wyjazd- <strong>800z\u0142;<\/strong><\/li>\n<\/ul>\n<p>Serdecznie zapraszamy do udzia\u0142u.<\/p>\n","protected":false},"excerpt":{"rendered":"<p>Kole\u017canki i Koledzy Decyzj\u0105 Zarz\u0105du SARP o. Rzesz\u00f3w zosta\u0142y podj\u0119te starania zorganizowania kolejnej edycji ARCHI-NART\u00a02017 tym razem w Beskidach, w miejscowo\u015bci Szczyrk, w hotelu Zimnik. Wyjazd odb\u0119dzie si\u0119 w dniach 22-24 luty 2017 r. zgodnie z do\u0142\u0105czonym programem. Zapisy i wp\u0142aty b\u0119d\u0105 prowadzone do 13 stycznia 2017 r. Zach\u0119camy do zapisania si\u0119 ju\u017c dzisiaj on-line. [&hellip;]<\/p>\n","protected":false},"author":7,"featured_media":1736,"comment_status":"closed","ping_status":"open","sticky":false,"template":"","format":"standard","meta":{"footnotes":""},"categories":[69,66],"tags":[],"class_list":["post-1735","post","type-post","status-publish","format-standard","has-post-thumbnail","hentry","category-aktualnosci","category-polecane"],"publishpress_future_action":{"enabled":false,"date":"2026-05-05 12:32:21","action":"change-status","newStatus":"draft","terms":[],"taxonomy":"category","extraData":[]},"publishpress_future_workflow_manual_trigger":{"enabledWorkflows":[]},"_links":{"self":[{"href":"https:\/\/podkarpacka.iarp.pl\/index.php?rest_route=\/wp\/v2\/posts\/1735","targetHints":{"allow":["GET"]}}],"collection":[{"href":"https:\/\/podkarpacka.iarp.pl\/index.php?rest_route=\/wp\/v2\/posts"}],"about":[{"href":"https:\/\/podkarpacka.iarp.pl\/index.php?rest_route=\/wp\/v2\/types\/post"}],"author":[{"embeddable":true,"href":"https:\/\/podkarpacka.iarp.pl\/index.php?rest_route=\/wp\/v2\/users\/7"}],"replies":[{"embeddable":true,"href":"https:\/\/podkarpacka.iarp.pl\/index.php?rest_route=%2Fwp%2Fv2%2Fcomments&post=1735"}],"version-history":[{"count":3,"href":"https:\/\/podkarpacka.iarp.pl\/index.php?rest_route=\/wp\/v2\/posts\/1735\/revisions"}],"predecessor-version":[{"id":1740,"href":"https:\/\/podkarpacka.iarp.pl\/index.php?rest_route=\/wp\/v2\/posts\/1735\/revisions\/1740"}],"wp:featuredmedia":[{"embeddable":true,"href":"https:\/\/podkarpacka.iarp.pl\/index.php?rest_route=\/wp\/v2\/media\/1736"}],"wp:attachment":[{"href":"https:\/\/podkarpacka.iarp.pl\/index.php?rest_route=%2Fwp%2Fv2%2Fmedia&parent=1735"}],"wp:term":[{"taxonomy":"category","embeddable":true,"href":"https:\/\/podkarpacka.iarp.pl\/index.php?rest_route=%2Fwp%2Fv2%2Fcategories&post=1735"},{"taxonomy":"post_tag","embeddable":true,"href":"https:\/\/podkarpacka.iarp.pl\/index.php?rest_route=%2Fwp%2Fv2%2Ftags&post=1735"}],"curies":[{"name":"wp","href":"https:\/\/api.w.org\/{rel}","templated":true}]}}