{"id":1742,"date":"2017-01-18T14:01:06","date_gmt":"2017-01-18T12:01:06","guid":{"rendered":"http:\/\/podkarpacka.iarp.pl\/?p=1742"},"modified":"2017-02-17T21:11:51","modified_gmt":"2017-02-17T19:11:51","slug":"sasiedzkie-spotkanie-architektow","status":"publish","type":"post","link":"https:\/\/podkarpacka.iarp.pl\/?p=1742","title":{"rendered":"S\u0105siedzkie spotkanie architekt\u00f3w"},"content":{"rendered":"<p>W dniach 13 \u2013 15 stycznia 2017 r., w Nowym S\u0105czu i Muszynie odby\u0142o si\u0119 spotkanie architekt\u00f3w,\u00a0organizowane przez firm\u0119 FAKRO.<\/p>\n<p>W ramach spotkania, kt\u00f3re odby\u0142a si\u0119 w Muszynie, architekci mieli okazj\u0119 dyskutowa\u0107 o\u00a0przysz\u0142o\u015bci zawodu architekta w kontek\u015bcie planowanych zmian prawa.<\/p>\n<p>W dyskusji uczestniczyli architekci z pi\u0119ciu okr\u0119g\u00f3w: Ma\u0142opolskiego, \u015awi\u0119tokrzyskiego, \u015al\u0105skiego,\u00a0Opolskiego i Podkarpackiego.<\/p>\n","protected":false},"excerpt":{"rendered":"<p>W dniach 13 \u2013 15 stycznia 2017 r., w Nowym S\u0105czu i Muszynie odby\u0142o si\u0119 spotkanie architekt\u00f3w,\u00a0organizowane przez firm\u0119 FAKRO. W ramach spotkania, kt\u00f3re odby\u0142a si\u0119 w Muszynie, architekci mieli okazj\u0119 dyskutowa\u0107 o\u00a0przysz\u0142o\u015bci zawodu architekta w kontek\u015bcie planowanych zmian prawa. W dyskusji uczestniczyli architekci z pi\u0119ciu okr\u0119g\u00f3w: Ma\u0142opolskiego, \u015awi\u0119tokrzyskiego, \u015al\u0105skiego,\u00a0Opolskiego i Podkarpackiego.<\/p>\n","protected":false},"author":7,"featured_media":1745,"comment_status":"closed","ping_status":"open","sticky":false,"template":"","format":"standard","meta":{"footnotes":""},"categories":[56],"tags":[],"class_list":["post-1742","post","type-post","status-publish","format-standard","has-post-thumbnail","hentry","category-informacje-rady"],"publishpress_future_action":{"enabled":false,"date":"2026-05-08 18:41:52","action":"change-status","newStatus":"draft","terms":[],"taxonomy":"category","extraData":[]},"publishpress_future_workflow_manual_trigger":{"enabledWorkflows":[]},"_links":{"self":[{"href":"https:\/\/podkarpacka.iarp.pl\/index.php?rest_route=\/wp\/v2\/posts\/1742","targetHints":{"allow":["GET"]}}],"collection":[{"href":"https:\/\/podkarpacka.iarp.pl\/index.php?rest_route=\/wp\/v2\/posts"}],"about":[{"href":"https:\/\/podkarpacka.iarp.pl\/index.php?rest_route=\/wp\/v2\/types\/post"}],"author":[{"embeddable":true,"href":"https:\/\/podkarpacka.iarp.pl\/index.php?rest_route=\/wp\/v2\/users\/7"}],"replies":[{"embeddable":true,"href":"https:\/\/podkarpacka.iarp.pl\/index.php?rest_route=%2Fwp%2Fv2%2Fcomments&post=1742"}],"version-history":[{"count":1,"href":"https:\/\/podkarpacka.iarp.pl\/index.php?rest_route=\/wp\/v2\/posts\/1742\/revisions"}],"predecessor-version":[{"id":1744,"href":"https:\/\/podkarpacka.iarp.pl\/index.php?rest_route=\/wp\/v2\/posts\/1742\/revisions\/1744"}],"wp:featuredmedia":[{"embeddable":true,"href":"https:\/\/podkarpacka.iarp.pl\/index.php?rest_route=\/wp\/v2\/media\/1745"}],"wp:attachment":[{"href":"https:\/\/podkarpacka.iarp.pl\/index.php?rest_route=%2Fwp%2Fv2%2Fmedia&parent=1742"}],"wp:term":[{"taxonomy":"category","embeddable":true,"href":"https:\/\/podkarpacka.iarp.pl\/index.php?rest_route=%2Fwp%2Fv2%2Fcategories&post=1742"},{"taxonomy":"post_tag","embeddable":true,"href":"https:\/\/podkarpacka.iarp.pl\/index.php?rest_route=%2Fwp%2Fv2%2Ftags&post=1742"}],"curies":[{"name":"wp","href":"https:\/\/api.w.org\/{rel}","templated":true}]}}