{"id":1766,"date":"2017-02-17T20:42:56","date_gmt":"2017-02-17T18:42:56","guid":{"rendered":"http:\/\/podkarpacka.iarp.pl\/?p=1766"},"modified":"2017-02-17T21:35:33","modified_gmt":"2017-02-17T19:35:33","slug":"1766","status":"publish","type":"post","link":"https:\/\/podkarpacka.iarp.pl\/?p=1766","title":{"rendered":"[ 01.03.2017 ] BIM \u2013 Technologie cyfrowe i zarz\u0105dzanie projektami"},"content":{"rendered":"<div>\n<h2 class=\"lead\"><strong>Termin szkolenia: 01-03-2017<\/strong><\/h2>\n<p class=\"lead\"><strong>Miejsce: Rzesz\u00f3w, Rynek 8 (siedziba PKOIA RP)<\/strong><\/p>\n<hr \/>\n<h4><span style=\"color: #333333;\"><strong>BEZP\u0141ATNE SZKOLENIE DLA ARCHITEKT\u00d3W IARP<\/strong><\/span><\/h4>\n<blockquote>\n<h3><a href=\"https:\/\/szkolenia.iarp.pl\/szkolenie\/431\">BIM \u2013 Technologie cyfrowe i zarz\u0105dzanie projektami<\/a><\/h3>\n<\/blockquote>\n<hr \/>\n<h4><strong>Rejestracja do: 09:45, Szkolenie rozpocznie si\u0119 o: 10:00<\/strong><\/h4>\n<hr \/>\n<p style=\"text-align: justify;\">Szanowni Pa\u0144stwo,<\/p>\n<\/div>\n<div>Serdecznie zapraszamy wszystkich Cz\u0142onk\u00f3w PKOIA RP na bezp\u0142atne szkolenie IARP pn.: <strong>&#8220;BIM \u2013 Technologie cyfrowe i zarz\u0105dzanie projektami\u00a0&#8220;<\/strong>, kt\u00f3re odb\u0119dzie si\u0119 01\u00a0MARCA 2017 r. o godz. 09:45.<\/div>\n<div><\/div>\n<div>Miejscem szkolenia jest sala IARP (Rzesz\u00f3w, Rynek 8).<\/div>\n<div>Drogie kole\u017canki, drodzy koledzy &#8211; pami\u0119tajcie &#8211; liczba miejsc jest ograniczona, prosimy o jak najszybsze rezerwowanie miejsc!<\/div>\n<div><\/div>\n<div>\n<hr \/>\n<\/div>\n<div><\/div>\n<div>Seminarium poprowadzi:<\/div>\n<ul>\n<li>\u00a0<strong>mgr in\u017c. arch. Maciej Jamro\u017cy \u00a0<\/strong><\/li>\n<\/ul>\n<div><\/div>\n<div>Zapraszamy wszystkich ch\u0119tnych do zg\u0142aszania swojego uczestnictwa:<\/div>\n<div>\n<hr \/>\n<\/div>\n<div>\n<div><strong>Adres rejestracji:<\/strong><\/div>\n<ul>\n<li><a href=\"https:\/\/szkolenia.iarp.pl\/szkolenie\/431\">https:\/\/szkolenia.iarp.pl\/szkolenie\/431<\/a><\/li>\n<\/ul>\n<div><\/div>\n<\/div>\n<div>\n<hr \/>\n<\/div>\n<p><strong>09:45 &#8211; 10:00<\/strong><\/p>\n<p><strong>Rejestracja uczestnik\u00f3w i prezentacja sponsora nr &#8211; 1<\/strong><\/p>\n<p><strong>10:00 &#8211; 11:30<\/strong><\/p>\n<p><strong>Wprowadzenie do technologii BIM<\/strong><\/p>\n<p>\u00b7 Czym jest BIM i BIM Manager?<br \/>\n\u00b7 Wprowadzenie do technologii BIM i wsp\u00f3\u0142pracy mi\u0119dzybran\u017cowej.<br \/>\n\u00b7 Jak wykorzysta\u0107 BIM w praktyce?<br \/>\n\u00b7 Idea open BIM w praktyce<br \/>\n\u00b7 Przegl\u0105d oprogramowania<br \/>\n\u00b7 Analiza program\u00f3w do weryfikacji modeli IFC<br \/>\n\u00b7 Wsp\u00f3\u0142praca mi\u0119dzybran\u017cowa a BIM<br \/>\n\u00b7 Wprowadzenie do formatu IFC<br \/>\n\u00b7 Struktura modelu, klasyfikacja element\u00f3w w IFC<\/p>\n<p><strong>11:30 &#8211; 11:45<\/strong><br \/>\n<strong>Przerwa kawowa<\/strong><\/p>\n<p><strong>11:45 &#8211; 12:05<\/strong><br \/>\n<strong>Prezentacja sponsora &#8211; 2<\/strong><\/p>\n<p><strong>12:05 &#8211; 13:05<\/strong><\/p>\n<p><strong>BIM management w praktyce<\/strong><br \/>\nStudium przypadku \u2013 kolizje w projektach na przyk\u0142adach<br \/>\n\u00b7 Zarz\u0105dzanie kolizjami w projektach w Tekla BIMsight<br \/>\n\u00b7 Wyszukiwanie konflikt\u00f3w mi\u0119dzybran\u017cowych i reakcja na b\u0142\u0119dy<br \/>\n\u00b7 Komunikacja zespo\u0142u za pomoc\u0105 standardu BCF<br \/>\n\u00b7 Studium przypadku \u2013 generowanie zestawie\u0144, weryfikacja ilo\u015bci materia\u0142\u00f3w z koncepcji i z projektu<br \/>\n\u00b7 BIM Vision i kosztorysowania w oparciu o IFC<br \/>\n\u00b7 Poprawne modelowanie BIM i pope\u0142niane b\u0142\u0119dy<br \/>\n\u00b7 Wytyczne LOD (Level Of Detail) oraz LOI (Level of Information)<\/p>\n<p><strong>13:05 &#8211; 13:20<\/strong><br \/>\n<strong>Przerwa kawowa<\/strong><\/p>\n<p><strong>13:20 &#8211; 14:20<\/strong><\/p>\n<p><strong>BIM = przysz\u0142o\u015b\u0107?<\/strong><\/p>\n<p>\u00b7 Studium przypadku \u2013 Model BIM vs rysunki CAD<br \/>\n\u00b7 Weryfikacja modelu z dokumentacj\u0105 2D<br \/>\n\u00b7 Jak i kiedy wprowadza\u0107 BIM?<br \/>\n\u00b7 BIM w polskim prawie i jak to dzia\u0142a zagranic\u0105<\/p>\n<p>\u00b7 Pytania i dyskusja na temat BIM<\/p>\n<div><\/div>\n<p>&nbsp;<\/p>\n","protected":false},"excerpt":{"rendered":"<p>Termin szkolenia: 01-03-2017 Miejsce: Rzesz\u00f3w, Rynek 8 (siedziba PKOIA RP) BEZP\u0141ATNE SZKOLENIE DLA ARCHITEKT\u00d3W IARP BIM \u2013 Technologie cyfrowe i zarz\u0105dzanie projektami Rejestracja do: 09:45, Szkolenie rozpocznie si\u0119 o: 10:00 Szanowni Pa\u0144stwo, Serdecznie zapraszamy wszystkich Cz\u0142onk\u00f3w PKOIA RP na bezp\u0142atne szkolenie IARP pn.: &#8220;BIM \u2013 Technologie cyfrowe i zarz\u0105dzanie projektami\u00a0&#8220;, kt\u00f3re odb\u0119dzie si\u0119 01\u00a0MARCA 2017 [&hellip;]<\/p>\n","protected":false},"author":7,"featured_media":861,"comment_status":"closed","ping_status":"open","sticky":false,"template":"","format":"standard","meta":{"footnotes":""},"categories":[66,58],"tags":[],"class_list":["post-1766","post","type-post","status-publish","format-standard","has-post-thumbnail","hentry","category-polecane","category-szkolenia-certyfikowane"],"publishpress_future_action":{"enabled":false,"date":"2026-05-04 22:49:00","action":"change-status","newStatus":"draft","terms":[],"taxonomy":"category","extraData":[]},"publishpress_future_workflow_manual_trigger":{"enabledWorkflows":[]},"_links":{"self":[{"href":"https:\/\/podkarpacka.iarp.pl\/index.php?rest_route=\/wp\/v2\/posts\/1766","targetHints":{"allow":["GET"]}}],"collection":[{"href":"https:\/\/podkarpacka.iarp.pl\/index.php?rest_route=\/wp\/v2\/posts"}],"about":[{"href":"https:\/\/podkarpacka.iarp.pl\/index.php?rest_route=\/wp\/v2\/types\/post"}],"author":[{"embeddable":true,"href":"https:\/\/podkarpacka.iarp.pl\/index.php?rest_route=\/wp\/v2\/users\/7"}],"replies":[{"embeddable":true,"href":"https:\/\/podkarpacka.iarp.pl\/index.php?rest_route=%2Fwp%2Fv2%2Fcomments&post=1766"}],"version-history":[{"count":13,"href":"https:\/\/podkarpacka.iarp.pl\/index.php?rest_route=\/wp\/v2\/posts\/1766\/revisions"}],"predecessor-version":[{"id":1797,"href":"https:\/\/podkarpacka.iarp.pl\/index.php?rest_route=\/wp\/v2\/posts\/1766\/revisions\/1797"}],"wp:featuredmedia":[{"embeddable":true,"href":"https:\/\/podkarpacka.iarp.pl\/index.php?rest_route=\/wp\/v2\/media\/861"}],"wp:attachment":[{"href":"https:\/\/podkarpacka.iarp.pl\/index.php?rest_route=%2Fwp%2Fv2%2Fmedia&parent=1766"}],"wp:term":[{"taxonomy":"category","embeddable":true,"href":"https:\/\/podkarpacka.iarp.pl\/index.php?rest_route=%2Fwp%2Fv2%2Fcategories&post=1766"},{"taxonomy":"post_tag","embeddable":true,"href":"https:\/\/podkarpacka.iarp.pl\/index.php?rest_route=%2Fwp%2Fv2%2Ftags&post=1766"}],"curies":[{"name":"wp","href":"https:\/\/api.w.org\/{rel}","templated":true}]}}