{"id":1769,"date":"2017-02-17T18:28:50","date_gmt":"2017-02-17T16:28:50","guid":{"rendered":"http:\/\/podkarpacka.iarp.pl\/?p=1769"},"modified":"2017-02-18T01:20:43","modified_gmt":"2017-02-17T23:20:43","slug":"wystawa-i-rozdanie-nagrod-vi-edycji-konkursu-dla-dzieci-dom-moich-marzen-2016","status":"publish","type":"post","link":"https:\/\/podkarpacka.iarp.pl\/?p=1769","title":{"rendered":"Wystawa i rozdanie nagr\u00f3d VI edycji Konkursu dla dzieci \u2013 \u201eDom Moich Marze\u0144\u201d 2016"},"content":{"rendered":"<h2><strong>17 lutego 2017 roku odby\u0142o si\u0119 rozdanie nagr\u00f3d w konkursie Podkarpackiej Okr\u0119gowej Izby Architekt\u00f3w RP na \u201eDom moich marze\u0144\u201d<\/strong><\/h2>\n<p>W Konkursie Dom Moich Marze\u0144 bior\u0105 udzia\u0142 uczniowie klas IV podkarpackich szk\u00f3\u0142, kt\u00f3re zg\u0142osi\u0142y ch\u0119\u0107 wzi\u0119cia udzia\u0142u\u00a0w Archi-Przygodzie.<br \/>\nInspiracj\u0105 do stworzenia pracy plastycznej Domu s\u0105 wyk\u0142ady i warsztaty z kolegami architektami prowadzone w charakterze\u00a0ciekawostki. Prezentacje oraz pogadanki na temat architektury maj\u0105 pobudzi\u0107 dzieci do tw\u00f3rczego my\u015blenia o domu przyst\u0105pieniem do tworzenia prac plastycznych w ramach lekcji plastyki.<\/p>\n<p><strong><a href=\"https:\/\/podkarpacka.iarp.pl\/wp-content\/uploads\/2017\/02\/Dom-Moich-Marze\u0144-SARP-Rzesz\u00f3w-7.jpg\"><img loading=\"lazy\" decoding=\"async\" class=\"alignnone wp-image-1787 size-large\" src=\"https:\/\/podkarpacka.iarp.pl\/wp-content\/uploads\/2017\/02\/Dom-Moich-Marze\u0144-SARP-Rzesz\u00f3w-7-1024x239.jpg\" width=\"770\" height=\"180\" srcset=\"https:\/\/podkarpacka.iarp.pl\/wp-content\/uploads\/2017\/02\/Dom-Moich-Marze\u0144-SARP-Rzesz\u00f3w-7-1024x239.jpg 1024w, https:\/\/podkarpacka.iarp.pl\/wp-content\/uploads\/2017\/02\/Dom-Moich-Marze\u0144-SARP-Rzesz\u00f3w-7-300x70.jpg 300w, https:\/\/podkarpacka.iarp.pl\/wp-content\/uploads\/2017\/02\/Dom-Moich-Marze\u0144-SARP-Rzesz\u00f3w-7-768x180.jpg 768w, https:\/\/podkarpacka.iarp.pl\/wp-content\/uploads\/2017\/02\/Dom-Moich-Marze\u0144-SARP-Rzesz\u00f3w-7.jpg 1920w\" sizes=\"auto, (max-width: 770px) 100vw, 770px\" \/><\/a><\/strong><\/p>\n<p><strong>Konkurs w liczbach:<\/strong><\/p>\n<ul>\n<li>W tym roku w Konkursie udzia\u0142 udzia\u0142 <strong>21 Szk\u00f3\u0142 Podstawowych z Rzeszowa, \u0141a\u0144cuta, Krosna i Przemy\u015bla.<\/strong><\/li>\n<li>Do Podkarpackiej Okr\u0119gowej Izby Architekt\u00f3w sp\u0142yn\u0119\u0142o <strong>420 prac<\/strong><\/li>\n<li>Prace ocenia\u0142o jury z\u0142o\u017cone z 1<strong>0 aktywnych zawodowo architekt\u00f3w, kt\u00f3rzy prowadzili wcze\u015bniej warsztaty ze zg\u0142aszaj\u0105cymi si\u0119 klasami.\u00a0<\/strong><\/li>\n<li><strong>Wyr\u00f3\u017cnionych zosta\u0142o o 38 prac<\/strong><\/li>\n<li><strong>Nagrodzonych &#8211; 7<\/strong><\/li>\n<li>Dodatkowo, w Konkursie <strong>nagrodzili\u015bmy 4 szko\u0142y,<\/strong>\u00a0kt\u00f3rych klasy wyr\u00f3\u017cnia\u0142y si\u0119 wysokim poziomem\u00a0przes\u0142anych prac.<\/li>\n<li>Wszystkie <strong>Panie nauczycielki<\/strong>, kt\u00f3re prowadzi\u0142y lekcje podczas kt\u00f3rych powsta\u0142y prace konkursowe otrzyma\u0142y <strong>nagrody za zaanga\u017cowanie<\/strong><\/li>\n<\/ul>\n<p><strong>Nagrodzone prace uwiecznione zosta\u0142y\u00a0na wydanym specjalnie z tej okazji\u00a0Kalendarzu na 2017r.<\/strong><\/p>\n<p><a href=\"https:\/\/podkarpacka.iarp.pl\/wp-content\/uploads\/2017\/02\/Dom-Moich-Marze\u0144-SARP-Rzesz\u00f3w-Kalendarz-VI-Edycja.jpg\"><img loading=\"lazy\" decoding=\"async\" class=\"alignnone wp-image-1803 size-large\" src=\"https:\/\/podkarpacka.iarp.pl\/wp-content\/uploads\/2017\/02\/Dom-Moich-Marze\u0144-SARP-Rzesz\u00f3w-Kalendarz-VI-Edycja-708x1024.jpg\" width=\"708\" height=\"1024\" srcset=\"https:\/\/podkarpacka.iarp.pl\/wp-content\/uploads\/2017\/02\/Dom-Moich-Marze\u0144-SARP-Rzesz\u00f3w-Kalendarz-VI-Edycja-708x1024.jpg 708w, https:\/\/podkarpacka.iarp.pl\/wp-content\/uploads\/2017\/02\/Dom-Moich-Marze\u0144-SARP-Rzesz\u00f3w-Kalendarz-VI-Edycja-207x300.jpg 207w, https:\/\/podkarpacka.iarp.pl\/wp-content\/uploads\/2017\/02\/Dom-Moich-Marze\u0144-SARP-Rzesz\u00f3w-Kalendarz-VI-Edycja-768x1110.jpg 768w, https:\/\/podkarpacka.iarp.pl\/wp-content\/uploads\/2017\/02\/Dom-Moich-Marze\u0144-SARP-Rzesz\u00f3w-Kalendarz-VI-Edycja.jpg 1920w\" sizes=\"auto, (max-width: 708px) 100vw, 708px\" \/><\/a><br \/>\nPodczas ceremonii rozdania nagr\u00f3d i wyr\u00f3\u017cnie\u0144 (uczniowie otrzymywali ksi\u0105\u017cki oraz dyplomy i prezenty), ka\u017cdy z rodzic\u00f3w m\u00f3g\u0142 r\u00f3wnie\u017c otrzyma\u0107 unikalny, wyprodukowany specjalnie na t\u0119 okazj\u0119 kalendarz.<br \/>\nPo uroczysto\u015bci ch\u0119tni mieli mo\u017cliwo\u015b\u0107 odbycia wycieczki po Rzeszowskiej Trasie Turystycznej.<\/p>\n<p style=\"text-align: center;\"><strong>Wystaw\u0119 ogl\u0105da\u0107 mo\u017cna do ko\u0144ca lutego 2017r. w hallu Podziemnej Trasy Turystycznej na Rzeszowskim Rynku.<\/strong><\/p>\n<p style=\"text-align: center;\"><strong>Serdecznie zapraszamy! Dom widziany oczami dziecka nie jest zwyk\u0142ym domem.<\/strong><\/p>\n<p style=\"text-align: left;\">Zapraszamy do obejrzenia kilku zdj\u0119\u0107 z kolorowego spotkania.<\/p>\n<div id=\"attachment_1779\" style=\"width: 780px\" class=\"wp-caption alignnone\"><a href=\"https:\/\/podkarpacka.iarp.pl\/wp-content\/uploads\/2017\/02\/Dom-Moich-Marze\u0144-SARP-Rzesz\u00f3.jpg\"><img loading=\"lazy\" decoding=\"async\" aria-describedby=\"caption-attachment-1779\" class=\"wp-image-1779 size-large\" src=\"https:\/\/podkarpacka.iarp.pl\/wp-content\/uploads\/2017\/02\/Dom-Moich-Marze\u0144-SARP-Rzesz\u00f3-1024x576.jpg\" width=\"770\" height=\"433\" srcset=\"https:\/\/podkarpacka.iarp.pl\/wp-content\/uploads\/2017\/02\/Dom-Moich-Marze\u0144-SARP-Rzesz\u00f3-1024x576.jpg 1024w, https:\/\/podkarpacka.iarp.pl\/wp-content\/uploads\/2017\/02\/Dom-Moich-Marze\u0144-SARP-Rzesz\u00f3-300x169.jpg 300w, https:\/\/podkarpacka.iarp.pl\/wp-content\/uploads\/2017\/02\/Dom-Moich-Marze\u0144-SARP-Rzesz\u00f3-768x432.jpg 768w, https:\/\/podkarpacka.iarp.pl\/wp-content\/uploads\/2017\/02\/Dom-Moich-Marze\u0144-SARP-Rzesz\u00f3.jpg 1920w\" sizes=\"auto, (max-width: 770px) 100vw, 770px\" \/><\/a><p id=\"caption-attachment-1779\" class=\"wp-caption-text\">W tym roku w czasie rozdania nagr\u00f3d by\u0142o nas bardzo du\u017co!<\/p><\/div>\n<p><strong>Uczniowie wyr\u00f3\u017cnieni w Konkursie Dom Moich Marze\u0144:<\/strong><\/p>\n<p><a href=\"https:\/\/podkarpacka.iarp.pl\/wp-content\/uploads\/2017\/02\/Dom-Moich-Marze\u0144-SARP-Rzesz\u00f3w-9.jpg\"><img loading=\"lazy\" decoding=\"async\" class=\"alignnone wp-image-1777 size-large\" src=\"https:\/\/podkarpacka.iarp.pl\/wp-content\/uploads\/2017\/02\/Dom-Moich-Marze\u0144-SARP-Rzesz\u00f3w-9-1024x576.jpg\" width=\"770\" height=\"433\" srcset=\"https:\/\/podkarpacka.iarp.pl\/wp-content\/uploads\/2017\/02\/Dom-Moich-Marze\u0144-SARP-Rzesz\u00f3w-9-1024x576.jpg 1024w, https:\/\/podkarpacka.iarp.pl\/wp-content\/uploads\/2017\/02\/Dom-Moich-Marze\u0144-SARP-Rzesz\u00f3w-9-300x169.jpg 300w, https:\/\/podkarpacka.iarp.pl\/wp-content\/uploads\/2017\/02\/Dom-Moich-Marze\u0144-SARP-Rzesz\u00f3w-9-768x432.jpg 768w, https:\/\/podkarpacka.iarp.pl\/wp-content\/uploads\/2017\/02\/Dom-Moich-Marze\u0144-SARP-Rzesz\u00f3w-9.jpg 1920w\" sizes=\"auto, (max-width: 770px) 100vw, 770px\" \/><\/a><\/p>\n<p><strong>Laureaci nagr\u00f3d w Konkursie Dom Moich Marze\u0144:<\/strong><\/p>\n<p><a href=\"https:\/\/podkarpacka.iarp.pl\/wp-content\/uploads\/2017\/02\/Dom-Moich-Marze\u0144-SARP-Rzesz\u00f3w-1.jpg\"><img loading=\"lazy\" decoding=\"async\" class=\"alignnone wp-image-1781 size-large\" src=\"https:\/\/podkarpacka.iarp.pl\/wp-content\/uploads\/2017\/02\/Dom-Moich-Marze\u0144-SARP-Rzesz\u00f3w-1-1024x576.jpg\" width=\"770\" height=\"433\" srcset=\"https:\/\/podkarpacka.iarp.pl\/wp-content\/uploads\/2017\/02\/Dom-Moich-Marze\u0144-SARP-Rzesz\u00f3w-1-1024x576.jpg 1024w, https:\/\/podkarpacka.iarp.pl\/wp-content\/uploads\/2017\/02\/Dom-Moich-Marze\u0144-SARP-Rzesz\u00f3w-1-300x169.jpg 300w, https:\/\/podkarpacka.iarp.pl\/wp-content\/uploads\/2017\/02\/Dom-Moich-Marze\u0144-SARP-Rzesz\u00f3w-1-768x432.jpg 768w, https:\/\/podkarpacka.iarp.pl\/wp-content\/uploads\/2017\/02\/Dom-Moich-Marze\u0144-SARP-Rzesz\u00f3w-1.jpg 1920w\" sizes=\"auto, (max-width: 770px) 100vw, 770px\" \/><\/a><img loading=\"lazy\" decoding=\"async\" class=\"alignnone wp-image-1782 size-large\" src=\"https:\/\/podkarpacka.iarp.pl\/wp-content\/uploads\/2017\/02\/Dom-Moich-Marze\u0144-SARP-Rzesz\u00f3w-2-1024x656.jpg\" width=\"770\" height=\"493\" srcset=\"https:\/\/podkarpacka.iarp.pl\/wp-content\/uploads\/2017\/02\/Dom-Moich-Marze\u0144-SARP-Rzesz\u00f3w-2-1024x656.jpg 1024w, https:\/\/podkarpacka.iarp.pl\/wp-content\/uploads\/2017\/02\/Dom-Moich-Marze\u0144-SARP-Rzesz\u00f3w-2-300x192.jpg 300w, https:\/\/podkarpacka.iarp.pl\/wp-content\/uploads\/2017\/02\/Dom-Moich-Marze\u0144-SARP-Rzesz\u00f3w-2-768x492.jpg 768w, https:\/\/podkarpacka.iarp.pl\/wp-content\/uploads\/2017\/02\/Dom-Moich-Marze\u0144-SARP-Rzesz\u00f3w-2.jpg 1920w\" sizes=\"auto, (max-width: 770px) 100vw, 770px\" \/><a href=\"https:\/\/podkarpacka.iarp.pl\/wp-content\/uploads\/2017\/02\/Dom-Moich-Marze\u0144-SARP-Rzesz\u00f3w-3.jpg\"><img loading=\"lazy\" decoding=\"async\" class=\"alignnone wp-image-1783 size-large\" src=\"https:\/\/podkarpacka.iarp.pl\/wp-content\/uploads\/2017\/02\/Dom-Moich-Marze\u0144-SARP-Rzesz\u00f3w-3-1024x576.jpg\" width=\"770\" height=\"433\" srcset=\"https:\/\/podkarpacka.iarp.pl\/wp-content\/uploads\/2017\/02\/Dom-Moich-Marze\u0144-SARP-Rzesz\u00f3w-3-1024x576.jpg 1024w, https:\/\/podkarpacka.iarp.pl\/wp-content\/uploads\/2017\/02\/Dom-Moich-Marze\u0144-SARP-Rzesz\u00f3w-3-300x169.jpg 300w, https:\/\/podkarpacka.iarp.pl\/wp-content\/uploads\/2017\/02\/Dom-Moich-Marze\u0144-SARP-Rzesz\u00f3w-3-768x432.jpg 768w, https:\/\/podkarpacka.iarp.pl\/wp-content\/uploads\/2017\/02\/Dom-Moich-Marze\u0144-SARP-Rzesz\u00f3w-3.jpg 1920w\" sizes=\"auto, (max-width: 770px) 100vw, 770px\" \/><\/a><a href=\"https:\/\/podkarpacka.iarp.pl\/wp-content\/uploads\/2017\/02\/Dom-Moich-Marze\u0144-SARP-Rzesz\u00f3w-4.jpg\"><img loading=\"lazy\" decoding=\"async\" class=\"alignnone wp-image-1784 size-large\" src=\"https:\/\/podkarpacka.iarp.pl\/wp-content\/uploads\/2017\/02\/Dom-Moich-Marze\u0144-SARP-Rzesz\u00f3w-4-1024x576.jpg\" width=\"770\" height=\"433\" srcset=\"https:\/\/podkarpacka.iarp.pl\/wp-content\/uploads\/2017\/02\/Dom-Moich-Marze\u0144-SARP-Rzesz\u00f3w-4-1024x576.jpg 1024w, https:\/\/podkarpacka.iarp.pl\/wp-content\/uploads\/2017\/02\/Dom-Moich-Marze\u0144-SARP-Rzesz\u00f3w-4-300x169.jpg 300w, https:\/\/podkarpacka.iarp.pl\/wp-content\/uploads\/2017\/02\/Dom-Moich-Marze\u0144-SARP-Rzesz\u00f3w-4-768x432.jpg 768w, https:\/\/podkarpacka.iarp.pl\/wp-content\/uploads\/2017\/02\/Dom-Moich-Marze\u0144-SARP-Rzesz\u00f3w-4.jpg 1920w\" sizes=\"auto, (max-width: 770px) 100vw, 770px\" \/><\/a><a href=\"https:\/\/podkarpacka.iarp.pl\/wp-content\/uploads\/2017\/02\/Dom-Moich-Marze\u0144-SARP-Rzesz\u00f3w-5.jpg\"><img loading=\"lazy\" decoding=\"async\" class=\"alignnone wp-image-1785 size-large\" src=\"https:\/\/podkarpacka.iarp.pl\/wp-content\/uploads\/2017\/02\/Dom-Moich-Marze\u0144-SARP-Rzesz\u00f3w-5-1024x576.jpg\" width=\"770\" height=\"433\" srcset=\"https:\/\/podkarpacka.iarp.pl\/wp-content\/uploads\/2017\/02\/Dom-Moich-Marze\u0144-SARP-Rzesz\u00f3w-5-1024x576.jpg 1024w, https:\/\/podkarpacka.iarp.pl\/wp-content\/uploads\/2017\/02\/Dom-Moich-Marze\u0144-SARP-Rzesz\u00f3w-5-300x169.jpg 300w, https:\/\/podkarpacka.iarp.pl\/wp-content\/uploads\/2017\/02\/Dom-Moich-Marze\u0144-SARP-Rzesz\u00f3w-5-768x432.jpg 768w, https:\/\/podkarpacka.iarp.pl\/wp-content\/uploads\/2017\/02\/Dom-Moich-Marze\u0144-SARP-Rzesz\u00f3w-5.jpg 1920w\" sizes=\"auto, (max-width: 770px) 100vw, 770px\" \/><\/a><a href=\"https:\/\/podkarpacka.iarp.pl\/wp-content\/uploads\/2017\/02\/Dom-Moich-Marze\u0144-SARP-Rzesz\u00f3w-6.jpg\"><img loading=\"lazy\" decoding=\"async\" class=\"alignnone wp-image-1786 size-large\" src=\"https:\/\/podkarpacka.iarp.pl\/wp-content\/uploads\/2017\/02\/Dom-Moich-Marze\u0144-SARP-Rzesz\u00f3w-6-1024x576.jpg\" width=\"770\" height=\"433\" srcset=\"https:\/\/podkarpacka.iarp.pl\/wp-content\/uploads\/2017\/02\/Dom-Moich-Marze\u0144-SARP-Rzesz\u00f3w-6-1024x576.jpg 1024w, https:\/\/podkarpacka.iarp.pl\/wp-content\/uploads\/2017\/02\/Dom-Moich-Marze\u0144-SARP-Rzesz\u00f3w-6-300x169.jpg 300w, https:\/\/podkarpacka.iarp.pl\/wp-content\/uploads\/2017\/02\/Dom-Moich-Marze\u0144-SARP-Rzesz\u00f3w-6-768x432.jpg 768w, https:\/\/podkarpacka.iarp.pl\/wp-content\/uploads\/2017\/02\/Dom-Moich-Marze\u0144-SARP-Rzesz\u00f3w-6.jpg 1920w\" sizes=\"auto, (max-width: 770px) 100vw, 770px\" \/><\/a><a href=\"https:\/\/podkarpacka.iarp.pl\/wp-content\/uploads\/2017\/02\/Dom-Moich-Marze\u0144-SARP-Rzesz\u00f3w-8.jpg\"><img loading=\"lazy\" decoding=\"async\" class=\"alignnone wp-image-1788 size-large\" src=\"https:\/\/podkarpacka.iarp.pl\/wp-content\/uploads\/2017\/02\/Dom-Moich-Marze\u0144-SARP-Rzesz\u00f3w-8-1024x576.jpg\" width=\"770\" height=\"433\" srcset=\"https:\/\/podkarpacka.iarp.pl\/wp-content\/uploads\/2017\/02\/Dom-Moich-Marze\u0144-SARP-Rzesz\u00f3w-8-1024x576.jpg 1024w, https:\/\/podkarpacka.iarp.pl\/wp-content\/uploads\/2017\/02\/Dom-Moich-Marze\u0144-SARP-Rzesz\u00f3w-8-300x169.jpg 300w, https:\/\/podkarpacka.iarp.pl\/wp-content\/uploads\/2017\/02\/Dom-Moich-Marze\u0144-SARP-Rzesz\u00f3w-8-768x432.jpg 768w, https:\/\/podkarpacka.iarp.pl\/wp-content\/uploads\/2017\/02\/Dom-Moich-Marze\u0144-SARP-Rzesz\u00f3w-8-600x338.jpg 600w, https:\/\/podkarpacka.iarp.pl\/wp-content\/uploads\/2017\/02\/Dom-Moich-Marze\u0144-SARP-Rzesz\u00f3w-8.jpg 1920w\" sizes=\"auto, (max-width: 770px) 100vw, 770px\" \/><\/a><\/p>\n<p><a href=\"https:\/\/podkarpacka.iarp.pl\/wp-content\/uploads\/2017\/02\/Dom-Moich-Marze\u0144-SARP-Rzesz\u00f3w.jpg\"><img loading=\"lazy\" decoding=\"async\" class=\"alignnone wp-image-1780 size-large\" src=\"https:\/\/podkarpacka.iarp.pl\/wp-content\/uploads\/2017\/02\/Dom-Moich-Marze\u0144-SARP-Rzesz\u00f3w-1024x576.jpg\" width=\"770\" height=\"433\" srcset=\"https:\/\/podkarpacka.iarp.pl\/wp-content\/uploads\/2017\/02\/Dom-Moich-Marze\u0144-SARP-Rzesz\u00f3w-1024x576.jpg 1024w, https:\/\/podkarpacka.iarp.pl\/wp-content\/uploads\/2017\/02\/Dom-Moich-Marze\u0144-SARP-Rzesz\u00f3w-300x169.jpg 300w, https:\/\/podkarpacka.iarp.pl\/wp-content\/uploads\/2017\/02\/Dom-Moich-Marze\u0144-SARP-Rzesz\u00f3w-768x432.jpg 768w, https:\/\/podkarpacka.iarp.pl\/wp-content\/uploads\/2017\/02\/Dom-Moich-Marze\u0144-SARP-Rzesz\u00f3w.jpg 1920w\" sizes=\"auto, (max-width: 770px) 100vw, 770px\" \/><\/a><\/p>\n<p><strong>Dzi\u0119kujemy wszystkim zaanga\u017cowanym i zapraszamy na VII Edycj\u0119 Konkursu, kt\u00f3ra rozpocznie si\u0119 w jesieni 2017 a jej wyniki zobaczymy na pocz\u0105tku 2018 roku.<\/strong><\/p>\n","protected":false},"excerpt":{"rendered":"<p>17 lutego 2017 roku odby\u0142o si\u0119 rozdanie nagr\u00f3d w konkursie Podkarpackiej Okr\u0119gowej Izby Architekt\u00f3w RP na \u201eDom moich marze\u0144\u201d W Konkursie Dom Moich Marze\u0144 bior\u0105 udzia\u0142 uczniowie klas IV podkarpackich szk\u00f3\u0142, kt\u00f3re zg\u0142osi\u0142y ch\u0119\u0107 wzi\u0119cia udzia\u0142u\u00a0w Archi-Przygodzie. Inspiracj\u0105 do stworzenia pracy plastycznej Domu s\u0105 wyk\u0142ady i warsztaty z kolegami architektami prowadzone w charakterze\u00a0ciekawostki. Prezentacje oraz [&hellip;]<\/p>\n","protected":false},"author":7,"featured_media":1788,"comment_status":"closed","ping_status":"open","sticky":false,"template":"","format":"standard","meta":{"footnotes":""},"categories":[62,55],"tags":[],"class_list":["post-1769","post","type-post","status-publish","format-standard","has-post-thumbnail","hentry","category-konkursy","category-wydarzenia"],"publishpress_future_action":{"enabled":false,"date":"2026-05-05 04:46:41","action":"change-status","newStatus":"draft","terms":[],"taxonomy":"category","extraData":[]},"publishpress_future_workflow_manual_trigger":{"enabledWorkflows":[]},"_links":{"self":[{"href":"https:\/\/podkarpacka.iarp.pl\/index.php?rest_route=\/wp\/v2\/posts\/1769","targetHints":{"allow":["GET"]}}],"collection":[{"href":"https:\/\/podkarpacka.iarp.pl\/index.php?rest_route=\/wp\/v2\/posts"}],"about":[{"href":"https:\/\/podkarpacka.iarp.pl\/index.php?rest_route=\/wp\/v2\/types\/post"}],"author":[{"embeddable":true,"href":"https:\/\/podkarpacka.iarp.pl\/index.php?rest_route=\/wp\/v2\/users\/7"}],"replies":[{"embeddable":true,"href":"https:\/\/podkarpacka.iarp.pl\/index.php?rest_route=%2Fwp%2Fv2%2Fcomments&post=1769"}],"version-history":[{"count":7,"href":"https:\/\/podkarpacka.iarp.pl\/index.php?rest_route=\/wp\/v2\/posts\/1769\/revisions"}],"predecessor-version":[{"id":1818,"href":"https:\/\/podkarpacka.iarp.pl\/index.php?rest_route=\/wp\/v2\/posts\/1769\/revisions\/1818"}],"wp:featuredmedia":[{"embeddable":true,"href":"https:\/\/podkarpacka.iarp.pl\/index.php?rest_route=\/wp\/v2\/media\/1788"}],"wp:attachment":[{"href":"https:\/\/podkarpacka.iarp.pl\/index.php?rest_route=%2Fwp%2Fv2%2Fmedia&parent=1769"}],"wp:term":[{"taxonomy":"category","embeddable":true,"href":"https:\/\/podkarpacka.iarp.pl\/index.php?rest_route=%2Fwp%2Fv2%2Fcategories&post=1769"},{"taxonomy":"post_tag","embeddable":true,"href":"https:\/\/podkarpacka.iarp.pl\/index.php?rest_route=%2Fwp%2Fv2%2Ftags&post=1769"}],"curies":[{"name":"wp","href":"https:\/\/api.w.org\/{rel}","templated":true}]}}