{"id":1799,"date":"2016-01-09T21:55:10","date_gmt":"2016-01-09T19:55:10","guid":{"rendered":"http:\/\/podkarpacka.iarp.pl\/?p=1799"},"modified":"2017-10-13T13:39:20","modified_gmt":"2017-10-13T11:39:20","slug":"wernisaz-i-rozdanie-nagrod-v-edycji-konkursu-dom-moich-marzen-2015-w-krosnie","status":"publish","type":"post","link":"https:\/\/podkarpacka.iarp.pl\/?p=1799","title":{"rendered":"Wernisa\u017c i Rozdanie Nagr\u00f3d V Edycji Konkursu Dom moich Marze\u0144 2015 w Kro\u015bnie"},"content":{"rendered":"<h2 style=\"text-align: justify;\"><strong>LAUREACI I EDYCJI KONKURSU \u2013 \u201cDOM MOICH MARZE\u0143 2015\u201d<\/strong><\/h2>\n<p style=\"text-align: justify;\">Wernisa\u017c\u00a0nagr\u00f3d V Edycji Konkursu Dom Moich Marze\u0144 odby\u0142 si\u0119 r\u00f3wnie\u017c 14 kwietnia 2016r w Kro\u015bnie.<\/p>\n<p style=\"text-align: justify;\">Uczniowie, kt\u00f3rzy nie mogli <a href=\"https:\/\/podkarpacka.iarp.pl\/?p=1411\">odebra\u0107 nagr\u00f3d w Rzeszowie<\/a> odebrali je podczas uroczysto\u015bci, kt\u00f3re odby\u0142o si\u0119 w hallu Domu Kultury w Kro\u015bnie.<\/p>\n<p style=\"text-align: justify;\"><a href=\"https:\/\/podkarpacka.iarp.pl\/wp-content\/uploads\/2017\/02\/Dom-moich-marze\u0144-w-kro\u015bnie-SARP-Rzesz\u00f3w-1.jpg\"><img loading=\"lazy\" decoding=\"async\" class=\"alignnone wp-image-1805 size-large\" src=\"https:\/\/podkarpacka.iarp.pl\/wp-content\/uploads\/2017\/02\/Dom-moich-marze\u0144-w-kro\u015bnie-SARP-Rzesz\u00f3w-1-1024x680.jpg\" width=\"770\" height=\"511\" srcset=\"https:\/\/podkarpacka.iarp.pl\/wp-content\/uploads\/2017\/02\/Dom-moich-marze\u0144-w-kro\u015bnie-SARP-Rzesz\u00f3w-1-1024x680.jpg 1024w, https:\/\/podkarpacka.iarp.pl\/wp-content\/uploads\/2017\/02\/Dom-moich-marze\u0144-w-kro\u015bnie-SARP-Rzesz\u00f3w-1-300x199.jpg 300w, https:\/\/podkarpacka.iarp.pl\/wp-content\/uploads\/2017\/02\/Dom-moich-marze\u0144-w-kro\u015bnie-SARP-Rzesz\u00f3w-1-768x510.jpg 768w, https:\/\/podkarpacka.iarp.pl\/wp-content\/uploads\/2017\/02\/Dom-moich-marze\u0144-w-kro\u015bnie-SARP-Rzesz\u00f3w-1.jpg 1920w\" sizes=\"auto, (max-width: 770px) 100vw, 770px\" \/><\/a><\/p>\n<p style=\"text-align: justify;\"><a href=\"https:\/\/podkarpacka.iarp.pl\/wp-content\/uploads\/2017\/02\/Dom-moich-marze\u0144-w-kro\u015bnie-SARP-Rzesz\u00f3w-11.jpg\"><img loading=\"lazy\" decoding=\"async\" class=\"alignnone wp-image-1815 size-large\" src=\"https:\/\/podkarpacka.iarp.pl\/wp-content\/uploads\/2017\/02\/Dom-moich-marze\u0144-w-kro\u015bnie-SARP-Rzesz\u00f3w-11-1024x680.jpg\" width=\"770\" height=\"511\" srcset=\"https:\/\/podkarpacka.iarp.pl\/wp-content\/uploads\/2017\/02\/Dom-moich-marze\u0144-w-kro\u015bnie-SARP-Rzesz\u00f3w-11-1024x680.jpg 1024w, https:\/\/podkarpacka.iarp.pl\/wp-content\/uploads\/2017\/02\/Dom-moich-marze\u0144-w-kro\u015bnie-SARP-Rzesz\u00f3w-11-300x199.jpg 300w, https:\/\/podkarpacka.iarp.pl\/wp-content\/uploads\/2017\/02\/Dom-moich-marze\u0144-w-kro\u015bnie-SARP-Rzesz\u00f3w-11-768x510.jpg 768w, https:\/\/podkarpacka.iarp.pl\/wp-content\/uploads\/2017\/02\/Dom-moich-marze\u0144-w-kro\u015bnie-SARP-Rzesz\u00f3w-11.jpg 1920w\" sizes=\"auto, (max-width: 770px) 100vw, 770px\" \/><\/a><\/p>\n<p style=\"text-align: justify;\"><a href=\"https:\/\/podkarpacka.iarp.pl\/wp-content\/uploads\/2017\/02\/Dom-moich-marze\u0144-w-kro\u015bnie-SARP-Rzesz\u00f3w-10.jpg\"><img loading=\"lazy\" decoding=\"async\" class=\"alignnone wp-image-1814 size-large\" src=\"https:\/\/podkarpacka.iarp.pl\/wp-content\/uploads\/2017\/02\/Dom-moich-marze\u0144-w-kro\u015bnie-SARP-Rzesz\u00f3w-10-1024x680.jpg\" width=\"770\" height=\"511\" srcset=\"https:\/\/podkarpacka.iarp.pl\/wp-content\/uploads\/2017\/02\/Dom-moich-marze\u0144-w-kro\u015bnie-SARP-Rzesz\u00f3w-10-1024x680.jpg 1024w, https:\/\/podkarpacka.iarp.pl\/wp-content\/uploads\/2017\/02\/Dom-moich-marze\u0144-w-kro\u015bnie-SARP-Rzesz\u00f3w-10-300x199.jpg 300w, https:\/\/podkarpacka.iarp.pl\/wp-content\/uploads\/2017\/02\/Dom-moich-marze\u0144-w-kro\u015bnie-SARP-Rzesz\u00f3w-10-768x510.jpg 768w, https:\/\/podkarpacka.iarp.pl\/wp-content\/uploads\/2017\/02\/Dom-moich-marze\u0144-w-kro\u015bnie-SARP-Rzesz\u00f3w-10.jpg 1920w\" sizes=\"auto, (max-width: 770px) 100vw, 770px\" \/><\/a><a href=\"https:\/\/podkarpacka.iarp.pl\/wp-content\/uploads\/2017\/02\/Dom-moich-marze\u0144-w-kro\u015bnie-SARP-Rzesz\u00f3w-2.jpg\"><img loading=\"lazy\" decoding=\"async\" class=\"alignnone wp-image-1806 size-large\" src=\"https:\/\/podkarpacka.iarp.pl\/wp-content\/uploads\/2017\/02\/Dom-moich-marze\u0144-w-kro\u015bnie-SARP-Rzesz\u00f3w-2-1024x680.jpg\" width=\"770\" height=\"511\" srcset=\"https:\/\/podkarpacka.iarp.pl\/wp-content\/uploads\/2017\/02\/Dom-moich-marze\u0144-w-kro\u015bnie-SARP-Rzesz\u00f3w-2-1024x680.jpg 1024w, https:\/\/podkarpacka.iarp.pl\/wp-content\/uploads\/2017\/02\/Dom-moich-marze\u0144-w-kro\u015bnie-SARP-Rzesz\u00f3w-2-300x199.jpg 300w, https:\/\/podkarpacka.iarp.pl\/wp-content\/uploads\/2017\/02\/Dom-moich-marze\u0144-w-kro\u015bnie-SARP-Rzesz\u00f3w-2-768x510.jpg 768w, https:\/\/podkarpacka.iarp.pl\/wp-content\/uploads\/2017\/02\/Dom-moich-marze\u0144-w-kro\u015bnie-SARP-Rzesz\u00f3w-2.jpg 1920w\" sizes=\"auto, (max-width: 770px) 100vw, 770px\" \/><\/a><a href=\"https:\/\/podkarpacka.iarp.pl\/wp-content\/uploads\/2017\/02\/Dom-moich-marze\u0144-w-kro\u015bnie-SARP-Rzesz\u00f3w-4.jpg\"><img loading=\"lazy\" decoding=\"async\" class=\"alignnone wp-image-1808 size-large\" src=\"https:\/\/podkarpacka.iarp.pl\/wp-content\/uploads\/2017\/02\/Dom-moich-marze\u0144-w-kro\u015bnie-SARP-Rzesz\u00f3w-4-1024x680.jpg\" width=\"770\" height=\"511\" srcset=\"https:\/\/podkarpacka.iarp.pl\/wp-content\/uploads\/2017\/02\/Dom-moich-marze\u0144-w-kro\u015bnie-SARP-Rzesz\u00f3w-4-1024x680.jpg 1024w, https:\/\/podkarpacka.iarp.pl\/wp-content\/uploads\/2017\/02\/Dom-moich-marze\u0144-w-kro\u015bnie-SARP-Rzesz\u00f3w-4-300x199.jpg 300w, https:\/\/podkarpacka.iarp.pl\/wp-content\/uploads\/2017\/02\/Dom-moich-marze\u0144-w-kro\u015bnie-SARP-Rzesz\u00f3w-4-768x510.jpg 768w, https:\/\/podkarpacka.iarp.pl\/wp-content\/uploads\/2017\/02\/Dom-moich-marze\u0144-w-kro\u015bnie-SARP-Rzesz\u00f3w-4.jpg 1920w\" sizes=\"auto, (max-width: 770px) 100vw, 770px\" \/><\/a><a href=\"https:\/\/podkarpacka.iarp.pl\/wp-content\/uploads\/2017\/02\/Dom-moich-marze\u0144-w-kro\u015bnie-SARP-Rzesz\u00f3w-5.jpg\"><img loading=\"lazy\" decoding=\"async\" class=\"alignnone wp-image-1809 size-large\" src=\"https:\/\/podkarpacka.iarp.pl\/wp-content\/uploads\/2017\/02\/Dom-moich-marze\u0144-w-kro\u015bnie-SARP-Rzesz\u00f3w-5-1024x680.jpg\" width=\"770\" height=\"511\" srcset=\"https:\/\/podkarpacka.iarp.pl\/wp-content\/uploads\/2017\/02\/Dom-moich-marze\u0144-w-kro\u015bnie-SARP-Rzesz\u00f3w-5-1024x680.jpg 1024w, https:\/\/podkarpacka.iarp.pl\/wp-content\/uploads\/2017\/02\/Dom-moich-marze\u0144-w-kro\u015bnie-SARP-Rzesz\u00f3w-5-300x199.jpg 300w, https:\/\/podkarpacka.iarp.pl\/wp-content\/uploads\/2017\/02\/Dom-moich-marze\u0144-w-kro\u015bnie-SARP-Rzesz\u00f3w-5-768x510.jpg 768w, https:\/\/podkarpacka.iarp.pl\/wp-content\/uploads\/2017\/02\/Dom-moich-marze\u0144-w-kro\u015bnie-SARP-Rzesz\u00f3w-5.jpg 1920w\" sizes=\"auto, (max-width: 770px) 100vw, 770px\" \/><\/a><a href=\"https:\/\/podkarpacka.iarp.pl\/wp-content\/uploads\/2017\/02\/Dom-moich-marze\u0144-w-kro\u015bnie-SARP-Rzesz\u00f3w-6.jpg\"><img loading=\"lazy\" decoding=\"async\" class=\"alignnone wp-image-1810 size-large\" src=\"https:\/\/podkarpacka.iarp.pl\/wp-content\/uploads\/2017\/02\/Dom-moich-marze\u0144-w-kro\u015bnie-SARP-Rzesz\u00f3w-6-1024x680.jpg\" width=\"770\" height=\"511\" srcset=\"https:\/\/podkarpacka.iarp.pl\/wp-content\/uploads\/2017\/02\/Dom-moich-marze\u0144-w-kro\u015bnie-SARP-Rzesz\u00f3w-6-1024x680.jpg 1024w, https:\/\/podkarpacka.iarp.pl\/wp-content\/uploads\/2017\/02\/Dom-moich-marze\u0144-w-kro\u015bnie-SARP-Rzesz\u00f3w-6-300x199.jpg 300w, https:\/\/podkarpacka.iarp.pl\/wp-content\/uploads\/2017\/02\/Dom-moich-marze\u0144-w-kro\u015bnie-SARP-Rzesz\u00f3w-6-768x510.jpg 768w, https:\/\/podkarpacka.iarp.pl\/wp-content\/uploads\/2017\/02\/Dom-moich-marze\u0144-w-kro\u015bnie-SARP-Rzesz\u00f3w-6-600x398.jpg 600w, https:\/\/podkarpacka.iarp.pl\/wp-content\/uploads\/2017\/02\/Dom-moich-marze\u0144-w-kro\u015bnie-SARP-Rzesz\u00f3w-6.jpg 1920w\" sizes=\"auto, (max-width: 770px) 100vw, 770px\" \/><\/a><a href=\"https:\/\/podkarpacka.iarp.pl\/wp-content\/uploads\/2017\/02\/Dom-moich-marze\u0144-w-kro\u015bnie-SARP-Rzesz\u00f3w-7.jpg\"><img loading=\"lazy\" decoding=\"async\" class=\"alignnone wp-image-1811 size-large\" src=\"https:\/\/podkarpacka.iarp.pl\/wp-content\/uploads\/2017\/02\/Dom-moich-marze\u0144-w-kro\u015bnie-SARP-Rzesz\u00f3w-7-1024x680.jpg\" width=\"770\" height=\"511\" srcset=\"https:\/\/podkarpacka.iarp.pl\/wp-content\/uploads\/2017\/02\/Dom-moich-marze\u0144-w-kro\u015bnie-SARP-Rzesz\u00f3w-7-1024x680.jpg 1024w, https:\/\/podkarpacka.iarp.pl\/wp-content\/uploads\/2017\/02\/Dom-moich-marze\u0144-w-kro\u015bnie-SARP-Rzesz\u00f3w-7-300x199.jpg 300w, https:\/\/podkarpacka.iarp.pl\/wp-content\/uploads\/2017\/02\/Dom-moich-marze\u0144-w-kro\u015bnie-SARP-Rzesz\u00f3w-7-768x510.jpg 768w, https:\/\/podkarpacka.iarp.pl\/wp-content\/uploads\/2017\/02\/Dom-moich-marze\u0144-w-kro\u015bnie-SARP-Rzesz\u00f3w-7.jpg 1920w\" sizes=\"auto, (max-width: 770px) 100vw, 770px\" \/><\/a><a href=\"https:\/\/podkarpacka.iarp.pl\/wp-content\/uploads\/2017\/02\/Dom-moich-marze\u0144-w-kro\u015bnie-SARP-Rzesz\u00f3w-8.jpg\"><img loading=\"lazy\" decoding=\"async\" class=\"alignnone wp-image-1812 size-large\" src=\"https:\/\/podkarpacka.iarp.pl\/wp-content\/uploads\/2017\/02\/Dom-moich-marze\u0144-w-kro\u015bnie-SARP-Rzesz\u00f3w-8-1024x680.jpg\" width=\"770\" height=\"511\" srcset=\"https:\/\/podkarpacka.iarp.pl\/wp-content\/uploads\/2017\/02\/Dom-moich-marze\u0144-w-kro\u015bnie-SARP-Rzesz\u00f3w-8-1024x680.jpg 1024w, https:\/\/podkarpacka.iarp.pl\/wp-content\/uploads\/2017\/02\/Dom-moich-marze\u0144-w-kro\u015bnie-SARP-Rzesz\u00f3w-8-300x199.jpg 300w, https:\/\/podkarpacka.iarp.pl\/wp-content\/uploads\/2017\/02\/Dom-moich-marze\u0144-w-kro\u015bnie-SARP-Rzesz\u00f3w-8-768x510.jpg 768w, https:\/\/podkarpacka.iarp.pl\/wp-content\/uploads\/2017\/02\/Dom-moich-marze\u0144-w-kro\u015bnie-SARP-Rzesz\u00f3w-8.jpg 1920w\" sizes=\"auto, (max-width: 770px) 100vw, 770px\" \/>1<\/a>5<\/p>\n<p style=\"text-align: justify;\"><strong>Serdecznie\u00a0dzi\u0119kujemy osobom nagrodzonym oraz ich opiekunom i nauczycielom za udzia\u0142 w Konkursie i wydarzeniu.<\/strong><\/p>\n<p style=\"text-align: justify;\">\n","protected":false},"excerpt":{"rendered":"<p>LAUREACI I EDYCJI KONKURSU \u2013 \u201cDOM MOICH MARZE\u0143 2015\u201d Wernisa\u017c\u00a0nagr\u00f3d V Edycji Konkursu Dom Moich Marze\u0144 odby\u0142 si\u0119 r\u00f3wnie\u017c 14 kwietnia 2016r w Kro\u015bnie. Uczniowie, kt\u00f3rzy nie mogli odebra\u0107 nagr\u00f3d w Rzeszowie odebrali je podczas uroczysto\u015bci, kt\u00f3re odby\u0142o si\u0119 w hallu Domu Kultury w Kro\u015bnie. 15 Serdecznie\u00a0dzi\u0119kujemy osobom nagrodzonym oraz ich opiekunom i nauczycielom za [&hellip;]<\/p>\n","protected":false},"author":7,"featured_media":1810,"comment_status":"closed","ping_status":"open","sticky":false,"template":"","format":"standard","meta":{"footnotes":""},"categories":[62,55],"tags":[],"class_list":["post-1799","post","type-post","status-publish","format-standard","has-post-thumbnail","hentry","category-konkursy","category-wydarzenia"],"publishpress_future_action":{"enabled":false,"date":"2026-05-05 02:18:35","action":"change-status","newStatus":"draft","terms":[],"taxonomy":"category","extraData":[]},"publishpress_future_workflow_manual_trigger":{"enabledWorkflows":[]},"_links":{"self":[{"href":"https:\/\/podkarpacka.iarp.pl\/index.php?rest_route=\/wp\/v2\/posts\/1799","targetHints":{"allow":["GET"]}}],"collection":[{"href":"https:\/\/podkarpacka.iarp.pl\/index.php?rest_route=\/wp\/v2\/posts"}],"about":[{"href":"https:\/\/podkarpacka.iarp.pl\/index.php?rest_route=\/wp\/v2\/types\/post"}],"author":[{"embeddable":true,"href":"https:\/\/podkarpacka.iarp.pl\/index.php?rest_route=\/wp\/v2\/users\/7"}],"replies":[{"embeddable":true,"href":"https:\/\/podkarpacka.iarp.pl\/index.php?rest_route=%2Fwp%2Fv2%2Fcomments&post=1799"}],"version-history":[{"count":3,"href":"https:\/\/podkarpacka.iarp.pl\/index.php?rest_route=\/wp\/v2\/posts\/1799\/revisions"}],"predecessor-version":[{"id":1817,"href":"https:\/\/podkarpacka.iarp.pl\/index.php?rest_route=\/wp\/v2\/posts\/1799\/revisions\/1817"}],"wp:featuredmedia":[{"embeddable":true,"href":"https:\/\/podkarpacka.iarp.pl\/index.php?rest_route=\/wp\/v2\/media\/1810"}],"wp:attachment":[{"href":"https:\/\/podkarpacka.iarp.pl\/index.php?rest_route=%2Fwp%2Fv2%2Fmedia&parent=1799"}],"wp:term":[{"taxonomy":"category","embeddable":true,"href":"https:\/\/podkarpacka.iarp.pl\/index.php?rest_route=%2Fwp%2Fv2%2Fcategories&post=1799"},{"taxonomy":"post_tag","embeddable":true,"href":"https:\/\/podkarpacka.iarp.pl\/index.php?rest_route=%2Fwp%2Fv2%2Ftags&post=1799"}],"curies":[{"name":"wp","href":"https:\/\/api.w.org\/{rel}","templated":true}]}}