{"id":1834,"date":"2017-04-14T01:29:31","date_gmt":"2017-04-13T23:29:31","guid":{"rendered":"http:\/\/podkarpacka.iarp.pl\/?p=1834"},"modified":"2017-04-14T21:10:35","modified_gmt":"2017-04-14T19:10:35","slug":"wesolych-swiat-wielkanocnych","status":"publish","type":"post","link":"https:\/\/podkarpacka.iarp.pl\/?p=1834","title":{"rendered":"WESO\u0141YCH \u015aWI\u0104T WIELKANOCNYCH"},"content":{"rendered":"<h3>Z okazji \u015awi\u0105t Wielkanocnych \u017cyczymy Pa\u0144stwu aby ten wyj\u0105tkowy czas by\u0142 pe\u0142en wiary, nadziei i mi\u0142o\u015bci, a spotkania w gronie najbli\u017cszych up\u0142ywa\u0142y w mi\u0142ym, wiosennym nastroju.<br \/>\nNiech \u015awi\u0119ta Zmartwychwstania Pa\u0144skiego b\u0119d\u0105 czasem wytchnienia i niech przynios\u0105 Pa\u0144stwu wiele szcz\u0119\u015bcia i rado\u015bci, tak by\u015bcie zawsze z ufno\u015bci\u0105 spogl\u0105dali w przysz\u0142o\u015b\u0107.<\/h3>\n<p>Zarz\u0105d PKOIA w Rzeszowie<\/p>\n<hr \/>\n<p><img loading=\"lazy\" decoding=\"async\" class=\"aligncenter size-large wp-image-1836\" src=\"https:\/\/podkarpacka.iarp.pl\/wp-content\/uploads\/2017\/04\/PKOIA-kartka-wielkanooc-2017-1024x720.jpg\" alt=\"\" width=\"770\" height=\"541\" srcset=\"https:\/\/podkarpacka.iarp.pl\/wp-content\/uploads\/2017\/04\/PKOIA-kartka-wielkanooc-2017-1024x720.jpg 1024w, https:\/\/podkarpacka.iarp.pl\/wp-content\/uploads\/2017\/04\/PKOIA-kartka-wielkanooc-2017-300x211.jpg 300w, https:\/\/podkarpacka.iarp.pl\/wp-content\/uploads\/2017\/04\/PKOIA-kartka-wielkanooc-2017-768x540.jpg 768w, https:\/\/podkarpacka.iarp.pl\/wp-content\/uploads\/2017\/04\/PKOIA-kartka-wielkanooc-2017.jpg 1422w\" sizes=\"auto, (max-width: 770px) 100vw, 770px\" \/><\/p>\n","protected":false},"excerpt":{"rendered":"<p>Z okazji \u015awi\u0105t Wielkanocnych \u017cyczymy Pa\u0144stwu aby ten wyj\u0105tkowy czas by\u0142 pe\u0142en wiary, nadziei i mi\u0142o\u015bci, a spotkania w gronie najbli\u017cszych up\u0142ywa\u0142y w mi\u0142ym, wiosennym nastroju. Niech \u015awi\u0119ta Zmartwychwstania Pa\u0144skiego b\u0119d\u0105 czasem wytchnienia i niech przynios\u0105 Pa\u0144stwu wiele szcz\u0119\u015bcia i rado\u015bci, tak by\u015bcie zawsze z ufno\u015bci\u0105 spogl\u0105dali w przysz\u0142o\u015b\u0107. Zarz\u0105d PKOIA w Rzeszowie<\/p>\n","protected":false},"author":7,"featured_media":1835,"comment_status":"closed","ping_status":"open","sticky":false,"template":"","format":"standard","meta":{"footnotes":""},"categories":[56],"tags":[],"class_list":["post-1834","post","type-post","status-publish","format-standard","has-post-thumbnail","hentry","category-informacje-rady"],"publishpress_future_action":{"enabled":false,"date":"2026-05-08 18:31:14","action":"change-status","newStatus":"draft","terms":[],"taxonomy":"category","extraData":[]},"publishpress_future_workflow_manual_trigger":{"enabledWorkflows":[]},"_links":{"self":[{"href":"https:\/\/podkarpacka.iarp.pl\/index.php?rest_route=\/wp\/v2\/posts\/1834","targetHints":{"allow":["GET"]}}],"collection":[{"href":"https:\/\/podkarpacka.iarp.pl\/index.php?rest_route=\/wp\/v2\/posts"}],"about":[{"href":"https:\/\/podkarpacka.iarp.pl\/index.php?rest_route=\/wp\/v2\/types\/post"}],"author":[{"embeddable":true,"href":"https:\/\/podkarpacka.iarp.pl\/index.php?rest_route=\/wp\/v2\/users\/7"}],"replies":[{"embeddable":true,"href":"https:\/\/podkarpacka.iarp.pl\/index.php?rest_route=%2Fwp%2Fv2%2Fcomments&post=1834"}],"version-history":[{"count":2,"href":"https:\/\/podkarpacka.iarp.pl\/index.php?rest_route=\/wp\/v2\/posts\/1834\/revisions"}],"predecessor-version":[{"id":1838,"href":"https:\/\/podkarpacka.iarp.pl\/index.php?rest_route=\/wp\/v2\/posts\/1834\/revisions\/1838"}],"wp:featuredmedia":[{"embeddable":true,"href":"https:\/\/podkarpacka.iarp.pl\/index.php?rest_route=\/wp\/v2\/media\/1835"}],"wp:attachment":[{"href":"https:\/\/podkarpacka.iarp.pl\/index.php?rest_route=%2Fwp%2Fv2%2Fmedia&parent=1834"}],"wp:term":[{"taxonomy":"category","embeddable":true,"href":"https:\/\/podkarpacka.iarp.pl\/index.php?rest_route=%2Fwp%2Fv2%2Fcategories&post=1834"},{"taxonomy":"post_tag","embeddable":true,"href":"https:\/\/podkarpacka.iarp.pl\/index.php?rest_route=%2Fwp%2Fv2%2Ftags&post=1834"}],"curies":[{"name":"wp","href":"https:\/\/api.w.org\/{rel}","templated":true}]}}