{"id":1844,"date":"2017-04-18T18:28:42","date_gmt":"2017-04-18T16:28:42","guid":{"rendered":"http:\/\/podkarpacka.iarp.pl\/?p=1844"},"modified":"2017-04-18T18:31:05","modified_gmt":"2017-04-18T16:31:05","slug":"miedzynarodowa-konferencja-izb-architektow-krajow-europy-srodkowej","status":"publish","type":"post","link":"https:\/\/podkarpacka.iarp.pl\/?p=1844","title":{"rendered":"Mi\u0119dzynarodowa Konferencja Izb Architekt\u00f3w Kraj\u00f3w Europy \u015arodkowej"},"content":{"rendered":"<p>Szanowni Pa\u0144stwo,<br \/>\nW za\u0142\u0105czeniu przekazuj\u0119 zaproszenie na Konwent Przewodnicz\u0105cych oraz XIII Mi\u0119dzynarodow\u0105 Konferencj\u0119 Izb Architekt\u00f3w Kraj\u00f3w Europy \u015arodkowej i Wschodniej wraz z materia\u0142ami dotycz\u0105cymi tych wydarze\u0144, z uprzejm\u0105 pro\u015bb\u0105 o przekazanie do os\u00f3b, kt\u00f3re zosta\u0142y zg\u0142oszone do udzia\u0142u w organizowanym<br \/>\nspotkaniach.<br \/>\nJednocze\u015bnie informuj\u0119, \u017ce imienne zaproszenia b\u0119d\u0105 wr\u0119czane w Katowicach w dniu Konwentu lub Konferencji (dla os\u00f3b nieuczestnicz\u0105cych w Konwencie).<br \/>\nOsoby, kt\u00f3re zadeklarowa\u0142y udzia\u0142 w koncercie NOSPR wraz z zaproszeniem otrzymaj\u0105 r\u00f3wnie\u017c bilet.<\/p>\n<p>Zwracam si\u0119 r\u00f3wnie\u017c z pro\u015bb\u0105 o zamieszczenie na Pa\u0144stwa stronach internetowych plakatu i newslettera oraz przes\u0142anie tych materia\u0142\u00f3w na<br \/>\nlokalne uczelnie kszta\u0142c\u0105ce na kierunkach architektonicznych, w celu poinformowania o odbywaj\u0105cej si\u0119 konferencji.<\/p>\n<p><img loading=\"lazy\" decoding=\"async\" class=\"aligncenter size-large wp-image-1846\" src=\"https:\/\/podkarpacka.iarp.pl\/wp-content\/uploads\/2017\/04\/mlodzi-w-arch-724x1024.jpg\" alt=\"\" width=\"724\" height=\"1024\" srcset=\"https:\/\/podkarpacka.iarp.pl\/wp-content\/uploads\/2017\/04\/mlodzi-w-arch-724x1024.jpg 724w, https:\/\/podkarpacka.iarp.pl\/wp-content\/uploads\/2017\/04\/mlodzi-w-arch-212x300.jpg 212w, https:\/\/podkarpacka.iarp.pl\/wp-content\/uploads\/2017\/04\/mlodzi-w-arch-768x1087.jpg 768w, https:\/\/podkarpacka.iarp.pl\/wp-content\/uploads\/2017\/04\/mlodzi-w-arch.jpg 1000w\" sizes=\"auto, (max-width: 724px) 100vw, 724px\" \/><\/p>\n","protected":false},"excerpt":{"rendered":"<p>Szanowni Pa\u0144stwo, W za\u0142\u0105czeniu przekazuj\u0119 zaproszenie na Konwent Przewodnicz\u0105cych oraz XIII Mi\u0119dzynarodow\u0105 Konferencj\u0119 Izb Architekt\u00f3w Kraj\u00f3w Europy \u015arodkowej i Wschodniej wraz z materia\u0142ami dotycz\u0105cymi tych wydarze\u0144, z uprzejm\u0105 pro\u015bb\u0105 o przekazanie do os\u00f3b, kt\u00f3re zosta\u0142y zg\u0142oszone do udzia\u0142u w organizowanym spotkaniach. Jednocze\u015bnie informuj\u0119, \u017ce imienne zaproszenia b\u0119d\u0105 wr\u0119czane w Katowicach w dniu Konwentu lub Konferencji [&hellip;]<\/p>\n","protected":false},"author":7,"featured_media":1845,"comment_status":"closed","ping_status":"open","sticky":false,"template":"","format":"standard","meta":{"footnotes":""},"categories":[63],"tags":[],"class_list":["post-1844","post","type-post","status-publish","format-standard","has-post-thumbnail","hentry","category-konferencje"],"publishpress_future_action":{"enabled":false,"date":"2026-05-08 18:25:40","action":"change-status","newStatus":"draft","terms":[],"taxonomy":"category","extraData":[]},"publishpress_future_workflow_manual_trigger":{"enabledWorkflows":[]},"_links":{"self":[{"href":"https:\/\/podkarpacka.iarp.pl\/index.php?rest_route=\/wp\/v2\/posts\/1844","targetHints":{"allow":["GET"]}}],"collection":[{"href":"https:\/\/podkarpacka.iarp.pl\/index.php?rest_route=\/wp\/v2\/posts"}],"about":[{"href":"https:\/\/podkarpacka.iarp.pl\/index.php?rest_route=\/wp\/v2\/types\/post"}],"author":[{"embeddable":true,"href":"https:\/\/podkarpacka.iarp.pl\/index.php?rest_route=\/wp\/v2\/users\/7"}],"replies":[{"embeddable":true,"href":"https:\/\/podkarpacka.iarp.pl\/index.php?rest_route=%2Fwp%2Fv2%2Fcomments&post=1844"}],"version-history":[{"count":4,"href":"https:\/\/podkarpacka.iarp.pl\/index.php?rest_route=\/wp\/v2\/posts\/1844\/revisions"}],"predecessor-version":[{"id":1850,"href":"https:\/\/podkarpacka.iarp.pl\/index.php?rest_route=\/wp\/v2\/posts\/1844\/revisions\/1850"}],"wp:featuredmedia":[{"embeddable":true,"href":"https:\/\/podkarpacka.iarp.pl\/index.php?rest_route=\/wp\/v2\/media\/1845"}],"wp:attachment":[{"href":"https:\/\/podkarpacka.iarp.pl\/index.php?rest_route=%2Fwp%2Fv2%2Fmedia&parent=1844"}],"wp:term":[{"taxonomy":"category","embeddable":true,"href":"https:\/\/podkarpacka.iarp.pl\/index.php?rest_route=%2Fwp%2Fv2%2Fcategories&post=1844"},{"taxonomy":"post_tag","embeddable":true,"href":"https:\/\/podkarpacka.iarp.pl\/index.php?rest_route=%2Fwp%2Fv2%2Ftags&post=1844"}],"curies":[{"name":"wp","href":"https:\/\/api.w.org\/{rel}","templated":true}]}}