{"id":1852,"date":"2017-05-03T15:19:49","date_gmt":"2017-05-03T13:19:49","guid":{"rendered":"http:\/\/podkarpacka.iarp.pl\/?p=1852"},"modified":"2018-05-04T16:40:01","modified_gmt":"2018-05-04T14:40:01","slug":"obchody-swieta-3-maja-w-rzeszowie-kwiaty-pod-pomnikiem-i-apel-pamieci","status":"publish","type":"post","link":"https:\/\/podkarpacka.iarp.pl\/?p=1852","title":{"rendered":"Obchody \u015awi\u0119ta 3 Maja w Rzeszowie. Kwiaty pod pomnikiem i Apel Pami\u0119ci"},"content":{"rendered":"<p>SARP Rzesz\u00f3w i Podkarpacka Okr\u0119gowa Izba Architekt\u00f3w uczestnicz\u0105 w\u00a0obchodach 3-go Maja na Rynku w Rzeszowie.<\/p>\n<p><img loading=\"lazy\" decoding=\"async\" class=\"aligncenter size-large wp-image-1854\" src=\"https:\/\/podkarpacka.iarp.pl\/wp-content\/uploads\/2017\/05\/18193172_1738557819493575_1720743365039265074_o-1024x576.jpg\" alt=\"\" width=\"770\" height=\"433\" srcset=\"https:\/\/podkarpacka.iarp.pl\/wp-content\/uploads\/2017\/05\/18193172_1738557819493575_1720743365039265074_o-1024x576.jpg 1024w, https:\/\/podkarpacka.iarp.pl\/wp-content\/uploads\/2017\/05\/18193172_1738557819493575_1720743365039265074_o-300x169.jpg 300w, https:\/\/podkarpacka.iarp.pl\/wp-content\/uploads\/2017\/05\/18193172_1738557819493575_1720743365039265074_o-768x432.jpg 768w, https:\/\/podkarpacka.iarp.pl\/wp-content\/uploads\/2017\/05\/18193172_1738557819493575_1720743365039265074_o.jpg 2048w\" sizes=\"auto, (max-width: 770px) 100vw, 770px\" \/><img loading=\"lazy\" decoding=\"async\" class=\"aligncenter size-large wp-image-1855\" src=\"https:\/\/podkarpacka.iarp.pl\/wp-content\/uploads\/2017\/05\/18238202_1738557949493562_2971021003104690297_o-1024x576.jpg\" alt=\"\" width=\"770\" height=\"433\" srcset=\"https:\/\/podkarpacka.iarp.pl\/wp-content\/uploads\/2017\/05\/18238202_1738557949493562_2971021003104690297_o-1024x576.jpg 1024w, https:\/\/podkarpacka.iarp.pl\/wp-content\/uploads\/2017\/05\/18238202_1738557949493562_2971021003104690297_o-300x169.jpg 300w, https:\/\/podkarpacka.iarp.pl\/wp-content\/uploads\/2017\/05\/18238202_1738557949493562_2971021003104690297_o-768x432.jpg 768w, https:\/\/podkarpacka.iarp.pl\/wp-content\/uploads\/2017\/05\/18238202_1738557949493562_2971021003104690297_o.jpg 2048w\" sizes=\"auto, (max-width: 770px) 100vw, 770px\" \/><img loading=\"lazy\" decoding=\"async\" class=\"aligncenter size-large wp-image-1856\" src=\"https:\/\/podkarpacka.iarp.pl\/wp-content\/uploads\/2017\/05\/18278531_1738557902826900_1876926292908617955_o-1024x576.jpg\" alt=\"\" width=\"770\" height=\"433\" srcset=\"https:\/\/podkarpacka.iarp.pl\/wp-content\/uploads\/2017\/05\/18278531_1738557902826900_1876926292908617955_o-1024x576.jpg 1024w, https:\/\/podkarpacka.iarp.pl\/wp-content\/uploads\/2017\/05\/18278531_1738557902826900_1876926292908617955_o-300x169.jpg 300w, https:\/\/podkarpacka.iarp.pl\/wp-content\/uploads\/2017\/05\/18278531_1738557902826900_1876926292908617955_o-768x432.jpg 768w, https:\/\/podkarpacka.iarp.pl\/wp-content\/uploads\/2017\/05\/18278531_1738557902826900_1876926292908617955_o.jpg 2048w\" sizes=\"auto, (max-width: 770px) 100vw, 770px\" \/><\/p>\n","protected":false},"excerpt":{"rendered":"<p>SARP Rzesz\u00f3w i Podkarpacka Okr\u0119gowa Izba Architekt\u00f3w uczestnicz\u0105 w\u00a0obchodach 3-go Maja na Rynku w Rzeszowie.<\/p>\n","protected":false},"author":7,"featured_media":1853,"comment_status":"closed","ping_status":"open","sticky":false,"template":"","format":"standard","meta":{"footnotes":""},"categories":[55],"tags":[],"class_list":["post-1852","post","type-post","status-publish","format-standard","has-post-thumbnail","hentry","category-wydarzenia"],"publishpress_future_action":{"enabled":false,"date":"2026-05-05 18:35:16","action":"change-status","newStatus":"draft","terms":[],"taxonomy":"category","extraData":[]},"publishpress_future_workflow_manual_trigger":{"enabledWorkflows":[]},"_links":{"self":[{"href":"https:\/\/podkarpacka.iarp.pl\/index.php?rest_route=\/wp\/v2\/posts\/1852","targetHints":{"allow":["GET"]}}],"collection":[{"href":"https:\/\/podkarpacka.iarp.pl\/index.php?rest_route=\/wp\/v2\/posts"}],"about":[{"href":"https:\/\/podkarpacka.iarp.pl\/index.php?rest_route=\/wp\/v2\/types\/post"}],"author":[{"embeddable":true,"href":"https:\/\/podkarpacka.iarp.pl\/index.php?rest_route=\/wp\/v2\/users\/7"}],"replies":[{"embeddable":true,"href":"https:\/\/podkarpacka.iarp.pl\/index.php?rest_route=%2Fwp%2Fv2%2Fcomments&post=1852"}],"version-history":[{"count":2,"href":"https:\/\/podkarpacka.iarp.pl\/index.php?rest_route=\/wp\/v2\/posts\/1852\/revisions"}],"predecessor-version":[{"id":2120,"href":"https:\/\/podkarpacka.iarp.pl\/index.php?rest_route=\/wp\/v2\/posts\/1852\/revisions\/2120"}],"wp:featuredmedia":[{"embeddable":true,"href":"https:\/\/podkarpacka.iarp.pl\/index.php?rest_route=\/wp\/v2\/media\/1853"}],"wp:attachment":[{"href":"https:\/\/podkarpacka.iarp.pl\/index.php?rest_route=%2Fwp%2Fv2%2Fmedia&parent=1852"}],"wp:term":[{"taxonomy":"category","embeddable":true,"href":"https:\/\/podkarpacka.iarp.pl\/index.php?rest_route=%2Fwp%2Fv2%2Fcategories&post=1852"},{"taxonomy":"post_tag","embeddable":true,"href":"https:\/\/podkarpacka.iarp.pl\/index.php?rest_route=%2Fwp%2Fv2%2Ftags&post=1852"}],"curies":[{"name":"wp","href":"https:\/\/api.w.org\/{rel}","templated":true}]}}