{"id":1861,"date":"2017-05-22T10:58:58","date_gmt":"2017-05-22T08:58:58","guid":{"rendered":"http:\/\/podkarpacka.iarp.pl\/?p=1861"},"modified":"2017-05-25T02:01:17","modified_gmt":"2017-05-25T00:01:17","slug":"01-06-2017-o-grabczewski-t-konior-archi-czwartki-final-sezonu","status":"publish","type":"post","link":"https:\/\/podkarpacka.iarp.pl\/?p=1861","title":{"rendered":"[01.06.2017]  O.GR\u0104BCZEWSKI &#038; T.KONIOR &#8211; ARCHI-CZWARTKI &#8211; FINA\u0141 SEZONU"},"content":{"rendered":"<p><img loading=\"lazy\" decoding=\"async\" class=\"size-full wp-image-195 alignleft\" style=\"margin: 15px 15px 0 0;\" src=\"http:\/\/rzeszow.sarp.org.pl\/wp-content\/uploads\/2016\/02\/archiczwartki-1.jpg\" alt=\"archiczwartki\" width=\"249\" height=\"165\" \/><\/p>\n<h4 style=\"text-align: right;\"><strong>FINA\u0141OWE SPOTKANIE Z SERII ARCHICZWARTKI<\/strong><br \/>\nBLISKIE SPOTKANIA Z ARCHITEKTUR\u0104<\/h4>\n<hr \/>\n<h5 style=\"text-align: right;\"><strong>Termin: 01-06-2017, 12:00<br \/>\nRzesz\u00f3w, Pi\u0142sudskiego 8-10\u00a0(wej\u015bcie od dziedzi\u0144ca)<\/strong><\/h5>\n<hr \/>\n<p style=\"text-align: justify;\">W imieniu SARP oddzia\u0142 w Rzeszowie, w ramach bliskich spotka\u0144 z Architektur\u0105 \u201eARCHI \u2013 CZWARTKI\u201d, zapraszamy serdecznie na <strong>FINA\u0141 SEZONU<\/strong>\u00a0w czasie<strong> Festiwalu Przestrzeni Miejskiej 2017,<\/strong><\/p>\n<p style=\"text-align: justify;\">Zapraszamy dnia\u00a0<strong>01 maja ju\u017c od godz. 12.00 w wyj\u0105tkowe miejsce, n<\/strong><strong>a sal\u0119 wystaw\u0105 przy ulicy Pi\u0142sudskiego 8-10 w Rzeszowie<\/strong>\u00a0 gdzie przygotowali\u015bmy wiele atrakcji.<\/p>\n<ul>\n<li><strong>\u201eMiasto Marze\u0144\u201d \u2013 warsztaty architektoniczne dla dzieci<\/strong><\/li>\n<li><strong>12:00 \u2013 Warsztaty form u\u017cytkowych w betonie Lafarge<\/strong> \u2013 warsztat otwarty dla uczni\u00f3w, student\u00f3w i architekt\u00f3w (20 \u2013 35 os\u00f3b)<\/li>\n<li><strong>15:00 \u2013 Prezentacja najnowszych trend\u00f3w aran\u017cacji przestrzeni biurowych<\/strong><\/li>\n<li>\u201ePrzestrze\u0144 miejska inspiracj\u0105 dla wsp\u00f3\u0142czesnego biura.\u201d\u2013 Nowy Styl Group \u2013 sala wystawowa (wej\u015bcie od dziedzi\u0144ca), Pi\u0142sudskiego 8-10<\/li>\n<li><span style=\"color: #ff0000;\"><strong>16:00 \u2013 ArchiCzwartek \u2013 bliskie spotkanie z Oskarem Gr\u0105bczewskim \u2013 OVO \u2013 Gr\u0105bczewscy Architekci oraz Tomaszem Koniorem \u2013 Studio Konior,<\/strong><\/span><\/li>\n<li><span style=\"color: #ff0000;\"> \u201eDobre przestrzenie dla miasta\u201d, sala wystawowa (wej\u015bcie od dziedzi\u0144ca), Pi\u0142sudskiego 8-10<\/span><\/li>\n<li><strong>18:30 \u2013 Otwarcie wystawy modeli architektonicznych Bogus\u0142awa Barnasia,<\/strong> holl przed sal\u0105 wystawow\u0105 (wej\u015bcie od dziedzi\u0144ca), Pi\u0142sudskiego 8-10<\/li>\n<li><strong>18:30 \u2013 Otwarcie wystawy prac Arkadiusza Andrejkowa<\/strong> \u2013 sala wystawowa (wej\u015bcie od dziedzi\u0144ca), Pi\u0142sudskiego 8-10<\/li>\n<\/ul>\n<p style=\"text-align: justify;\"><strong>Spotykamy si\u0119 WYJ\u0104TKOWO na sali wystawowej przy ulicy Pi\u0142sudskiego 8-10\u00a0 (wej\u015bcie od dziedzi\u0144ca),<\/strong><\/p>\n<hr \/>\n<h3 style=\"text-align: justify;\"><strong>Nasi go\u015bcie<\/strong><\/h3>\n<ul>\n<li style=\"text-align: justify;\"><strong>OSKAR GR\u0104BCZEWSKI<\/strong><\/li>\n<li style=\"text-align: justify;\">OVO Gr\u0105bczewscy. Laureat wielu presti\u017cowych nagr\u00f3d i\u00a0odznacze\u0144 architektonicznych<\/li>\n<\/ul>\n<p>OVO Gr\u0105bczewscy Architekci ma w swoim dorobku kilkadziesi\u0105t mi\u0119dzynarodowych i krajowych nagr\u00f3d i wyr\u00f3\u017cnie\u0144 za tw\u00f3rczo\u015b\u0107 architektoniczn\u0105 , w tym m.in.: Nominacja w plebiscycie National Geographic na 7 nowych cud\u00f3w Polski 2015, Fina\u0142 konkursu \u017bycie w architekturze pod patronatem Prezydenta RP 2015 oraz 2012, wyr\u00f3\u017cnienie w konkursie UIA na Muzeum Etnografii w Budapeszcie 2014, wyr\u00f3\u017cnienie w konkursie PLGBC Green Building Award 2012.<\/p>\n<p>Do najciekawszych projekt\u00f3w pracowni nale\u017c\u0105: Pawilon Paleontologiczny w Krasiejowie pod Opolem, Muzeum Ognia w \u017borach, Muzeum Spotkania Kultur \u015awiata Yatenga w \u017borach, Centrum Sportowo-Rekreacyjne i Kulturalno-O\u015bwiatowe w K\u00f3rniku.<\/p>\n<p>Oskar Gr\u0105bczewski w latach 2003-2008 by\u0142 wiceprezesem SARP O\/Katowice, a od 2008 jest wiceprezesem Instytutu Wsp\u00f3\u0142czesnego Miasta. Wyk\u0142adowca akademicki, autor felieton\u00f3w i esej\u00f3w o tematyce architektonicznej.<\/p>\n<hr \/>\n<ul>\n<li><strong>TOMASZ KONIOR<\/strong><\/li>\n<li>KONIOR Studio. Laureat wielu presti\u017cowych nagr\u00f3d i\u00a0odznacze\u0144 architektonicznych<\/li>\n<\/ul>\n<p>Wa\u017cniejsze nagrody i\u00a0wyr\u00f3\u017cnienia, m.in: Medal \u201eZas\u0142u\u017cony Kulturze Gloria Artis\u201d(2014),Platynowy Laur Umiej\u0119tno\u015bci i\u00a0Kompetencji (2015), Nagroda Ministra Kultury i\u00a0Dziedzictwa Narodowego w\u00a0dziedzinie kultury za projekt i\u00a0realizacj\u0119 NOSPR-u w\u00a0Katowicach (2014), Cezar \u015al\u0105skiego Biznesu (2013), \u015al\u0105ska Nagroda Jako\u015bci (2014), Medal Rektora Akademii Muzycznej w\u00a0Katowicach (2007), I\u00a0nagroda w\u00a0Mi\u0119dzynarodowym Konkursie M\u0142odych Architekt\u00f3w \u201aLeonardo\u2019 (2007).<\/p>\n<p class=\"jquery-typographer jquery-typographer-orphan\">Cz\u0142onek Stowarzyszenia Architekto\u0301w Polskich SARP i\u00a0Izby Architekt\u00f3w RP. W\u00a0latach 2012-2015 pe\u0142ni\u0142 funkcj\u0119 Przewodnicza\u0328cego Zespo\u0142u Koordynacyjnego Se\u0328dzio\u0301w Konkursowych przy ZG SARP. Cz\u0142onek i\u00a0wsp\u00f3\u0142za\u0142o\u017cyciel Instytutu Wspo\u0301\u0142czesnego Miasta. Cz\u0142onek Rady Powierniczej Muzeum Narodowego w\u00a0Warszawie. Wsp\u00f3\u0142za\u0142o\u017cyciel Stowarzyszenia Katowice Kultura Natura. Cz\u0142onek fundacji Pomnik Hospicjum Miastu O\u015bwi\u0119cim. Cz\u0142onek stowarzyszenia LIBRA w\u00a0Katowicach.<\/p>\n<p class=\"jquery-typographer jquery-typographer-orphan\"><strong>\u2013&gt; Zapisy na Wydarzenie \u2013&gt;\u00a0<a href=\"https:\/\/www.facebook.com\/events\/1939852166294756\/\">https:\/\/www.facebook.com\/events\/1939852166294756\/<\/a><\/strong><\/p>\n<hr \/>\n<p style=\"text-align: justify;\"><a href=\"http:\/\/rzeszow.sarp.org.pl\/wp-content\/uploads\/2017\/05\/PLAKAT-ARCHI-CZWARTKI-01-06-2017-A4-maly-plakat.jpg\"><img loading=\"lazy\" decoding=\"async\" class=\"aligncenter size-full wp-image-1502\" src=\"http:\/\/rzeszow.sarp.org.pl\/wp-content\/uploads\/2017\/05\/PLAKAT-ARCHI-CZWARTKI-01-06-2017-A4-maly-plakat.jpg\" alt=\"\" width=\"1240\" height=\"1804\" \/><\/a><\/p>\n<p style=\"text-align: justify;\">\n","protected":false},"excerpt":{"rendered":"<p>FINA\u0141OWE SPOTKANIE Z SERII ARCHICZWARTKI BLISKIE SPOTKANIA Z ARCHITEKTUR\u0104 Termin: 01-06-2017, 12:00 Rzesz\u00f3w, Pi\u0142sudskiego 8-10\u00a0(wej\u015bcie od dziedzi\u0144ca) W imieniu SARP oddzia\u0142 w Rzeszowie, w ramach bliskich spotka\u0144 z Architektur\u0105 \u201eARCHI \u2013 CZWARTKI\u201d, zapraszamy serdecznie na FINA\u0141 SEZONU\u00a0w czasie Festiwalu Przestrzeni Miejskiej 2017, Zapraszamy dnia\u00a001 maja ju\u017c od godz. 12.00 w wyj\u0105tkowe miejsce, na sal\u0119 wystaw\u0105 [&hellip;]<\/p>\n","protected":false},"author":7,"featured_media":1862,"comment_status":"closed","ping_status":"open","sticky":false,"template":"","format":"standard","meta":{"footnotes":""},"categories":[55],"tags":[],"class_list":["post-1861","post","type-post","status-publish","format-standard","has-post-thumbnail","hentry","category-wydarzenia"],"publishpress_future_action":{"enabled":false,"date":"2026-05-05 18:35:15","action":"change-status","newStatus":"draft","terms":[],"taxonomy":"category","extraData":[]},"publishpress_future_workflow_manual_trigger":{"enabledWorkflows":[]},"_links":{"self":[{"href":"https:\/\/podkarpacka.iarp.pl\/index.php?rest_route=\/wp\/v2\/posts\/1861","targetHints":{"allow":["GET"]}}],"collection":[{"href":"https:\/\/podkarpacka.iarp.pl\/index.php?rest_route=\/wp\/v2\/posts"}],"about":[{"href":"https:\/\/podkarpacka.iarp.pl\/index.php?rest_route=\/wp\/v2\/types\/post"}],"author":[{"embeddable":true,"href":"https:\/\/podkarpacka.iarp.pl\/index.php?rest_route=\/wp\/v2\/users\/7"}],"replies":[{"embeddable":true,"href":"https:\/\/podkarpacka.iarp.pl\/index.php?rest_route=%2Fwp%2Fv2%2Fcomments&post=1861"}],"version-history":[{"count":3,"href":"https:\/\/podkarpacka.iarp.pl\/index.php?rest_route=\/wp\/v2\/posts\/1861\/revisions"}],"predecessor-version":[{"id":1865,"href":"https:\/\/podkarpacka.iarp.pl\/index.php?rest_route=\/wp\/v2\/posts\/1861\/revisions\/1865"}],"wp:featuredmedia":[{"embeddable":true,"href":"https:\/\/podkarpacka.iarp.pl\/index.php?rest_route=\/wp\/v2\/media\/1862"}],"wp:attachment":[{"href":"https:\/\/podkarpacka.iarp.pl\/index.php?rest_route=%2Fwp%2Fv2%2Fmedia&parent=1861"}],"wp:term":[{"taxonomy":"category","embeddable":true,"href":"https:\/\/podkarpacka.iarp.pl\/index.php?rest_route=%2Fwp%2Fv2%2Fcategories&post=1861"},{"taxonomy":"post_tag","embeddable":true,"href":"https:\/\/podkarpacka.iarp.pl\/index.php?rest_route=%2Fwp%2Fv2%2Ftags&post=1861"}],"curies":[{"name":"wp","href":"https:\/\/api.w.org\/{rel}","templated":true}]}}