{"id":1867,"date":"2017-05-30T00:33:20","date_gmt":"2017-05-29T22:33:20","guid":{"rendered":"http:\/\/podkarpacka.iarp.pl\/?p=1867"},"modified":"2017-05-30T00:33:52","modified_gmt":"2017-05-29T22:33:52","slug":"egzamin-na-uprawnienia-budowlane-2017","status":"publish","type":"post","link":"https:\/\/podkarpacka.iarp.pl\/?p=1867","title":{"rendered":"EGZAMIN NA UPRAWNIENIA BUDOWLANE 2017"},"content":{"rendered":"<p><a href=\"https:\/\/podkarpacka.iarp.pl\/wp-content\/uploads\/2015\/02\/logo-izba-male.png\"><img loading=\"lazy\" decoding=\"async\" class=\"alignleft size-full wp-image-470\" src=\"https:\/\/podkarpacka.iarp.pl\/wp-content\/uploads\/2015\/02\/logo-izba-male.png\" alt=\"logo izba male\" width=\"140\" height=\"80\" \/><\/a><\/p>\n<h2 style=\"margin: 0px 30px 0px; text-align: left;\">EGZAMIN NA UPRAWNIENIA BUDOWLANE W PODKARPACKIEJ OKR\u0118GOWEJ IZBIE ARCHITEKT\u00d3W<\/h2>\n<hr style=\"margin: 10px 0px 25px;\" \/>\n<p>&nbsp;<\/p>\n<p class=\"p1\" style=\"text-align: justify;\"><span class=\"s1\"><strong>Terminy egzamin\u00f3w<\/strong><\/span> na uprawnienia budowlane w specjalno\u015bci architektonicznej<\/p>\n<table style=\"height: 156px;\" width=\"607\">\n<tbody>\n<tr>\n<td width=\"170\">\n<h1 style=\"margin: -10px 0px; text-align: left;\"><span style=\"color: #808080;\"><strong>2017 ROK<\/strong><\/span><\/h1>\n<\/td>\n<td style=\"text-align: center;\" width=\"220\">\n<h5 style=\"margin: -10px 0px;\">TERMIN EGZAMINU<\/h5>\n<\/td>\n<td width=\"220\">\n<h5 style=\"margin: -10px 0px; text-align: center;\">OSTATECZNY TERMIN SK\u0141ADANIA WNIOSK\u00d3W<\/h5>\n<\/td>\n<\/tr>\n<tr>\n<td>\n<h4 style=\"margin: -10px 0px; text-align: left;\">LETNIA SESJA EGZAMINACYJNA<\/h4>\n<\/td>\n<td>\n<h3 style=\"margin: -10px 0px; text-align: center;\">09\u00a0czerwca 2017<\/h3>\n<\/td>\n<td>\n<h3 style=\"margin: -10px 0px; text-align: center;\">09 marca 2017<\/h3>\n<\/td>\n<\/tr>\n<tr>\n<td>\n<h4 style=\"margin: -10px 0px; text-align: left;\">ZIMOWA SESJA EGZAMINACYJNA<\/h4>\n<\/td>\n<td style=\"text-align: center;\">\n<h3 style=\"margin: -10px 0px;\">15\u00a0grudnia 2017<\/h3>\n<\/td>\n<td>\n<h3 style=\"margin: -10px 0px; text-align: center;\">15\u00a0wrze\u015bnia 2017<\/h3>\n<\/td>\n<\/tr>\n<\/tbody>\n<\/table>\n<p>&nbsp;<\/p>\n<p><strong>Od\u00a0<\/strong><strong>25 marca 2016 r.\u00a0<\/strong>\u00a0op\u0142aty za post\u0119powanie kwalifikacyjne o nadanie uprawnie\u0144 budowlanych w specjalno\u015bci architektonicznej, o kt\u00f3rych mowa w artyku\u0142ach poni\u017cej wynosz\u0105 odpowiednio:<\/p>\n<ol>\n<li>art. 14 ust. 3 pkt 1-4 ustawy z dnia 7 lipca 1994 r. \u2013 Prawo budowlane (Dz. U. z 2013 r., poz. 1409 tj. z p\u00f3\u017an. zm.) wynosi:\n<ol>\n<li>z tytu\u0142u kwalifikowania <strong>850 z\u0142otych<\/strong> (osiemset pi\u0119\u0107dziesi\u0105t z\u0142otych 00\/100),<\/li>\n<li>z tytu\u0142u przeprowadzenia egzaminu <strong>850 z\u0142otych<\/strong> (osiemset pi\u0119\u0107dziesi\u0105t z\u0142otych 00\/100),<\/li>\n<li>z tytu\u0142u ponownego przeprowadzenia cz\u0119\u015bci ustnej egzaminu <strong>500 z\u0142otych<\/strong> (pi\u0119\u0107set z\u0142otych 00\/100);<\/li>\n<\/ol>\n<\/li>\n<\/ol>\n<p>&nbsp;<\/p>\n<ol>\n<li>art. 14 ust. 3 pkt 5 i 6 ustawy z dnia 7 lipca 1994 r. \u2013 Prawo budowlane (Dz. U. z 2013 r., poz. 1409 tj. z p\u00f3\u017an. zm.) wynosi:\n<ol>\n<li>z tytu\u0142u kwalifikowania <strong>1250 z\u0142otych<\/strong> (tysi\u0105c dwie\u015bcie pi\u0119\u0107dziesi\u0105t z\u0142otych 00\/100),<\/li>\n<li>z tytu\u0142u przeprowadzenia egzaminu <strong>1250 z\u0142otych<\/strong> (tysi\u0105c dwie\u015bcie pi\u0119\u0107dziesi\u0105t z\u0142otych 00\/100),<\/li>\n<li>z tytu\u0142u ponownego przeprowadzenia cz\u0119\u015bci ustnej egzaminu<strong> 700 z\u0142otych<\/strong> (siedemset z\u0142otych 00\/100).<\/li>\n<\/ol>\n<\/li>\n<\/ol>\n<p>&nbsp;<\/p>\n<p class=\"p2\" style=\"text-align: justify;\">\n","protected":false},"excerpt":{"rendered":"<p>EGZAMIN NA UPRAWNIENIA BUDOWLANE W PODKARPACKIEJ OKR\u0118GOWEJ IZBIE ARCHITEKT\u00d3W &nbsp; Terminy egzamin\u00f3w na uprawnienia budowlane w specjalno\u015bci architektonicznej 2017 ROK TERMIN EGZAMINU OSTATECZNY TERMIN SK\u0141ADANIA WNIOSK\u00d3W LETNIA SESJA EGZAMINACYJNA 09\u00a0czerwca 2017 09 marca 2017 ZIMOWA SESJA EGZAMINACYJNA 15\u00a0grudnia 2017 15\u00a0wrze\u015bnia 2017 &nbsp; Od\u00a025 marca 2016 r.\u00a0\u00a0op\u0142aty za post\u0119powanie kwalifikacyjne o nadanie uprawnie\u0144 budowlanych w specjalno\u015bci [&hellip;]<\/p>\n","protected":false},"author":7,"featured_media":864,"comment_status":"closed","ping_status":"open","sticky":false,"template":"","format":"standard","meta":{"footnotes":""},"categories":[56],"tags":[],"class_list":["post-1867","post","type-post","status-publish","format-standard","has-post-thumbnail","hentry","category-informacje-rady"],"publishpress_future_action":{"enabled":false,"date":"2026-05-08 18:22:51","action":"change-status","newStatus":"draft","terms":[],"taxonomy":"category","extraData":[]},"publishpress_future_workflow_manual_trigger":{"enabledWorkflows":[]},"_links":{"self":[{"href":"https:\/\/podkarpacka.iarp.pl\/index.php?rest_route=\/wp\/v2\/posts\/1867","targetHints":{"allow":["GET"]}}],"collection":[{"href":"https:\/\/podkarpacka.iarp.pl\/index.php?rest_route=\/wp\/v2\/posts"}],"about":[{"href":"https:\/\/podkarpacka.iarp.pl\/index.php?rest_route=\/wp\/v2\/types\/post"}],"author":[{"embeddable":true,"href":"https:\/\/podkarpacka.iarp.pl\/index.php?rest_route=\/wp\/v2\/users\/7"}],"replies":[{"embeddable":true,"href":"https:\/\/podkarpacka.iarp.pl\/index.php?rest_route=%2Fwp%2Fv2%2Fcomments&post=1867"}],"version-history":[{"count":1,"href":"https:\/\/podkarpacka.iarp.pl\/index.php?rest_route=\/wp\/v2\/posts\/1867\/revisions"}],"predecessor-version":[{"id":1868,"href":"https:\/\/podkarpacka.iarp.pl\/index.php?rest_route=\/wp\/v2\/posts\/1867\/revisions\/1868"}],"wp:featuredmedia":[{"embeddable":true,"href":"https:\/\/podkarpacka.iarp.pl\/index.php?rest_route=\/wp\/v2\/media\/864"}],"wp:attachment":[{"href":"https:\/\/podkarpacka.iarp.pl\/index.php?rest_route=%2Fwp%2Fv2%2Fmedia&parent=1867"}],"wp:term":[{"taxonomy":"category","embeddable":true,"href":"https:\/\/podkarpacka.iarp.pl\/index.php?rest_route=%2Fwp%2Fv2%2Fcategories&post=1867"},{"taxonomy":"post_tag","embeddable":true,"href":"https:\/\/podkarpacka.iarp.pl\/index.php?rest_route=%2Fwp%2Fv2%2Ftags&post=1867"}],"curies":[{"name":"wp","href":"https:\/\/api.w.org\/{rel}","templated":true}]}}