{"id":1891,"date":"2017-09-30T17:58:51","date_gmt":"2017-09-30T15:58:51","guid":{"rendered":"http:\/\/podkarpacka.iarp.pl\/?p=1891"},"modified":"2017-10-13T13:38:27","modified_gmt":"2017-10-13T11:38:27","slug":"05-10-2017-walne-zebranie-sprawozdawczo-programowe-sarp-orzeszow","status":"publish","type":"post","link":"https:\/\/podkarpacka.iarp.pl\/?p=1891","title":{"rendered":"05.10.2017 WALNE ZEBRANIE SPRAWOZDAWCZO-PROGRAMOWE SARP O\/RZESZ\u00d3W"},"content":{"rendered":"<p>Zarz\u0105d Oddzia\u0142u SARP w Rzeszowie uprzejmie zawiadamia, \u017ce w dniu<br \/>\n<strong><em><b><i>05 pa\u017adziernika 2017 roku o godz. 16\u00b0\u00b0 odb\u0119dzie si\u0119 Walne Zebranie Sprawozdawczo \u2013 Programowe Oddzia\u0142u Rzeszowskiego SARP<\/i><\/b><\/em><\/strong>.<\/p>\n<p>Obrady toczy\u0107 si\u0119 b\u0119d\u0105 w budynku\u00a0<strong><b>HOTELU RZESZ\u00d3W<\/b><\/strong>\u00a0<strong><b>w Rzeszowie przy\u00a0<\/b><\/strong><strong><b><br \/>\n<\/b><\/strong><strong><b>Al. J. Pi\u0142s<\/b><\/strong><strong><b>udskiego 44 w Sali Kongresow<\/b><\/strong><strong><b>ej \u2013 Poziom II<\/b><\/strong>.<\/p>\n<p>Zebranie zosta\u0142o zwo\u0142ane zgodnie z \u00a7 47 Statutu SARP.<\/p>\n<p>Sprawozdanie urz\u0119duj\u0105cego Zarz\u0105du Oddzia\u0142u i inne materia\u0142y, kt\u00f3re maj\u0105 by\u0107 rozpatrzone przez Zebranie wys\u0142ane b\u0119d\u0105 drog\u0105 elektroniczn\u0105 do Cz\u0142onk\u00f3w Oddzia\u0142u na 14 dni przed terminem Zebrania oraz b\u0119d\u0105 dost\u0119pne w biurze Oddzia\u0142u.<\/p>\n<p>Zapraszaj\u0105c do uczestnictwa w zebraniu, przypominamy Kole\u017cankom i Kolegom, \u017ce uczestnictwo to jest prawem i obowi\u0105zkiem ka\u017cdego cz\u0142onka SARP.<\/p>\n<p>&nbsp;<\/p>\n<p style=\"text-align: right;\">Z wyrazami szacunku<br \/>\nPrezes Oddzia\u0142u SARP<br \/>\narch. Marek Chrobak<\/p>\n","protected":false},"excerpt":{"rendered":"<p>Zarz\u0105d Oddzia\u0142u SARP w Rzeszowie uprzejmie zawiadamia, \u017ce w dniu 05 pa\u017adziernika 2017 roku o godz. 16\u00b0\u00b0 odb\u0119dzie si\u0119 Walne Zebranie Sprawozdawczo \u2013 Programowe Oddzia\u0142u Rzeszowskiego SARP. Obrady toczy\u0107 si\u0119 b\u0119d\u0105 w budynku\u00a0HOTELU RZESZ\u00d3W\u00a0w Rzeszowie przy\u00a0 Al. J. Pi\u0142sudskiego 44 w Sali Kongresowej \u2013 Poziom II. Zebranie zosta\u0142o zwo\u0142ane zgodnie z \u00a7 47 Statutu SARP. [&hellip;]<\/p>\n","protected":false},"author":7,"featured_media":1892,"comment_status":"closed","ping_status":"open","sticky":false,"template":"","format":"standard","meta":{"footnotes":""},"categories":[56],"tags":[],"class_list":["post-1891","post","type-post","status-publish","format-standard","has-post-thumbnail","hentry","category-informacje-rady"],"publishpress_future_action":{"enabled":false,"date":"2026-05-08 17:08:47","action":"change-status","newStatus":"draft","terms":[],"taxonomy":"category","extraData":[]},"publishpress_future_workflow_manual_trigger":{"enabledWorkflows":[]},"_links":{"self":[{"href":"https:\/\/podkarpacka.iarp.pl\/index.php?rest_route=\/wp\/v2\/posts\/1891","targetHints":{"allow":["GET"]}}],"collection":[{"href":"https:\/\/podkarpacka.iarp.pl\/index.php?rest_route=\/wp\/v2\/posts"}],"about":[{"href":"https:\/\/podkarpacka.iarp.pl\/index.php?rest_route=\/wp\/v2\/types\/post"}],"author":[{"embeddable":true,"href":"https:\/\/podkarpacka.iarp.pl\/index.php?rest_route=\/wp\/v2\/users\/7"}],"replies":[{"embeddable":true,"href":"https:\/\/podkarpacka.iarp.pl\/index.php?rest_route=%2Fwp%2Fv2%2Fcomments&post=1891"}],"version-history":[{"count":2,"href":"https:\/\/podkarpacka.iarp.pl\/index.php?rest_route=\/wp\/v2\/posts\/1891\/revisions"}],"predecessor-version":[{"id":1908,"href":"https:\/\/podkarpacka.iarp.pl\/index.php?rest_route=\/wp\/v2\/posts\/1891\/revisions\/1908"}],"wp:featuredmedia":[{"embeddable":true,"href":"https:\/\/podkarpacka.iarp.pl\/index.php?rest_route=\/wp\/v2\/media\/1892"}],"wp:attachment":[{"href":"https:\/\/podkarpacka.iarp.pl\/index.php?rest_route=%2Fwp%2Fv2%2Fmedia&parent=1891"}],"wp:term":[{"taxonomy":"category","embeddable":true,"href":"https:\/\/podkarpacka.iarp.pl\/index.php?rest_route=%2Fwp%2Fv2%2Fcategories&post=1891"},{"taxonomy":"post_tag","embeddable":true,"href":"https:\/\/podkarpacka.iarp.pl\/index.php?rest_route=%2Fwp%2Fv2%2Ftags&post=1891"}],"curies":[{"name":"wp","href":"https:\/\/api.w.org\/{rel}","templated":true}]}}