{"id":1894,"date":"2017-09-30T18:00:52","date_gmt":"2017-09-30T16:00:52","guid":{"rendered":"http:\/\/podkarpacka.iarp.pl\/?p=1894"},"modified":"2017-09-30T18:03:17","modified_gmt":"2017-09-30T16:03:17","slug":"miedzynarodowe-biennale-architektury-krakow-12-13-pazdziernika-2017","status":"publish","type":"post","link":"https:\/\/podkarpacka.iarp.pl\/?p=1894","title":{"rendered":"MI\u0118DZYNARODOWE BIENNALE ARCHITEKTURY KRAK\u00d3W \u2013 12-13 PA\u0179DZIERNIKA 2017"},"content":{"rendered":"<p>Miasto Krak\u00f3w oraz Stowarzyszenie Architekt\u00f3w Polskich odzia\u0142 w Krakowie serdecznie zapraszaj\u0105 do udzia\u0142u w Mi\u0119dzynarodowym Biennale Architektury w Krakowie.<\/p>\n<p>Wydarzenie odb\u0119dzie si\u0119 w <strong>dniach 12-13 pa\u017adziernika 2017 w Centrum Kongresowym ICE w Krakowie.<\/strong><\/p>\n<p>Zapraszamy gor\u0105co do wzi\u0119cia udzia\u0142u w MBA KRK 2017.<\/p>\n<p>R.S.V.P. do dnia 2 pa\u017adziernika 2017<\/p>\n","protected":false},"excerpt":{"rendered":"<p>Miasto Krak\u00f3w oraz Stowarzyszenie Architekt\u00f3w Polskich odzia\u0142 w Krakowie serdecznie zapraszaj\u0105 do udzia\u0142u w Mi\u0119dzynarodowym Biennale Architektury w Krakowie. Wydarzenie odb\u0119dzie si\u0119 w dniach 12-13 pa\u017adziernika 2017 w Centrum Kongresowym ICE w Krakowie. Zapraszamy gor\u0105co do wzi\u0119cia udzia\u0142u w MBA KRK 2017. R.S.V.P. do dnia 2 pa\u017adziernika 2017<\/p>\n","protected":false},"author":7,"featured_media":1895,"comment_status":"closed","ping_status":"open","sticky":false,"template":"","format":"standard","meta":{"footnotes":""},"categories":[55],"tags":[],"class_list":["post-1894","post","type-post","status-publish","format-standard","has-post-thumbnail","hentry","category-wydarzenia"],"publishpress_future_action":{"enabled":false,"date":"2026-05-05 17:04:39","action":"change-status","newStatus":"draft","terms":[],"taxonomy":"category","extraData":[]},"publishpress_future_workflow_manual_trigger":{"enabledWorkflows":[]},"_links":{"self":[{"href":"https:\/\/podkarpacka.iarp.pl\/index.php?rest_route=\/wp\/v2\/posts\/1894","targetHints":{"allow":["GET"]}}],"collection":[{"href":"https:\/\/podkarpacka.iarp.pl\/index.php?rest_route=\/wp\/v2\/posts"}],"about":[{"href":"https:\/\/podkarpacka.iarp.pl\/index.php?rest_route=\/wp\/v2\/types\/post"}],"author":[{"embeddable":true,"href":"https:\/\/podkarpacka.iarp.pl\/index.php?rest_route=\/wp\/v2\/users\/7"}],"replies":[{"embeddable":true,"href":"https:\/\/podkarpacka.iarp.pl\/index.php?rest_route=%2Fwp%2Fv2%2Fcomments&post=1894"}],"version-history":[{"count":1,"href":"https:\/\/podkarpacka.iarp.pl\/index.php?rest_route=\/wp\/v2\/posts\/1894\/revisions"}],"predecessor-version":[{"id":1896,"href":"https:\/\/podkarpacka.iarp.pl\/index.php?rest_route=\/wp\/v2\/posts\/1894\/revisions\/1896"}],"wp:featuredmedia":[{"embeddable":true,"href":"https:\/\/podkarpacka.iarp.pl\/index.php?rest_route=\/wp\/v2\/media\/1895"}],"wp:attachment":[{"href":"https:\/\/podkarpacka.iarp.pl\/index.php?rest_route=%2Fwp%2Fv2%2Fmedia&parent=1894"}],"wp:term":[{"taxonomy":"category","embeddable":true,"href":"https:\/\/podkarpacka.iarp.pl\/index.php?rest_route=%2Fwp%2Fv2%2Fcategories&post=1894"},{"taxonomy":"post_tag","embeddable":true,"href":"https:\/\/podkarpacka.iarp.pl\/index.php?rest_route=%2Fwp%2Fv2%2Ftags&post=1894"}],"curies":[{"name":"wp","href":"https:\/\/api.w.org\/{rel}","templated":true}]}}