{"id":1897,"date":"2017-09-30T18:01:21","date_gmt":"2017-09-30T16:01:21","guid":{"rendered":"http:\/\/podkarpacka.iarp.pl\/?p=1897"},"modified":"2017-09-30T18:03:52","modified_gmt":"2017-09-30T16:03:52","slug":"1897","status":"publish","type":"post","link":"https:\/\/podkarpacka.iarp.pl\/?p=1897","title":{"rendered":"[12.10.2017]  ROBERT SKITEK &#8211; RS+  &#8211; ARCHICZWARTKI"},"content":{"rendered":"<p><img loading=\"lazy\" decoding=\"async\" class=\"size-full wp-image-195 alignleft\" style=\"margin: 15px 15px 0 0;\" src=\"http:\/\/rzeszow.sarp.org.pl\/wp-content\/uploads\/2016\/02\/archiczwartki-1.jpg\" alt=\"archiczwartki\" width=\"249\" height=\"165\" \/><\/p>\n<h4 style=\"text-align: right;\"><strong>SPOTKANIE Z SERII ARCHICZWARTKI<\/strong><br \/>\nBLISKIE SPOTKANIA Z ARCHITEKTUR\u0104<\/h4>\n<hr \/>\n<h5 style=\"text-align: right;\"><strong>Termin: 12-10-2017, 17:00<br \/>\nRzesz\u00f3w, Rynek 1 \u2013 Ratusz (Sala \u201e\u015alub\u00f3w\u201d)<\/strong><\/h5>\n<hr \/>\n<p style=\"text-align: justify;\">W imieniu SARP oddzia\u0142 w Rzeszowie, w ramach bliskich spotka\u0144 z Architektur\u0105 \u201eARCHI \u2013 CZWARTKI\u201d, zapraszamy serdecznie <strong>12 pa\u017adziernika o godz. 17.00 do Ratusza w Rzeszowie<\/strong> na kt\u00f3rym o swojej pracy, \u017cyciu, pasjach \u00a0i projektach opowie nam architekt\u00a0<strong>ROBERT SKITEK<\/strong><\/p>\n<p style=\"text-align: justify;\">Spotykamy si\u0119 w sali \u015blub\u00f3w Ratusza Miejskiego (Rzesz\u00f3w, Rynek 1).<\/p>\n<h3 style=\"text-align: justify;\"><strong>Nasz go\u015b\u0107<\/strong><\/h3>\n<ul>\n<li style=\"text-align: justify;\"><strong>ROBERT SKITEK<\/strong><\/li>\n<li style=\"text-align: justify;\">polski architekt,\u00a0ucz\u0119szcza\u0142 do szko\u0142y \u015bredniej na kierunku renowacja zabytk\u00f3w, wydzia\u0142 architektury uko\u0144czy\u0142 na Politechnice \u015al\u0105skiej w Gliwicach. Jest laureatem wielu konkurs\u00f3w architektonicznych.\u00a0W 2008 roku wyr\u00f3\u017cniony w kategorii M\u0142ody Tw\u00f3rca Architektury. W roku 2015 jego realizacja zdoby\u0142a Grand Prix jako najlepsza przestrze\u0144 publiczna 25-lecia w konkursie &#8220;Najlepsze zmiany przestrzeni publicznej. Zrealizowa\u0142 szeroko omawiane w prasie\u00a0zagospodarowanie wschodniego nabrze\u017ca Paprocan w Tychach.<\/li>\n<li>\n<hr \/>\n<p><strong>RS+<\/strong> Biuro, kt\u00f3rego w\u0142a\u015bcicielem jest Robert Skitek do tej pory realizowa\u0142o niewielkie, ale wyr\u00f3\u017cniaj\u0105ce si\u0119 obiekty: budynki jednorodzinne (\u201edwie stodo\u0142y\u201d w Tychach) wn\u0119trza prywatne i publiczne (USC w Tychach) oraz obiekty publiczne (modernizacja budynku 3LO z lat sze\u015b\u0107dziesi\u0105tych XXw. w Tychach nagrodzona w konkursie &#8220;Architektura Roku Wojew\u00f3dztwa \u015al\u0105skiego 2013\u201d ), a tak\u017ce niewielkie za\u0142o\u017cenia krajobrazowe (wodny plac zabaw w Tychach \u2013 nagroda internaut\u00f3w i wyr\u00f3\u017cnienie w konkursie Najlepsza Przestrze\u0144 Publiczna Wojew\u00f3dztwa \u015al\u0105skiego 2012).<\/li>\n<li><strong>Robert Skitek<\/strong> prowadzi Bloga, &#8220;RS_Blog, czyli po co mi architekt&#8221; kt\u00f3rego pisze, bo wyja\u015bni\u0107, obali\u0107 mity, wreszcie przygotowa\u0107 do wsp\u00f3\u0142pracy z architektem.<\/li>\n<\/ul>\n<hr \/>\n<p>&nbsp;<\/p>\n<p style=\"text-align: justify;\"><strong>\u2013&gt; Zapisy na Wydarzenie \u2013&gt;\u00a0<a href=\"https:\/\/www.facebook.com\/events\/284295665390742\">https:\/\/www.facebook.com\/events\/284295665390742<\/a><\/strong><\/p>\n<hr \/>\n<p style=\"text-align: justify;\"><strong>Po zako\u0144czeniu spotkania zapraszamy do siedziby SARP, Rynek 8 na spotkanie networkingowe z kolegami architektami.<\/strong><\/p>\n<hr \/>\n<p style=\"text-align: justify;\">\u00a0<a href=\"http:\/\/rzeszow.sarp.org.pl\/wp-content\/uploads\/2017\/09\/PLAKAT-ARCHI-CZWARTKI-skitek-a42.jpg\"><img loading=\"lazy\" decoding=\"async\" class=\"aligncenter size-full wp-image-1632\" src=\"http:\/\/rzeszow.sarp.org.pl\/wp-content\/uploads\/2017\/09\/PLAKAT-ARCHI-CZWARTKI-skitek-a42.jpg\" alt=\"\" width=\"1200\" height=\"1745\" \/><\/a><\/p>\n","protected":false},"excerpt":{"rendered":"<p>SPOTKANIE Z SERII ARCHICZWARTKI BLISKIE SPOTKANIA Z ARCHITEKTUR\u0104 Termin: 12-10-2017, 17:00 Rzesz\u00f3w, Rynek 1 \u2013 Ratusz (Sala \u201e\u015alub\u00f3w\u201d) W imieniu SARP oddzia\u0142 w Rzeszowie, w ramach bliskich spotka\u0144 z Architektur\u0105 \u201eARCHI \u2013 CZWARTKI\u201d, zapraszamy serdecznie 12 pa\u017adziernika o godz. 17.00 do Ratusza w Rzeszowie na kt\u00f3rym o swojej pracy, \u017cyciu, pasjach \u00a0i projektach opowie nam [&hellip;]<\/p>\n","protected":false},"author":7,"featured_media":1898,"comment_status":"closed","ping_status":"open","sticky":false,"template":"","format":"standard","meta":{"footnotes":""},"categories":[55],"tags":[],"class_list":["post-1897","post","type-post","status-publish","format-standard","has-post-thumbnail","hentry","category-wydarzenia"],"publishpress_future_action":{"enabled":false,"date":"2026-05-05 20:03:40","action":"change-status","newStatus":"draft","terms":[],"taxonomy":"category","extraData":[]},"publishpress_future_workflow_manual_trigger":{"enabledWorkflows":[]},"_links":{"self":[{"href":"https:\/\/podkarpacka.iarp.pl\/index.php?rest_route=\/wp\/v2\/posts\/1897","targetHints":{"allow":["GET"]}}],"collection":[{"href":"https:\/\/podkarpacka.iarp.pl\/index.php?rest_route=\/wp\/v2\/posts"}],"about":[{"href":"https:\/\/podkarpacka.iarp.pl\/index.php?rest_route=\/wp\/v2\/types\/post"}],"author":[{"embeddable":true,"href":"https:\/\/podkarpacka.iarp.pl\/index.php?rest_route=\/wp\/v2\/users\/7"}],"replies":[{"embeddable":true,"href":"https:\/\/podkarpacka.iarp.pl\/index.php?rest_route=%2Fwp%2Fv2%2Fcomments&post=1897"}],"version-history":[{"count":2,"href":"https:\/\/podkarpacka.iarp.pl\/index.php?rest_route=\/wp\/v2\/posts\/1897\/revisions"}],"predecessor-version":[{"id":1900,"href":"https:\/\/podkarpacka.iarp.pl\/index.php?rest_route=\/wp\/v2\/posts\/1897\/revisions\/1900"}],"wp:featuredmedia":[{"embeddable":true,"href":"https:\/\/podkarpacka.iarp.pl\/index.php?rest_route=\/wp\/v2\/media\/1898"}],"wp:attachment":[{"href":"https:\/\/podkarpacka.iarp.pl\/index.php?rest_route=%2Fwp%2Fv2%2Fmedia&parent=1897"}],"wp:term":[{"taxonomy":"category","embeddable":true,"href":"https:\/\/podkarpacka.iarp.pl\/index.php?rest_route=%2Fwp%2Fv2%2Fcategories&post=1897"},{"taxonomy":"post_tag","embeddable":true,"href":"https:\/\/podkarpacka.iarp.pl\/index.php?rest_route=%2Fwp%2Fv2%2Ftags&post=1897"}],"curies":[{"name":"wp","href":"https:\/\/api.w.org\/{rel}","templated":true}]}}